{"id":226231,"date":"2026-08-30T10:58:09","date_gmt":"2026-08-30T10:58:09","guid":{"rendered":"https:\/\/www.europesays.com\/hu\/226231\/"},"modified":"2026-08-30T10:58:09","modified_gmt":"2026-08-30T10:58:09","slug":"plsek-kozos-megegyezessel-tavozik-az-mtk-budapest-labdarugo-zrt-hivatalos-honlapja","status":"publish","type":"post","link":"https:\/\/www.europesays.com\/hu\/226231\/","title":{"rendered":"Plsek k\u00f6z\u00f6s megegyez\u00e9ssel t\u00e1vozik | Az MTK Budapest Labdar\u00fag\u00f3 Zrt. hivatalos honlapja"},"content":{"rendered":"<p>K\u00f6z\u00f6s megegyez\u00e9ssel szerz\u0151d\u00e9st bontottunk Jakub Plsekkel.<\/p>\n<p>A cseh k\u00f6z\u00e9pp\u00e1ly\u00e1s tavaly \u00e9rkezett klubunkhoz, 20 t\u00e9tm\u00e9rk\u0151z\u00e9sen szerepelt csapatunkban, amelyeken egy g\u00f3lt szerzett \u00e9s n\u00e9gy tal\u00e1latot el\u0151k\u00e9sz\u00edtett. A 32 \u00e9ves j\u00e1t\u00e9kos az idei szezonban m\u00e9g nem l\u00e9pett p\u00e1ly\u00e1ra egy\u00fcttes\u00fcnkben, a l\u00e9gi\u00f3s k\u00f6z\u00f6s megegyez\u00e9ssel t\u00e1vozik klubunkt\u00f3l.<\/p>\n<p>Jakubnak k\u00f6sz\u00f6nj\u00fck a klub\u00e9rt tett szolg\u00e1latait \u00e9s tov\u00e1bbi p\u00e1lyafut\u00e1s\u00e1hoz sok sikert k\u00edv\u00e1nunk!<\/p>\n","protected":false},"excerpt":{"rendered":"K\u00f6z\u00f6s megegyez\u00e9ssel szerz\u0151d\u00e9st bontottunk Jakub Plsekkel. A cseh k\u00f6z\u00e9pp\u00e1ly\u00e1s tavaly \u00e9rkezett klubunkhoz, 20 t\u00e9tm\u00e9rk\u0151z\u00e9sen szerepelt csapatunkban, amelyeken egy&hellip;\n","protected":false},"author":2,"featured_media":226232,"comment_status":"","ping_status":"","sticky":false,"template":"","format":"standard","meta":{"footnotes":"","_share_on_mastodon":"0"},"categories":[22],"tags":[2501,73,378,553,44,42,40,2497,502,2500,43,41,1071,2504,2503,2499,2502,2498],"class_list":["post-226231","post","type-post","status-publish","format-standard","has-post-thumbnail","category-budapest","tag-brull-alfred-akademia","tag-budapest","tag-foci","tag-futball","tag-hu","tag-hungarian","tag-hungary","tag-kekek","tag-labdarugas","tag-labdarugo-akademia","tag-magyar","tag-magyarorszag","tag-mtk-budapest","tag-mtk-focicsapat","tag-mtk-stadion","tag-sandor-karoly","tag-sportegyesulet","tag-uj-hidegkuti-nandor-stadion"],"share_on_mastodon":{"url":"https:\/\/pubeurope.com\/@hu\/117184109412284526","error":""},"_links":{"self":[{"href":"https:\/\/www.europesays.com\/hu\/wp-json\/wp\/v2\/posts\/226231","targetHints":{"allow":["GET"]}}],"collection":[{"href":"https:\/\/www.europesays.com\/hu\/wp-json\/wp\/v2\/posts"}],"about":[{"href":"https:\/\/www.europesays.com\/hu\/wp-json\/wp\/v2\/types\/post"}],"author":[{"embeddable":true,"href":"https:\/\/www.europesays.com\/hu\/wp-json\/wp\/v2\/users\/2"}],"replies":[{"embeddable":true,"href":"https:\/\/www.europesays.com\/hu\/wp-json\/wp\/v2\/comments?post=226231"}],"version-history":[{"count":0,"href":"https:\/\/www.europesays.com\/hu\/wp-json\/wp\/v2\/posts\/226231\/revisions"}],"wp:featuredmedia":[{"embeddable":true,"href":"https:\/\/www.europesays.com\/hu\/wp-json\/wp\/v2\/media\/226232"}],"wp:attachment":[{"href":"https:\/\/www.europesays.com\/hu\/wp-json\/wp\/v2\/media?parent=226231"}],"wp:term":[{"taxonomy":"category","embeddable":true,"href":"https:\/\/www.europesays.com\/hu\/wp-json\/wp\/v2\/categories?post=226231"},{"taxonomy":"post_tag","embeddable":true,"href":"https:\/\/www.europesays.com\/hu\/wp-json\/wp\/v2\/tags?post=226231"}],"curies":[{"name":"wp","href":"https:\/\/api.w.org\/{rel}","templated":true}]}}