{"id":226370,"date":"2026-08-30T13:35:16","date_gmt":"2026-08-30T13:35:16","guid":{"rendered":"https:\/\/www.europesays.com\/hu\/226370\/"},"modified":"2026-08-30T13:35:16","modified_gmt":"2026-08-30T13:35:16","slug":"index-sport-veget-ert-a-tundermese-kadar-laszlot-is-major-nandort-is-vilagklasszis-ellenfel-allitotta-meg-a-hungarian-darts-trophyn","status":"publish","type":"post","link":"https:\/\/www.europesays.com\/hu\/226370\/","title":{"rendered":"Index &#8211; Sport &#8211; V\u00e9get \u00e9rt a t\u00fcnd\u00e9rmese: K\u00e1d\u00e1r L\u00e1szl\u00f3t is Major N\u00e1ndort is vil\u00e1gklasszis ellenf\u00e9l \u00e1ll\u00edtotta meg a Hungarian Darts Trophyn"},"content":{"rendered":"<p>        <img decoding=\"async\" src=\"https:\/\/www.europesays.com\/hu\/wp-content\/uploads\/2026\/08\/51046165_80eca017e9f06a738f5998c66d00f8ee_wm.jpg\" alt=\"PAP 6341\"\/><\/p>\n<p>                <a href=\"https:\/\/index.hu\/szerzo\/meszaros_barnabas\" rel=\"nofollow noopener\" target=\"_blank\"><br \/>\n                        <img decoding=\"async\" class=\"szerzo-kep\" src=\"https:\/\/www.europesays.com\/hu\/wp-content\/uploads\/2026\/08\/1788096913_233_60571995_4479771_c2ccf4232c9ec23dd45a0b9507e7e11b_wm.jpg\" alt=\"M\u00e9sz\u00e1ros Barnab\u00e1s\"\/><br \/>\n                <\/a><\/p>\n<p>\n                A p\u00e9nteken egyar\u00e1nt brav\u00faros gy\u0151zelmet aratott K\u00e1d\u00e1r L\u00e1szl\u00f3 \u00e9s Major N\u00e1ndor szombaton kikapott vil\u00e1gklasszis ellenfel\u00e9t\u0151l, \u00edgy nem jutott nyolcadd\u00f6nt\u0151be az MVM Dome-ban zajl\u00f3 Hungarian Darts Trophyn \u2013 \u00edrja a Magyar T\u00e1virati Iroda.            <\/p>\n<p>K\u00e1d\u00e1r L\u00e1szl\u00f3 az els\u0151 fordul\u00f3ban, <a href=\"https:\/\/index.hu\/sport\/2026\/08\/29\/darts-hungarian-darts-trophy-penteki-jateknap-major-nandor-kadar-laszlo\/\" id=\"hyperlink_212a9b13f2121cb246c6511fd469838c\" target=\"_blank\" title=\"Visszat\u00e9rt a darts Budapestre, k\u00e9t magyart is \u00fcnnepelhetett az MVM Dome n\u00e9pe\" rel=\"nofollow noopener\">p\u00e9nteken<\/a> nagy meglepet\u00e9sre 6\u20135-\u00f6s eredm\u00e9nnyel kiejtette a vil\u00e1granglist\u00e1n harmincadik \u00e9szak\u00edr Daryl Gurneyt, szombaton, a 32 k\u00f6z\u00f6tt pedig a vil\u00e1granglist\u00e1n \u00f6t\u00f6dik walesi Jonny Clayton volt az ellenfele. Ez\u00fattal j\u00f3val nehezebb dolga volt, \u00e9s nem is borult a pap\u00edrforma, Clayton 6\u20133-ra nyert.<\/p>\n<p>Major N\u00e1ndor ugyancsak 6\u20135-re nyert p\u00e9nteken a holland Niels Zonneveld (36.) ellen. Szombat este az id\u00e9n vb-d\u00f6nt\u0151s holland Gian van Veennel (7.) csapott \u00f6ssze, aki ellen nem volt es\u00e9lye. A holland szt\u00e1r 98-as k\u00f6r\u00e1tlagot produk\u00e1lt \u00e9s szinte t\u00f6k\u00e9letesen kisz\u00e1ll\u00f3zott, \u00edgy 6\u20130-\u00e1s sikerrel jutott tov\u00e1bb.<\/p>\n<p>A vil\u00e1g legjobb j\u00e1t\u00e9kosait t\u00f6m\u00f6r\u00edt\u0151 PDC szervezet European Tour-sorozat\u00e1ba tartoz\u00f3 viadalon a vil\u00e1gels\u0151 Luke Littlert lesz\u00e1m\u00edtva szinte minden vil\u00e1gszt\u00e1rt l\u00e1thatja a hazai k\u00f6z\u00f6ns\u00e9g. Sz\u00ednpadra l\u00e9p t\u00f6bbek k\u00f6z\u00f6tt Michael van Gerwen, Stephen Bunting, Nathan Aspinall, Gary Anderson \u00e9s Luke Humphries is.<\/p>\n<p>\n                          (Bor\u00edt\u00f3k\u00e9p: Major N\u00e1ndor 2023. szeptember 9-\u00e9n. Fot\u00f3: Papajcsik P\u00e9ter \/ Index)\n                        <\/p>\n<p><a href=\"https:\/\/dex.hu\/x.php?id=googlepref_desktop&amp;url=https:\/\/google.com\/preferences\/source?q=https:\/\/index.hu\" class=\"google-pref-banner \" id=\"googlePrefBanner\" rel=\"nofollow noopener\" target=\"_blank\"><\/p>\n<p>    Itt \u00e1ll\u00edtsa be, hogy az Index az els\u0151k k\u00f6z\u00f6tt legyen a Google-tal\u00e1latokban!<\/p>\n<p><\/a><\/p>\n<p>                <a href=\"https:\/\/konyvek.index.hu\/\" target=\"_blank\" rel=\"nofollow noopener\"><br \/>\n                <img decoding=\"async\" src=\"https:\/\/index.hu\/assets\/images\/konyvajanlo\/book_indapress\/book_indapress_logo.svg\" loading=\"lazy\" alt=\"Inda Press Kiad\u00f3\"\/><br \/>\n                <\/a><\/p>\n<p>                <img decoding=\"async\" src=\"https:\/\/www.europesays.com\/hu\/wp-content\/uploads\/2026\/08\/1788096914_801_penges.png\" loading=\"lazy\" alt=\"Peng\u00e9s megold\u00e1s\"\/><\/p>\n<p>Most megtudhatod, hogyan lehetsz te is dartsversenyz\u0151! <\/p>\n<p>                <a class=\"book_index_btn\" href=\"https:\/\/indexadhu.hit.gemius.pl\/hitredir?id=nSCbubuYpDWJZLZs0TssLrbt33Lk5kbipuiZrkg89G3.g7&amp;stparam=rmjgipmtnj&amp;fastid=kqugmkjdcufqjwhsazqqdjoyrclz&amp;nc=0&amp;url=https:\/\/www.indapresskiado.hu\/products\/penges-megoldas?_pos=1&amp;_psq=peng%C3%A9s&amp;_ss=e&amp;_v=1.0\" target=\"_blank\" rel=\"nofollow noopener\">MEGVESZEM<\/a><\/p>\n<p>    <img decoding=\"async\" src=\"https:\/\/www.europesays.com\/hu\/wp-content\/uploads\/2026\/08\/1788096916_498_redot.gif\"\/><\/p>\n<p>    <img decoding=\"async\" src=\"https:\/\/index.hu\/assets\/images\/social-follow\/logo-big.svg\" alt=\"Index.hu logo\"\/><\/p>\n<p>K\u00f6vesse az Indexet Facebookon is!<\/p>\n<p>    <a href=\"https:\/\/facebook.com\/Indexhu\" target=\"_blank\" rel=\"nofollow noopener\"><\/p>\n<p>        K\u00f6vetem!<br \/>\n    <\/a><\/p>\n","protected":false},"excerpt":{"rendered":"A p\u00e9nteken egyar\u00e1nt brav\u00faros gy\u0151zelmet aratott K\u00e1d\u00e1r L\u00e1szl\u00f3 \u00e9s Major N\u00e1ndor szombaton kikapott vil\u00e1gklasszis ellenfel\u00e9t\u0151l, \u00edgy nem jutott&hellip;\n","protected":false},"author":2,"featured_media":226371,"comment_status":"","ping_status":"","sticky":false,"template":"","format":"standard","meta":{"footnotes":"","_share_on_mastodon":"0"},"categories":[33],"tags":[4445,38,60310,35,37,44,42,53871,40,60309,53875,43,41,53874,34,45,36,39],"class_list":["post-226370","post","type-post","status-publish","format-standard","has-post-thumbnail","category-hirek","tag-darts","tag-focimek","tag-gian-van-veen","tag-headlines","tag-hirek","tag-hu","tag-hungarian","tag-hungarian-darts-trophy","tag-hungary","tag-johnny-clayton","tag-kadar-laszlo","tag-magyar","tag-magyarorszag","tag-major-nandor","tag-news","tag-sport","tag-top-stories","tag-vezeto-hirek"],"share_on_mastodon":{"url":"https:\/\/pubeurope.com\/@hu\/117184726923559386","error":""},"_links":{"self":[{"href":"https:\/\/www.europesays.com\/hu\/wp-json\/wp\/v2\/posts\/226370","targetHints":{"allow":["GET"]}}],"collection":[{"href":"https:\/\/www.europesays.com\/hu\/wp-json\/wp\/v2\/posts"}],"about":[{"href":"https:\/\/www.europesays.com\/hu\/wp-json\/wp\/v2\/types\/post"}],"author":[{"embeddable":true,"href":"https:\/\/www.europesays.com\/hu\/wp-json\/wp\/v2\/users\/2"}],"replies":[{"embeddable":true,"href":"https:\/\/www.europesays.com\/hu\/wp-json\/wp\/v2\/comments?post=226370"}],"version-history":[{"count":0,"href":"https:\/\/www.europesays.com\/hu\/wp-json\/wp\/v2\/posts\/226370\/revisions"}],"wp:featuredmedia":[{"embeddable":true,"href":"https:\/\/www.europesays.com\/hu\/wp-json\/wp\/v2\/media\/226371"}],"wp:attachment":[{"href":"https:\/\/www.europesays.com\/hu\/wp-json\/wp\/v2\/media?parent=226370"}],"wp:term":[{"taxonomy":"category","embeddable":true,"href":"https:\/\/www.europesays.com\/hu\/wp-json\/wp\/v2\/categories?post=226370"},{"taxonomy":"post_tag","embeddable":true,"href":"https:\/\/www.europesays.com\/hu\/wp-json\/wp\/v2\/tags?post=226370"}],"curies":[{"name":"wp","href":"https:\/\/api.w.org\/{rel}","templated":true}]}}