{"id":226469,"date":"2026-08-30T15:14:10","date_gmt":"2026-08-30T15:14:10","guid":{"rendered":"https:\/\/www.europesays.com\/hu\/226469\/"},"modified":"2026-08-30T15:14:10","modified_gmt":"2026-08-30T15:14:10","slug":"eletstilus-perceken-mult-1600-nepali-kozepiskolas-elete-jol-dontott-az-igazgato","status":"publish","type":"post","link":"https:\/\/www.europesays.com\/hu\/226469\/","title":{"rendered":"\u00c9let+St\u00edlus: Perceken m\u00falt 1600 nep\u00e1li k\u00f6z\u00e9piskol\u00e1s \u00e9lete, j\u00f3l d\u00f6nt\u00f6tt az igazgat\u00f3"},"content":{"rendered":"<p>900 k\u00f6z\u00e9piskol\u00e1s \u00e9let\u00e9t \u00f3vta meg igazgat\u00f3juk l\u00e9lekjelenl\u00e9te, aki percekkel a nep\u00e1li vill\u00e1m\u00e1rv\u00edz el\u0151tt rendelte el az iskola ki\u00fcr\u00edt\u00e9s\u00e9t, \u00e9s a tanul\u00f3kat magasabb ter\u00fcletre k\u00fcldte \u2013 <a href=\"https:\/\/www.bbc.com\/news\/live\/cwrk34rzx3z2t?post=asset%3A86499a90-6179-4797-b998-28f1496b098b#post\" target=\"_blank\" rel=\"nofollow noopener\">jelentette<\/a> a BBC. <\/p>\n<p>Radzsendra Davadit, a Nuwakotban tal\u00e1lhat\u00f3 Tribhuvan Trishuli K\u00f6z\u00e9piskola igazgat\u00f3j\u00e1t perceken bel\u00fcl n\u00e9gy ismer\u0151se is figyelmeztette telefonon a k\u00f6zelg\u0151 \u00e1radatra, az igazgat\u00f3 emellett arr\u00f3l is h\u00edrt kapott, hogy a feljebb fekv\u0151 Betrawatit elmosta az \u00e1r.\u00a0<\/p>\n<p>Nem teket\u00f3ri\u00e1zott h\u00e1t. \u201e\u00dagy d\u00f6nt\u00f6ttem, nem halogatok. M\u00e9g ha nem is j\u00f6n az \u00e1radat, akkor is csak legfeljebb kiesik n\u00e9h\u00e1ny tan\u00f3ra.\u201d Az igazgat\u00f3, mik\u00f6zben a k\u00f6rnyez\u0151 hegyoldalra h\u00e1gott fel a di\u00e1kokkal, m\u00e9g l\u00e1thatta, hogy a fol\u00f3t\u00f3l sz\u00e1z m\u00e9terre fekv\u0151 koll\u00e9gium \u00e9p\u00fclet\u00e9t elbor\u00edtja a v\u00edz.\u00a0<\/p>\n<p>Az iskol\u00e1ban t\u00f6bb mint 1600 di\u00e1k tanult, sokan m\u00e9g \u00faton voltak oda, amikor az igazgat\u00f3 akci\u00f3ba lend\u00fclt, \u00e9s amellett, hogy kicsengetett \u00e9s a tan\u00e1rokat a di\u00e1kok kivezet\u00e9s\u00e9re utas\u00edtotta, sorra h\u00edvogatta az iskolabuszokat, amelyek a t\u00f6bbi 700 tanul\u00f3t hozt\u00e1k. Volt, ami percekkel azel\u0151tt fordult vissza \u00e9s hajtott magasabb ter\u00fcletre, hogy a hidat, amin \u00e1tmentek volna, elsodorta az \u00e1r. A <a href=\"https:\/\/www.thetimes.com\/world\/asia\/article\/teacher-saved-1643-children-from-nepal-flash-floods-dpkq6xqp2\" target=\"_blank\" rel=\"nofollow noopener\">Times<\/a> szerint az igazgat\u00f3 egy szent f\u00fcgebokor t\u00f6v\u00e9ben tal\u00e1lt mened\u00e9ket a hegyoldalon, ahonnan v\u00e9gign\u00e9zhette, ahogy az iskola \u00e9p\u00fclet\u00e9t elmossa az \u00e1radat.<\/p>\n<p> <a href=\"https:\/\/hvg.hu\/zhvg\/20260827_klimavaltozas-arviz-nepal-katasztrofa-kina\" target=\"_self\" rel=\"nofollow noopener\"> <\/p>\n<p>https:\/\/hvg.hu\/zhvg\/20260827_klimavaltozas-arviz-nepal-katasztrofa-kina<\/p>\n<p>Ha csak t\u00edz perccel k\u00e9s\u0151bb d\u00f6nt\u00fcnk, ma sem a di\u00e1kok, sem \u00e9n nem tudn\u00e1nk \u00f6nnel besz\u00e9lgetni<\/p>\n<p>\u2013 mondta a BBC nep\u00e1li tud\u00f3s\u00edt\u00f3inak, akiknek a di\u00e1kokkal is siker\u00fclt p\u00e1r sz\u00f3t v\u00e1ltani. A 16 \u00e9ves Yunisha p\u00e9ld\u00e1ul arr\u00f3l besz\u00e9lt, hogy 10 m\u00e1sodpercen m\u00falott az \u00e9let\u00fck. Egy keskeny, s\u00e1ros utc\u00e1n szaladtak fel a hegyoldalra az iskola m\u00f6g\u00f6tt. \u201eA piacot a szem\u00fcnk l\u00e1tt\u00e1ra, pillanatok alatt elmosta a v\u00edz.\u201d\u00a0<\/p>\n<p>A BBC a nep\u00e1li rend\u0151rs\u00e9g legfrissebb adataira hivatkozva arr\u00f3l \u00edr, hogy 788-ra emelkedett az \u00e1radatban elhunytak sz\u00e1ma, de hozz\u00e1teszik, hogy a nep\u00e1li katasztr\u00f3fav\u00e9delem kor\u00e1bban 752 \u00e1ldozatr\u00f3l adott h\u00edrt.\u00a0<\/p>\n<p>Ek\u00f6zben a tibeti ment\u0151egys\u00e9gek hi\u00e1ba kutatnak, nem igaz\u00e1n tal\u00e1lnak t\u00fal\u00e9l\u0151ket az el\u00e1rasztott telep\u00fcl\u00e9seken. Itt, a katasztr\u00f3fa s\u00fajtotta v\u00f6lgy k\u00ednai oldal\u00e1n 546 embert tartanak nyilv\u00e1n elveszettk\u00e9nt, \u00e9s egyre cs\u00f6kken az es\u00e9lye, hogy \u00e9lve ker\u00fcljenek el\u0151.<\/p>\n<p> <a href=\"https:\/\/hvg.hu\/elet\/20260829_nepal-villamarviz-dramai-video\" target=\"_self\" rel=\"nofollow noopener\"> <\/p>\n<p>https:\/\/hvg.hu\/elet\/20260829_nepal-villamarviz-dramai-video<\/p>\n<p>Nyit\u00f3k\u00e9p\u00fcnk illusztr\u00e1ci\u00f3, helyiek mentenek Bidur telep\u00fcl\u00e9sen. Fot\u00f3: AFP \/ Prabin RANABHAT.<\/p>\n","protected":false},"excerpt":{"rendered":"900 k\u00f6z\u00e9piskol\u00e1s \u00e9let\u00e9t \u00f3vta meg igazgat\u00f3juk l\u00e9lekjelenl\u00e9te, aki percekkel a nep\u00e1li vill\u00e1m\u00e1rv\u00edz el\u0151tt rendelte el az iskola ki\u00fcr\u00edt\u00e9s\u00e9t,&hellip;\n","protected":false},"author":2,"featured_media":226470,"comment_status":"","ping_status":"","sticky":false,"template":"","format":"standard","meta":{"footnotes":"","_share_on_mastodon":"0"},"categories":[8],"tags":[3060,31216,42,43,3777,34,26987,48274,23522,94,44666,93,92],"class_list":["post-226469","post","type-post","status-publish","format-standard","has-post-thumbnail","category-vilag","tag-arviz","tag-himalaja","tag-hungarian","tag-magyar","tag-nepal","tag-news","tag-ozonviz","tag-termeszeti-katasztrofak","tag-tibet","tag-vilag","tag-villamarviz","tag-world","tag-world-news"],"share_on_mastodon":{"url":"https:\/\/pubeurope.com\/@hu\/117185115969762310","error":""},"_links":{"self":[{"href":"https:\/\/www.europesays.com\/hu\/wp-json\/wp\/v2\/posts\/226469","targetHints":{"allow":["GET"]}}],"collection":[{"href":"https:\/\/www.europesays.com\/hu\/wp-json\/wp\/v2\/posts"}],"about":[{"href":"https:\/\/www.europesays.com\/hu\/wp-json\/wp\/v2\/types\/post"}],"author":[{"embeddable":true,"href":"https:\/\/www.europesays.com\/hu\/wp-json\/wp\/v2\/users\/2"}],"replies":[{"embeddable":true,"href":"https:\/\/www.europesays.com\/hu\/wp-json\/wp\/v2\/comments?post=226469"}],"version-history":[{"count":0,"href":"https:\/\/www.europesays.com\/hu\/wp-json\/wp\/v2\/posts\/226469\/revisions"}],"wp:featuredmedia":[{"embeddable":true,"href":"https:\/\/www.europesays.com\/hu\/wp-json\/wp\/v2\/media\/226470"}],"wp:attachment":[{"href":"https:\/\/www.europesays.com\/hu\/wp-json\/wp\/v2\/media?parent=226469"}],"wp:term":[{"taxonomy":"category","embeddable":true,"href":"https:\/\/www.europesays.com\/hu\/wp-json\/wp\/v2\/categories?post=226469"},{"taxonomy":"post_tag","embeddable":true,"href":"https:\/\/www.europesays.com\/hu\/wp-json\/wp\/v2\/tags?post=226469"}],"curies":[{"name":"wp","href":"https:\/\/api.w.org\/{rel}","templated":true}]}}