{"id":226598,"date":"2026-08-30T17:41:12","date_gmt":"2026-08-30T17:41:12","guid":{"rendered":"https:\/\/www.europesays.com\/hu\/226598\/"},"modified":"2026-08-30T17:41:12","modified_gmt":"2026-08-30T17:41:12","slug":"kult-a-fekete-zaj-olyan-mint-egy-nagy-csalad-csak-idegesito-rokonok-nelkul","status":"publish","type":"post","link":"https:\/\/www.europesays.com\/hu\/226598\/","title":{"rendered":"Kult: A Fekete Zaj olyan, mint egy nagy csal\u00e1d, csak ideges\u00edt\u0151 rokonok n\u00e9lk\u00fcl"},"content":{"rendered":"<p>Harmadik \u00e9ve j\u00e1rok egyhuzamban az egyik legkisebb magyar fesztiv\u00e1lra, az ideivel egy\u00fctt ez volt a negyedik Fekete Zajom. R\u00e9gebben teljesen idegen volt t\u0151lem a fesztiv\u00e1loz\u00e1s gondolata, a Zaj azonban sikeresen lesz\u00e1molt a bennem \u00e9l\u0151 negat\u00edv sztereot\u00edpi\u00e1kkal \u00e9s bebizony\u00edtotta, hogy lehet ezt m\u00e1sk\u00e9nt is csin\u00e1lni. <\/p>\n<p class=\"highlighted\">A m\u00e1trai furazene\u00fcnnep ugyanis az egyik leg\u00e9lhet\u0151bb hazai fesztiv\u00e1l, mivel olyat mer, amit m\u00e1sok nem: tudatosan megmaradni kicsinek.<\/p>\n<p>Az, hogy a profit hajszol\u00e1sa helyett itt a k\u00f6z\u00f6ss\u00e9g \u00e9p\u00edt\u00e9se az els\u0151dleges szempont, m\u00e1r a fesztiv\u00e1l kezdete el\u0151tt is megmutatkozik: aki anyagi helyzete miatt nem engedhetn\u00e9 meg mag\u00e1nak a r\u00e9szv\u00e9telt, az a szoci\u00e1lis t\u00e1mogat\u00e1si p\u00e1ly\u00e1zatuknak k\u00f6sz\u00f6nhet\u0151en ingyen juthat fesztiv\u00e1lb\u00e9rlethez, \u00edgy nem kell lemondania arr\u00f3l, hogy \u00e9l\u0151ben l\u00e1ssa a kedvenc zenekarait, vagy hogy n\u00e9gy napon \u00e1t egy\u00fctt legyen a bar\u00e1taival.<\/p>\n<p> <a href=\"https:\/\/hvg.hu\/kultura\/20240831_Fekete-Zaj-fesztival-riport\" target=\"_self\" rel=\"nofollow noopener\"> <\/p>\n<p>https:\/\/hvg.hu\/kultura\/20240831_Fekete-Zaj-fesztival-riport<\/p>\n<p class=\"highlighted\">Merthogy a Fekete Zaj t\u00e9nyleg olyan, mint egy nagy csal\u00e1d, csak ideges\u00edt\u0151 rokonok n\u00e9lk\u00fcl \u2013 itt mindenki b\u00e1tran lehet fekete b\u00e1r\u00e1ny. <\/p>\n<p>Az esti koncerteken vagy a nappali workshopokon, alkot\u00e1s k\u00f6zben vagy az erd\u0151t j\u00e1rva ugyanazokkal futunk \u00f6ssze, akikkel a D\u00fcrerben, a haj\u00f3n vagy a Kript\u00e1ban bulizunk, mert ugyanazokat a cseppet sem r\u00e1di\u00f3bar\u00e1t zen\u00e9ket hallgatjuk: g\u00f3tok, punkok, hc-s \u00e9s extr\u00e9m metalos arcok idilli egys\u00e9gfrontja alakul meg minden \u00e9vben a Gy\u00f6ngy\u00f6s melletti S\u00e1st\u00f3n, akik nemcsak egym\u00e1s zen\u00e9ire, de az \u00fajdons\u00e1gokra is nyitottak.<\/p>\n<p>Ut\u00f3bbib\u00f3l egy\u00e9bk\u00e9nt sosincs hi\u00e1ny, \u00e9s azok, akik mondjuk, a headliner legend\u00e1s indusztri\u00e1lis zenekar (Front Line Assembly) koncertj\u00e9re j\u00f6ttek, ugyan\u00fagy bizalmat szavaznak egy alig h\u00fasz\u00e9vesekb\u0151l \u00e1ll\u00f3 felt\u00f6rekv\u0151 magyar indie rockzenekar koncertj\u00e9nek is, mert a fesztiv\u00e1l v\u00e1logat\u00e1sa garancia a min\u0151s\u00e9gi \u00e9s izgalmas zenei felfedez\u00e9sekre.<\/p>\n<p><img decoding=\"async\" class=\"wp-block-hvg-custom-image__image\" src=\"https:\/\/www.europesays.com\/hu\/wp-content\/uploads\/2026\/08\/46275519-3b64-4189-9086-8461cae14426.jpg\" data-size=\"https:\/\/www.europesays.com\/hu\/wp-content\/uploads\/2026\/08\/46275519-3b64-4189-9086-8461cae14426.jpg\"\/><\/p>\n<p>Fesztiv\u00e1loz\u00f3k a Fekete Zajon<\/p>\n<p>HVG \/ Cabrera Martin<\/p>\n<p>Ugyanis a Zajon sokszor nem is azok az el\u0151ad\u00f3k ny\u00fajtj\u00e1k a legeml\u00e9kezetesebb koncert\u00e9lm\u00e9nyeket, akiket m\u00e1r r\u00e9g\u00f3ta ismer\u00fcnk \u00e9s v\u00e1runk, hanem azok, akiket nem sokkal el\u0151tte a fesztiv\u00e1lra k\u00e9sz\u00fcl\u0151dve vagy \u00e9ppens\u00e9ggel ott helyben fedez\u00fcnk fel teljesen v\u00e9letlen\u00fcl. Ilyen volt a nyit\u00f3napon a poszt-punkot rappel k\u00f6z\u00f6s nevez\u0151re hoz\u00f3 Berlin Manson is: noha a szlov\u00e1k nyelv\u0171 sz\u00f6vegeket \u2013 a k\u00e9t nyelvben k\u00f6z\u00f6s k\u00e1romkod\u00e1st lesz\u00e1m\u00edtva \u2013 nem \u00e9rtett\u00fck, valahogy m\u00e9gis meg\u00e9rezt\u00fck, mir\u0151l \u00e9nekelhet az egyszerre nagyon d\u00fch\u00f6s \u00e9s v\u00e9gtelen\u00fcl k\u00f6zvetlen frontember\u00fck.<\/p>\n<p>Hazai r\u00e9szr\u0151l az Oaken \u00e9s a Boru egy k\u00fcl\u00f6nleges, erre az alkalomra k\u00e9sz\u00fclt kollabor\u00e1ci\u00f3val rengette meg a fenyveseket m\u00e1r az els\u0151 d\u00e9lut\u00e1non: a k\u00e9t, experiment\u00e1lis poszt-metalban \u00e9s poszt-hardcore-ban d\u00f6ng\u00f6l\u0151 zenekar egyes\u00edtett er\u0151vel, m\u00e1zs\u00e1s s\u00faly\u00fa \u00faj sz\u00e1mokkal \u00e9reztette meg a k\u00f6z\u00f6ns\u00e9g tagjaival a hang hull\u00e1mterm\u00e9szet\u00e9t. A k\u00e9t zenekar vil\u00e1ga \u2013 a szem\u00e9lyi \u00f6sszefon\u00f3d\u00e1soknak is k\u00f6sz\u00f6nhet\u0151en \u2013 organikus m\u00f3don \u00f6tv\u00f6z\u0151d\u00f6tt, a Fekete Zaj koh\u00f3j\u00e1ban mindegyik\u00fck legjobb esszenci\u00e1i forrtak egybe.<\/p>\n<p><img decoding=\"async\" class=\"wp-block-hvg-custom-image__image\" src=\"https:\/\/www.europesays.com\/hu\/wp-content\/uploads\/2026\/08\/b710298a-4a87-4a82-943d-044f2964adfe.jpg\" data-size=\"https:\/\/www.europesays.com\/hu\/wp-content\/uploads\/2026\/08\/b710298a-4a87-4a82-943d-044f2964adfe.jpg\"\/><\/p>\n<p>Oaken x Boru<\/p>\n<p>HVG \/ Cabrera Martin<\/p>\n<p>A fesztiv\u00e1l m\u00e1sodik napj\u00e1ra is jutott hat\u00e1sos bemutatkoz\u00e1s, a k\u00e9t basszusgit\u00e1rossal puszt\u00edt\u00f3, poszt-punkkal be(p\u00f3k)h\u00e1l\u00f3zott okkult doom metalt r\u00e1nk szabad\u00edt\u00f3 olasz Ponte del Diavolo a napf\u00e9nyes d\u00e9lut\u00e1ni id\u0151s\u00e1vban is leszedte mindenki arc\u00e1t, este pedig a szint\u00e9n n\u0151i vok\u00e1llal \u00e9s EBM-es darkos techn\u00f3val t\u00e1mad\u00f3 francia Potochkine d\u00fcb\u00f6rg\u00e9se biztos\u00edtotta az eksztatikus t\u00e1nchoz a talpal\u00e1val\u00f3t.<\/p>\n<p>A magyar sz\u00ednt\u00e9rr\u0151l a szemtelen\u00fcl fiatal \u00e9s meggy\u0151z\u0151en tehets\u00e9ges tagokb\u00f3l \u00e1ll\u00f3 Waiting Room deb\u00fct\u00e1lt a M\u00e1tr\u00e1ban. \u0150szinte \u00e9s \u00e9leter\u0151s rockzen\u00e9j\u00fck egyszerre t\u00e1pl\u00e1lkozik a 70-es \u00e9vek \u0151sforr\u00e1s\u00e1b\u00f3l \u00e9s a noise-os, modern hangz\u00e1sokb\u00f3l, dalaik k\u00e9t nyelven, magyarul \u00e9s angolul is ellen\u00e1llhatatlan lend\u00fclettel t\u00f6rnek utat maguknak \u2013 rem\u00e9lhet\u0151leg ez a zenekarnak is siker\u00fclni fog.<\/p>\n<p>A harmadik napot az Entr\u00f3pia Architekt\u00fara hangrobban\u00e1sa r\u00fagta be: a l\u00e1tsz\u00f3lagos ellent\u00e9teket (\u0151si \u00e9s modern, keleti \u00e9s nyugati) \u00f6nmag\u00e1ban felold\u00f3 zen\u00e9j\u00fckkel a perzsel\u0151 h\u0151kupola alatt is sz\u00e9lesre t\u00e1rt\u00e1k azt a csak r\u00e1juk jellemz\u0151 ritu\u00e1lis kaput, amely minden alkalommal teren \u00e9s id\u0151n \u00e1t\u00edvel\u0151 utaz\u00e1sra invit\u00e1lja a hallgat\u00f3s\u00e1got, megmutatva ez\u00e1ltal, hogy mi\u00e9rt is \u0151k jelenleg a hazai neh\u00e9zzenei szc\u00e9na egyik legk\u00fcl\u00f6nlegesebb sz\u00ednfoltja.<\/p>\n<p>De itt volt m\u00e9g \u00e9s \u00f3ri\u00e1sit ment az elektro-punk Gaspar No\u00e9ja, az arizonai N8NOFACE, akinek one-man-projectje egy hip-hoppal \u00e9s retro vide\u00f3j\u00e1t\u00e9kzen\u00e9vel megfert\u0151z\u00f6tt Suicide benyom\u00e1s\u00e1t keltette. A hipnotikus szaxofonj\u00e1t\u00e9kot meditat\u00edv, keleti hangulattal h\u00e1zas\u00edt\u00f3 jazzmetal form\u00e1ci\u00f3, a londoni Five The Hierophant csukly\u00e1kba burkol\u00f3zva var\u00e1zsolta el k\u00f6z\u00f6ns\u00e9g\u00e9t, m\u00edg a shoegaze-es poszt-rockban utaz\u00f3 sv\u00e9d Oh Hiroshima terepszeml\u00e9t tartott az orsz\u00e1gban okt\u00f3beri budapesti fell\u00e9p\u00e9s\u00fck el\u0151tt.<\/p>\n<p>A z\u00e1r\u00f3napra ugyancsak a v\u00e1ratlan meglepet\u00e9sek tett\u00e9k fel a koron\u00e1t. Az egyik legjobb hangulat\u00fa koncertet az els\u0151 nemzetk\u00f6zi fesztiv\u00e1los fell\u00e9p\u00e9s\u00e9t a Zajon megejt\u0151 brit Hang Linton adta, aki egy sz\u00e1l git\u00e1rral, egy szintivel, t\u00f6m\u00e9ntelen mennyis\u00e9g\u0171 energi\u00e1j\u00e1val \u00e9s ragad\u00f3s j\u00f3kedv\u00e9vel lopta be mag\u00e1t a hallgat\u00f3s\u00e1g sz\u00edv\u00e9be, teljess\u00e9ggel behat\u00e1rolhatatlan, punk, funk, breakbeat \u00e9s pszichedelikus rock k\u00f6zt folyton alakot v\u00e1lt\u00f3 zen\u00e9j\u00e9r\u0151l m\u00e1r nem is besz\u00e9lve.<\/p>\n<p>Hasonl\u00f3an szimpatikus volt a saj\u00e1t meghat\u00e1roz\u00e1suk szerint nu-jazzt j\u00e1tsz\u00f3, k\u00e9t szintetiz\u00e1torossal \u00e9s egy dobossal fel\u00e1ll\u00f3 lengyel instrument\u00e1lis tri\u00f3, az Immortal Onion, akik nem mulasztott\u00e1k el eml\u00e9keztetni a k\u00f6z\u00f6ns\u00e9get a n\u00e9peink k\u00f6zti hagyom\u00e1nyos bar\u00e1ts\u00e1gra, s\u0151t, m\u00e9g a nev\u00fck magyar kiejt\u00e9s\u00e9vel (h\u00e1lh\u00e1t\u00e1tl\u00e1n h\u00e1gym\u00e1h) is megpr\u00f3b\u00e1lkoztak.<\/p>\n<p>A legjobb zenekarn\u00e9v verseny\u00e9t azonban m\u00e9gsem \u0151k, hanem egy hazai indul\u00f3, a csicskakopors\u00f3 nyerte id\u00e9n: a doom metal hamvvedr\u00e9b\u0151l sarjad\u00f3, improvizat\u00edv avantg\u00e1rd zajzen\u00e9j\u00fck olyan s\u00f6t\u00e9t, mint egy temet\u0151 \u00e9jjel, halandzsasz\u00f6vegeik pedig olyan \u00e9rtelmetlenek, mint a hal\u00e1l maga.<\/p>\n<p>A dark hardcore-os poszt-black metal vonalon mozg\u00f3, n\u0151i frontemberes ukr\u00e1n Machukha k\u00f6vette el a fesztiv\u00e1l egyik leger\u0151teljesebb performansz\u00e1t, mik\u00f6zben nem mulasztott\u00e1k el eml\u00e9keztetni k\u00f6z\u00f6ns\u00e9g\u00fcket a sz\u00fcl\u0151haz\u00e1jukban nap mint nap d\u00fal\u00f3 h\u00e1bor\u00fa borzalmaira.<\/p>\n<p>A fesztiv\u00e1l t\u00f6k\u00e9letes lez\u00e1r\u00e1sa volt a magukat transzcendent\u00e1lis black metalk\u00e9nt aposztrof\u00e1l\u00f3 amerikai Liturgy hangversenye, amely a k\u00edm\u00e9letlen, nyers zen\u00e9t egyes\u00edtette az olykor \u00e9teri hangv\u00e9tel\u0171, szakr\u00e1lis hat\u00e1st kelt\u0151 \u00e9nekkel. Koncertj\u00fck v\u00e9g\u00e9vel az addig a sz\u00ednpadra f\u00f3kusz\u00e1l\u00f3 kamera az \u00e9g fel\u00e9 fordult, \u00e9s r\u00e1k\u00f6zel\u00edtett a m\u00e9g mindig el\u00e9gg\u00e9 teli Holdra \u2013 a l\u00e1tv\u00e1nyt a p\u00f3diumra kivet\u00edtve mindenki megcsod\u00e1lhatta, \u00e9s ezzel a k\u00e9ppel t\u00e9rhetett nyugov\u00f3ra a negyedik \u00e9jszak\u00e1n.<\/p>\n<p>Felt\u00e9ve, ha aludni szeretett volna, \u00e9s nem az erd\u0151 melletti r\u00e9ten hajnalig veretni. Az el\u0151z\u0151 \u00e9vekben a s\u00e1st\u00f3i kil\u00e1t\u00f3 l\u00e1b\u00e1n\u00e1l l\u00e9v\u0151 erdei sz\u00ednpadot ugyan \u00e1t kellett helyezni a kil\u00e1t\u00f3 lez\u00e1r\u00e1sa miatt, a helysz\u00ednv\u00e1ltoz\u00e1ssal azonban el\u0151ny\u00f6k is j\u00e1rtak: p\u00e9ld\u00e1ul biztosan nem botlottunk meg t\u00e1nc k\u00f6zben a f\u00e1k ki\u00e1ll\u00f3 gy\u00f6kereiben, az pedig semmivel \u00f6ssze nem hasonl\u00edthat\u00f3 fesztiv\u00e1l\u00e9lm\u00e9nyt k\u00edn\u00e1lt, hogy a csillagos \u00e9g alatt a r\u00e9t v\u00e9g\u00e9ben l\u00e9v\u0151 j\u00e1tsz\u00f3t\u00e9r hint\u00e1j\u00e1r\u00f3l, a leveg\u0151t szelve lehetett r\u00e9v\u00fclni a darkos rave-re.<\/p>\n<p><img decoding=\"async\" class=\"wp-block-hvg-custom-image__image\" src=\"https:\/\/www.europesays.com\/hu\/wp-content\/uploads\/2026\/08\/cec5743a-b1be-42ec-96d1-a9cb134775ea.jpg\" data-size=\"https:\/\/www.europesays.com\/hu\/wp-content\/uploads\/2026\/08\/cec5743a-b1be-42ec-96d1-a9cb134775ea.jpg\"\/><\/p>\n<p>A s\u00e1st\u00f3i kil\u00e1t\u00f3<\/p>\n<p>HVG \/ Cabrera Martin<\/p>\n<p class=\"highlighted\">Az idegekre j\u00f3t\u00e9konyan hat\u00f3 z\u00f6ld k\u00f6rnyezet, az \u00e1rnyas t\u00f3part \u00e9s a karny\u00fajt\u00e1snyira l\u00e9v\u0151 term\u00e9szet tagadhatatlanul hatalmas vonzereje ennek a fesztiv\u00e1lnak, a legmegnyugtat\u00f3bb \u00e9rz\u00e9s m\u00e9gis a k\u00f6z\u00f6ss\u00e9gb\u0151l \u00e1rad: n\u0151k\u00e9nt, egyed\u00fcl sz\u00f3rakozva sem \u00e9rt itt soha semmilyen negat\u00edv tapasztalat, \u00e9s ak\u00e1rh\u00e1ny l\u00e1nnyal besz\u00e9ltem, mindenki meger\u0151s\u00edtette ezt.<\/p>\n<p>Ez a helyzet, hogy tiszteletben tartj\u00e1k a hat\u00e1raimat, \u00e9s k\u00e9retlen k\u00f6zeled\u00e9sekt\u0151l mentesen, felszabadultan tudjam j\u00f3l \u00e9rezni magam, egy \u00e1tlagos budapesti sz\u00f3rakoz\u00f3helyen vagy egy nagyobb fesztiv\u00e1lon elk\u00e9pzelhetetlen lenne. A Fekete Zajon egy\u00e9bk\u00e9nt a biztons\u00e1g kedv\u00e9\u00e9rt jelen vannak a zaklat\u00e1smentes \u00e9jszakai \u00e9let\u00e9rt l\u00e9trej\u00f6tt kezdem\u00e9nyez\u00e9s, a <a href=\"https:\/\/kozbelepo.hu\/\" target=\"_blank\" rel=\"nofollow noopener\">K\u00f6zbel\u00e9p\u0151<\/a> projekt \u0151rszemei is. Egyik\u00fckkel az utols\u00f3 napon besz\u00e9lgettem, \u00e9s szerencs\u00e9re \u0151 is b\u00e9k\u00e9s, atrocit\u00e1smentes fesztiv\u00e1lr\u00f3l sz\u00e1molt be \u2013 nem volt sz\u00fcks\u00e9g a k\u00f6zbel\u00e9p\u00e9sre.<\/p>\n<p> <a href=\"https:\/\/hvg.hu\/kultura\/20250811_4-nap-zeneterapia-a-hegyek-kozt-ilyen-volt-a-Fekete-Zaj-Fesztival\" target=\"_self\" rel=\"nofollow noopener\"> <\/p>\n<p>https:\/\/hvg.hu\/kultura\/20250811_4-nap-zeneterapia-a-hegyek-kozt-ilyen-volt-a-Fekete-Zaj-Fesztival<\/p>\n","protected":false},"excerpt":{"rendered":"Harmadik \u00e9ve j\u00e1rok egyhuzamban az egyik legkisebb magyar fesztiv\u00e1lra, az ideivel egy\u00fctt ez volt a negyedik Fekete Zajom.&hellip;\n","protected":false},"author":2,"featured_media":226599,"comment_status":"","ping_status":"","sticky":false,"template":"","format":"standard","meta":{"footnotes":"","_share_on_mastodon":"0"},"categories":[21],"tags":[26695,198,9445,137,42803,60345,15630,60347,5969,199,44,42,40,43,41,38720,14443,56728,48518,8679,5435,60348,138,60346,47784,40451],"class_list":["post-226598","post","type-post","status-publish","format-standard","has-post-thumbnail","category-hiressegek","tag-alternativ","tag-celebrities","tag-elektronikus-zene","tag-entertainment","tag-fekete-zaj","tag-fekete-zaj-fesztival","tag-fesztivalok","tag-got","tag-gyongyos","tag-hiressegek","tag-hu","tag-hungarian","tag-hungary","tag-magyar","tag-magyarorszag","tag-matra","tag-metal","tag-posztpunk","tag-punk","tag-riport","tag-rock","tag-sasto","tag-szorakozas","tag-szubkultura","tag-underground","tag-zenei-fesztival"],"share_on_mastodon":{"url":"https:\/\/pubeurope.com\/@hu\/117185694597991510","error":""},"_links":{"self":[{"href":"https:\/\/www.europesays.com\/hu\/wp-json\/wp\/v2\/posts\/226598","targetHints":{"allow":["GET"]}}],"collection":[{"href":"https:\/\/www.europesays.com\/hu\/wp-json\/wp\/v2\/posts"}],"about":[{"href":"https:\/\/www.europesays.com\/hu\/wp-json\/wp\/v2\/types\/post"}],"author":[{"embeddable":true,"href":"https:\/\/www.europesays.com\/hu\/wp-json\/wp\/v2\/users\/2"}],"replies":[{"embeddable":true,"href":"https:\/\/www.europesays.com\/hu\/wp-json\/wp\/v2\/comments?post=226598"}],"version-history":[{"count":0,"href":"https:\/\/www.europesays.com\/hu\/wp-json\/wp\/v2\/posts\/226598\/revisions"}],"wp:featuredmedia":[{"embeddable":true,"href":"https:\/\/www.europesays.com\/hu\/wp-json\/wp\/v2\/media\/226599"}],"wp:attachment":[{"href":"https:\/\/www.europesays.com\/hu\/wp-json\/wp\/v2\/media?parent=226598"}],"wp:term":[{"taxonomy":"category","embeddable":true,"href":"https:\/\/www.europesays.com\/hu\/wp-json\/wp\/v2\/categories?post=226598"},{"taxonomy":"post_tag","embeddable":true,"href":"https:\/\/www.europesays.com\/hu\/wp-json\/wp\/v2\/tags?post=226598"}],"curies":[{"name":"wp","href":"https:\/\/api.w.org\/{rel}","templated":true}]}}