{"id":226662,"date":"2026-08-30T18:47:08","date_gmt":"2026-08-30T18:47:08","guid":{"rendered":"https:\/\/www.europesays.com\/hu\/226662\/"},"modified":"2026-08-30T18:47:08","modified_gmt":"2026-08-30T18:47:08","slug":"oriasi-a-felhaborodas-drasztikus-tiltas-jon-az-e-rollerekre-sokan-mar-aruljak-a-draga-jarmuvet","status":"publish","type":"post","link":"https:\/\/www.europesays.com\/hu\/226662\/","title":{"rendered":"\u00d3ri\u00e1si a felh\u00e1borod\u00e1s: drasztikus tilt\u00e1s j\u00f6n az e-rollerekre, sokan m\u00e1r \u00e1rulj\u00e1k a dr\u00e1ga j\u00e1rm\u0171vet"},"content":{"rendered":"<p data-alignment=\"left\" class=\"text-left\" data-block-key=\"76yl1\">Szeptember 1-j\u00e9t\u0151l tilos lesz a k\u00f6z\u00fati forgalomban \u2013 \u00edgy a ker\u00e9kp\u00e1rutakon is \u2013 haszn\u00e1lni azokat az elektromos rollereket, amelyek 25 kilom\u00e9ter\/\u00f3r\u00e1n\u00e1l nagyobb sebess\u00e9gre k\u00e9pesek, emellett az \u00fcl\u0151hellyel felszerelt modelleket is kiz\u00e1rj\u00e1k.<\/p>\n<p data-alignment=\"left\" class=\"text-left\" data-block-key=\"27oav\">Az \u00e9rintettek szerint az \u00e1llam olyan eszk\u00f6z\u00f6k haszn\u00e1lat\u00e1t k\u00e9sz\u00fcl korl\u00e1tozni, amelyeket \u0151k teljesen leg\u00e1lisan v\u00e1s\u00e1roltak meg. Egyesek r\u00e1ad\u00e1sul t\u00f6bb ezer eur\u00f3t fizettek \u00e9rt\u00fck \u2013 \u00edrta a a szomsz\u00e9dos <a href=\"https:\/\/parameter.sk\/1376766\/nehany-nap-mulva-szamuznek-az-utakrol-bizonyos-rollertipusokat-a-tulajdonosok-haborognak\/\" target=\"_blank\" rel=\" noopener noreferrer nofollow\">parameter.sk<\/a>.<\/p>\n<p>  <a rel=\"noopener nofollow\" href=\"https:\/\/indamediasales.hu\/2019\/06\/25\/quality_placement_minosegbiztositasi_tajekoztato_728\" target=\"_blank\" class=\"flex items-center\"><\/p>\n<p>      <img loading=\"lazy\" decoding=\"async\" src=\"https:\/\/www.economx.hu\/neon\/static\/images\/brand\/quality_placement_logo.svg\" alt=\"Quality Placement\" width=\"150\" height=\"15\"\/><\/p>\n<p>  <\/a><\/p>\n<p>\n  hirdet\u00e9s<\/p>\n<p>    X<\/p>\n<p data-alignment=\"left\" class=\"text-left\" data-block-key=\"1pfjb\">\u201eF\u00f6ldutakon, r\u00e9teken. L\u00e9nyeg\u00e9ben minden\u00fctt lehet haszn\u00e1lni azokat, ami nem tartozik a hivatalos k\u00f6z\u00fati forgalomhoz\u201d \u2013 magyar\u00e1zta Jozef Kuri\u013e\u00e1k az elektromos rollerek szak\u00e9rt\u0151je.<\/p>\n<p data-alignment=\"left\" class=\"text-left\" data-block-key=\"9o0p2\">Csakhogy emberek ezrei nem ilyen c\u00e9lra v\u00e1s\u00e1rolt\u00e1k ezeket az eszk\u00f6z\u00f6ket, ez\u00e9rt nem \u00e9rtik, az \u00e1llam mi\u00e9rt nem szab\u00e1lyozta m\u00e1r kor\u00e1bban az ilyen j\u00e1rm\u0171vek \u00e9rt\u00e9kes\u00edt\u00e9s\u00e9t, \u00edrja a <a href=\"https:\/\/tnlive.sk\/domace\/clanok\/1048016-o-par-dni-koncia-doteraz-sa-vsak-mohli-predavat-majitelia-elektrokolobeziek-maju-pre-stat-navrh\" target=\"_blank\" rel=\" noopener noreferrer nofollow\">tnlive.sk<\/a>.<\/p>\n<p data-alignment=\"left\" class=\"text-left\" data-block-key=\"50u2m\">A hirdet\u00e9si port\u00e1lokon jelenleg rengeteg elad\u00f3 elektromos roller tal\u00e1lhat\u00f3. A tulajdonosok egy r\u00e9sze r\u00e1ad\u00e1sul diszkriminat\u00edvnak tartja a tilt\u00e1st m\u00e1s j\u00e1rm\u0171vek szab\u00e1lyoz\u00e1s\u00e1hoz k\u00e9pest.<\/p>\n<p data-alignment=\"left\" class=\"text-left\" data-block-key=\"5kqhi\">\u201eA k\u00f6z\u00fati k\u00f6zleked\u00e9sben 130 kilom\u00e9ter\/\u00f3r\u00e1n\u00e1l gyorsabban nem szabad haladni, m\u00e9gis olyan aut\u00f3k \u00e9s motorker\u00e9kp\u00e1rok k\u00f6zlekednek az utakon, amelyek ak\u00e1r 200 kilom\u00e9ter\/\u00f3r\u00e1s sebess\u00e9gre is k\u00e9pesek, m\u00e9gsem tiltj\u00e1k be \u0151ket\u201d \u2013 mondta egy nagy teljes\u00edtm\u00e9ny\u0171 elektromos roller tulajdonosa.<\/p>\n<p data-alignment=\"left\" class=\"text-left\" data-block-key=\"50u2m\">A t\u00f6rv\u00e9nym\u00f3dos\u00edt\u00e1st kidolgoz\u00f3 bel\u00fcgyminiszt\u00e9rium visszautas\u00edtja a kritik\u00e1t.<\/p>\n<p data-alignment=\"left\" class=\"text-left\" data-block-key=\"c04vl\">A t\u00e1rca szerint szeptember 1-j\u00e9t\u0151l val\u00f3j\u00e1ban sem a tulajdonjogot \u00e9rint\u0151 <a href=\"https:\/\/www.economx.hu\/gazdasag\/2026\/08\/07\/elektromos-roller-motorkerekpar-agyserules-kockazat\/\" target=\"_blank\" rel=\" noopener noreferrer nofollow\">beavatkoz\u00e1s<\/a>, sem \u00faj korl\u00e1toz\u00e1s nem l\u00e9p \u00e9letbe ezen a ter\u00fcleten.<\/p>\n<p data-alignment=\"left\" class=\"text-left\" data-block-key=\"b9csj\">\u201eAz ilyen seg\u00e9dmotorral felszerelt rollerek haszn\u00e1lata a k\u00f6z\u00fati forgalomban m\u00e1r \u00e9vek \u00f3ta tilos, vagyis illeg\u00e1lis. Jelenleg ezt a tilalmat a k\u00f6zleked\u00e9si miniszt\u00e9rium j\u00e1rm\u0171vek m\u0171szaki alkalmass\u00e1g\u00e1ra vonatkoz\u00f3 el\u0151\u00edr\u00e1sai szab\u00e1lyozz\u00e1k. Szeptember 1-j\u00e9t\u0151l azonban m\u00e1r a k\u00f6z\u00fati k\u00f6zleked\u00e9sr\u0151l sz\u00f3l\u00f3 t\u00f6rv\u00e9nyben is szerepelni fog, \u00e9s a megfelel\u0151 szankci\u00f3kat is hozz\u00e1rendelik\u201d \u2013 k\u00f6z\u00f6lte Matej Neumann, a bel\u00fcgyminiszt\u00e9rium sz\u00f3viv\u0151je.<\/p>\n<p data-alignment=\"left\" class=\"text-left\" data-block-key=\"fr6a6\">A nagy teljes\u00edtm\u00e9ny\u0171 elektromos rollerek tulajdonosai a teljes tilt\u00e1s helyett ink\u00e1bb azt szeretn\u00e9k, ha az \u00e1llam p\u00e9ld\u00e1ul k\u00f6telez\u0151 vezet\u0151i enged\u00e9lyhez vagy als\u00f3 korhat\u00e1rhoz k\u00f6tn\u00e9 a <a href=\"https:\/\/www.economx.hu\/gazdasag\/2026\/08\/23\/e-roller-kozlekedes-kresz-szakerto\/\" target=\"_blank\" rel=\" noopener noreferrer nofollow\" data-link-preview=\"true\" data-og-title=\"J\u00e1rd\u00e1n vagy \u00faton? Komoly dilemm\u00e1t vetett fel a rolleresek miatt a szak\u00e9rt\u0151\" data-og-description=\"A jelenlegi KRESZ szerint az elektromos rollerek j\u00e1rm\u0171nek sz\u00e1m\u00edtanak, ez\u00e9rt j\u00e1rd\u00e1n k\u00f6zlekedni vel\u00fck elvileg nem lehet. Major R\u00f3bert szerint azonban az \u00faj szab\u00e1lyoz\u00e1sn\u00e1l azt is figyelembe kellene venni, hogy egyes helyzetekben \u00e9ppen a j\u00e1rda jelenthet nagyobb biztons\u00e1got a rolleres sz\u00e1m\u00e1ra, ez\u00e9rt rugalmasabb rendelkez\u00e9sekre lenne sz\u00fcks\u00e9g.\" data-og-image=\"https:\/\/www.economx.hu\/neon\/media\/images\/GettyImages-2274703329.format-avif.max-600x400.avif\" data-og-image-small=\"https:\/\/www.economx.hu\/neon\/media\/images\/GettyImages-2274703329.format-avif.max-370x278.avif\" data-og-column=\"Gazdas\u00e1g\" data-og-tags=\"[&quot;Gazdas\\u00e1g&quot;, &quot;roller&quot;, &quot;kresz&quot;, &quot;szak\\u00e9rt\\u0151&quot;]\">k\u00f6zleked\u00e9s\u00fcket<\/a>.<\/p>\n<p><a href=\"https:\/\/google.com\/preferences\/source?q=https%3A\/\/www.economx.hu\" rel=\"noopener nofollow\" referrerpolicy=\"no-referrer-when-downgrade\" class=\"!flex !items-center !gap-5 !py-2 !px-3 w-full !rounded-xl !font-bold cursor-pointer !no-underline relative !bg-white !text-[#202124] !border !border-[#858585] dark:!bg-[#323232] dark:!text-white dark:border-none my-4 \" target=\"_blank\"><br \/>\n  <img decoding=\"async\" src=\"https:\/\/www.economx.hu\/neon\/static\/images\/favicons\/google_favicon.svg\" alt=\"Google\" class=\"shrink-0 w-7 h-7\"\/><br \/>\n  \u00c1ll\u00edtsd be, hogy az Economx az els\u0151k k\u00f6z\u00f6tt legyen a Google-tal\u00e1latokban!<\/p>\n<p><\/a><\/p>\n","protected":false},"excerpt":{"rendered":"Szeptember 1-j\u00e9t\u0151l tilos lesz a k\u00f6z\u00fati forgalomban \u2013 \u00edgy a ker\u00e9kp\u00e1rutakon is \u2013 haszn\u00e1lni azokat az elektromos rollereket,&hellip;\n","protected":false},"author":2,"featured_media":226663,"comment_status":"","ping_status":"","sticky":false,"template":"","format":"standard","meta":{"footnotes":"","_share_on_mastodon":"0"},"categories":[8],"tags":[607,42,274,43,34,18910,1050,94,93,92],"class_list":["post-226662","post","type-post","status-publish","format-standard","has-post-thumbnail","category-vilag","tag-betiltas","tag-hungarian","tag-kozlekedes","tag-magyar","tag-news","tag-roller","tag-szlovakia","tag-vilag","tag-world","tag-world-news"],"share_on_mastodon":{"url":"https:\/\/pubeurope.com\/@hu\/117185953368241272","error":""},"_links":{"self":[{"href":"https:\/\/www.europesays.com\/hu\/wp-json\/wp\/v2\/posts\/226662","targetHints":{"allow":["GET"]}}],"collection":[{"href":"https:\/\/www.europesays.com\/hu\/wp-json\/wp\/v2\/posts"}],"about":[{"href":"https:\/\/www.europesays.com\/hu\/wp-json\/wp\/v2\/types\/post"}],"author":[{"embeddable":true,"href":"https:\/\/www.europesays.com\/hu\/wp-json\/wp\/v2\/users\/2"}],"replies":[{"embeddable":true,"href":"https:\/\/www.europesays.com\/hu\/wp-json\/wp\/v2\/comments?post=226662"}],"version-history":[{"count":0,"href":"https:\/\/www.europesays.com\/hu\/wp-json\/wp\/v2\/posts\/226662\/revisions"}],"wp:featuredmedia":[{"embeddable":true,"href":"https:\/\/www.europesays.com\/hu\/wp-json\/wp\/v2\/media\/226663"}],"wp:attachment":[{"href":"https:\/\/www.europesays.com\/hu\/wp-json\/wp\/v2\/media?parent=226662"}],"wp:term":[{"taxonomy":"category","embeddable":true,"href":"https:\/\/www.europesays.com\/hu\/wp-json\/wp\/v2\/categories?post=226662"},{"taxonomy":"post_tag","embeddable":true,"href":"https:\/\/www.europesays.com\/hu\/wp-json\/wp\/v2\/tags?post=226662"}],"curies":[{"name":"wp","href":"https:\/\/api.w.org\/{rel}","templated":true}]}}