{"id":226701,"date":"2026-08-30T19:29:10","date_gmt":"2026-08-30T19:29:10","guid":{"rendered":"https:\/\/www.europesays.com\/hu\/226701\/"},"modified":"2026-08-30T19:29:10","modified_gmt":"2026-08-30T19:29:10","slug":"mennyibol-jon-ki-egy-hosszu-hetvege-horvatorszagban-a-krk-szigeten-es-melyik-programot-nem-erdemes-kihagyni","status":"publish","type":"post","link":"https:\/\/www.europesays.com\/hu\/226701\/","title":{"rendered":"Mennyib\u0151l j\u00f6n ki egy hossz\u00fa h\u00e9tv\u00e9ge Horv\u00e1torsz\u00e1gban, a Krk szigeten, \u00e9s melyik programot nem \u00e9rdemes kihagyni?"},"content":{"rendered":"<p>Tavaly Szlov\u00e9ni\u00e1ban, a Bledi-t\u00f3 mellett z\u00e1rtuk a nyarat, arr\u00f3l az \u00fatr\u00f3l k\u00e9sz\u00fclt <a target=\"_blank\" href=\"https:\/\/24.hu\/tech\/2025\/08\/22\/szlovenia-bled-to-nyaralas-utazas-koltsegek-tanacsado-tippek\/\" rel=\"nofollow noopener\">egy k\u00f6lts\u00e9gekre kihegyezett besz\u00e1mol\u00f3<\/a>, \u00edgy adta mag\u00e1t, hogy az idei horv\u00e1torsz\u00e1gi kalandunk kapcs\u00e1n is sz\u00fclessen \u00f6sszefoglal\u00f3. Cikkemben els\u0151sorban azt mutatom be, nagyj\u00e1b\u00f3l milyen \u00f6sszegekkel kell sz\u00e1molni, bele\u00e9rtve az utaz\u00e1s (benzin, aut\u00f3p\u00e1lyad\u00edj, parkol\u00e1s), a sz\u00e1ll\u00e1s, az \u00e9tkez\u00e9sek (eb\u00e9d, vacsora) \u00e9s a lehets\u00e9ges programok k\u00f6lts\u00e9geit. B\u00e1r ez\u00fattal is csak egy hossz\u00fa h\u00e9tv\u00e9ge (4 nap, 3 \u00e9jszaka) anyagi vonzatait teszem k\u00f6zz\u00e9, de ezekb\u0151l kimatekozhat\u00f3, mennyib\u0151l j\u00f6n ki egy hosszabb nyaral\u00e1s.<\/p>\n<p>A legalapvet\u0151bb k\u00f6lt\u00e9sek mellett kit\u00e9rek tov\u00e1bb\u00e1 arra is, hogy a strandol\u00e1s mellett mivel \u00fcthet\u0151 el az id\u0151, illetve melyik \u2013 fejenk\u00e9nt mind\u00f6ssze 15 ezer forintba ker\u00fcl\u0151 \u2013 program volt az, amit t\u00e9nyleg j\u00f3 sz\u00edvvel aj\u00e1nlok mindenkinek, aki elgondolkodott m\u00e1r azon, hogy a Krk szigetet v\u00e1lasztja a k\u00f6vetkez\u0151 nyaral\u00e1sa c\u00e9lpontj\u00e1ul.<\/p>\n<p>Hol sz\u00e1lltunk meg \u00e9s mennyi\u00e9rt?<\/p>\n","protected":false},"excerpt":{"rendered":"Tavaly Szlov\u00e9ni\u00e1ban, a Bledi-t\u00f3 mellett z\u00e1rtuk a nyarat, arr\u00f3l az \u00fatr\u00f3l k\u00e9sz\u00fclt egy k\u00f6lts\u00e9gekre kihegyezett besz\u00e1mol\u00f3, \u00edgy adta&hellip;\n","protected":false},"author":2,"featured_media":226702,"comment_status":"","ping_status":"","sticky":false,"template":"","format":"standard","meta":{"footnotes":"","_share_on_mastodon":"0"},"categories":[8],"tags":[54,42,18919,60374,43,34,1497,674,94,93,92],"class_list":["post-226701","post","type-post","status-publish","format-standard","has-post-thumbnail","category-vilag","tag-horvatorszag","tag-hungarian","tag-koltsegek","tag-krk-sziget","tag-magyar","tag-news","tag-nyaralas","tag-utazas","tag-vilag","tag-world","tag-world-news"],"share_on_mastodon":{"url":"https:\/\/pubeurope.com\/@hu\/117186118551007087","error":""},"_links":{"self":[{"href":"https:\/\/www.europesays.com\/hu\/wp-json\/wp\/v2\/posts\/226701","targetHints":{"allow":["GET"]}}],"collection":[{"href":"https:\/\/www.europesays.com\/hu\/wp-json\/wp\/v2\/posts"}],"about":[{"href":"https:\/\/www.europesays.com\/hu\/wp-json\/wp\/v2\/types\/post"}],"author":[{"embeddable":true,"href":"https:\/\/www.europesays.com\/hu\/wp-json\/wp\/v2\/users\/2"}],"replies":[{"embeddable":true,"href":"https:\/\/www.europesays.com\/hu\/wp-json\/wp\/v2\/comments?post=226701"}],"version-history":[{"count":0,"href":"https:\/\/www.europesays.com\/hu\/wp-json\/wp\/v2\/posts\/226701\/revisions"}],"wp:featuredmedia":[{"embeddable":true,"href":"https:\/\/www.europesays.com\/hu\/wp-json\/wp\/v2\/media\/226702"}],"wp:attachment":[{"href":"https:\/\/www.europesays.com\/hu\/wp-json\/wp\/v2\/media?parent=226701"}],"wp:term":[{"taxonomy":"category","embeddable":true,"href":"https:\/\/www.europesays.com\/hu\/wp-json\/wp\/v2\/categories?post=226701"},{"taxonomy":"post_tag","embeddable":true,"href":"https:\/\/www.europesays.com\/hu\/wp-json\/wp\/v2\/tags?post=226701"}],"curies":[{"name":"wp","href":"https:\/\/api.w.org\/{rel}","templated":true}]}}