{"id":226734,"date":"2026-08-30T20:22:12","date_gmt":"2026-08-30T20:22:12","guid":{"rendered":"https:\/\/www.europesays.com\/hu\/226734\/"},"modified":"2026-08-30T20:22:12","modified_gmt":"2026-08-30T20:22:12","slug":"index-futball-futball-1126","status":"publish","type":"post","link":"https:\/\/www.europesays.com\/hu\/226734\/","title":{"rendered":"Index &#8211; Futball &#8211; Futball"},"content":{"rendered":"<p>A cs\u00fct\u00f6rt\u00f6k\u00f6n <a href=\"https:\/\/index.hu\/sport\/futball\/2026\/08\/27\/europa-liga-2026-2027-selejtezo-playoffkor-visszavago-ferencvaros-trabzonpor-helyszini-osszefoglalo\/\" id=\"hyperlink_9795327b3829f12a6c21ded29798dceb\" target=\"_blank\" title=\"Nem szakadt meg az \u00e9vsz\u00e1zados sorozat: a Ferencv\u00e1ros ki\u00fct\u00e9ssel jutott az Eur\u00f3pa-liga f\u0151t\u00e1bl\u00e1j\u00e1ra\" data-recommendation=\"bekezdes_utan\" data-recommendation-preview=\"{&quot;og:title&quot;:&quot;Nem szakadt meg az \u00e9vsz\u00e1zados sorozat: a Ferencv\u00e1ros ki\u00fct\u00e9ssel jutott az Eur\u00f3pa-liga f\\u0151t\u00e1bl\u00e1j\u00e1ra&quot;,&quot;og:description&quot;:&quot;Corbu ellen\u00e1llhatatlanul j\u00e1tszott a kett\\u0151s emberh\u00e1tr\u00e1nyban z\u00e1r\u00f3 Szalah\u00e9k ellen.&quot;,&quot;og:image&quot;:&quot;\\\/\\\/kep.cdn.indexvas.hu\\\/1\\\/0\\\/7128\\\/71287\\\/712878\\\/71287803_5256935_ff03d1d08228a0ae8f76a269bd102410_wm.jpg&quot;}\" data-recommendation-id=\"6268769\" rel=\"nofollow noopener\">Eur\u00f3pa-liga-f\u0151t\u00e1bl\u00e1t<\/a> kiharcol\u00f3 Ferencv\u00e1ros vas\u00e1rnap este m\u00e1r Felcs\u00fatra l\u00e1togatott, ahol az NB I-ben listavezet\u0151 Pusk\u00e1s Akad\u00e9mia fogadta a z\u00f6ld-feh\u00e9reket, amely kezd\u0151csapat\u00e1ban csup\u00e1n h\u00e1rom v\u00e1ltoztat\u00e1st eszk\u00f6z\u00f6lt a h\u00e9tk\u00f6zi meccshez k\u00e9pest Borb\u00e9ly Bal\u00e1zs vezet\u0151edz\u0151.<\/p>\n<p>A n\u00e9pligetieket m\u00e1r a 14. percben nagy csap\u00e1s \u00e9rte, Kern Martin szerelte szab\u00e1lyosan Lenny Joseph-et, aki egy szerencs\u00e9tlen mozdulat ut\u00e1n megh\u00fazta a t\u00e9rd\u00e9t. A haiti v\u00e1logatott futballista nem tudta folytatni a j\u00e1t\u00e9kot, hely\u00e9re \u00edgy Lisztes Kriszti\u00e1n \u00e9rkezett.<\/p>\n<p>Az els\u0151 j\u00e1t\u00e9kr\u00e9sz ink\u00e1bb ferencv\u00e1rosi dominanci\u00e1val telt, a tal\u00e1lkoz\u00f3 els\u0151 nagy helyzete pedig \u00e9ppen a cserek\u00e9nt be\u00e1ll\u00f3 Lisztes el\u0151tt ad\u00f3dott a 31. percben, \u00e1m a tizenhatoson bel\u00fcl mag\u00e1t tiszt\u00e1ra cselez\u0151 magyar j\u00e1t\u00e9kos 13 m\u00e9terr\u0151l a bal kapufa mell\u00e9 t\u00fczelt.<\/p>\n<p>Az els\u0151 j\u00e1t\u00e9kr\u00e9szben kilenc kapura l\u00f6v\u00e9sig jutott az FTC, m\u00edg a hazaiak csup\u00e1n egy pr\u00f3b\u00e1lkoz\u00e1st jegyezhettek fel, labdabirtokl\u00e1s ter\u00e9n (64:36) pedig szint\u00e9n Borb\u00e9ly\u00e9k f\u00f6l\u00e9ny\u00e9r\u0151l lehetett besz\u00e9lni.<\/p>\n<p>A m\u00e1sodik f\u00e9lid\u0151ben nem kellett sokat v\u00e1rni a meg\u00e9rdemelt vend\u00e9g g\u00f3lra. Daniel Arzani bal oldali bead\u00e1s\u00e1ra Kristoffer Zachariassen \u00e9rkezett remek \u00fctemben, aki Wojciech Goll\u00e1t megel\u0151zve a kapu jobb oldal\u00e1ba fejelt nyolc m\u00e9terr\u0151l az 53. percben (0\u20131).<\/p>\n<p>De nem \u00f6r\u00fclhettek sok\u00e1ig a domin\u00e1ns futballt j\u00e1tsz\u00f3 n\u00e9pligetiek, a\u00a0Laros Duarte be\u00edvel\u00e9s\u00e9re \u00e9rkez\u0151 Georgij Harutjunjan el\u0151l Dibusz D\u00e9nes \u00e9rkezett ki\u00fctni a labd\u00e1t, \u00e1m az egyik v\u00e9d\u0151je megzavarta a Fradi kapus\u00e1t, \u00edgy a felszabad\u00edt\u00e1s r\u00f6vidre siker\u00fclt, a Pusk\u00e1s Akad\u00e9mia \u00f6rm\u00e9ny j\u00e1t\u00e9kosa \u00edgy a kapu ir\u00e1ny\u00e1ba emelte a labd\u00e1t, amit m\u00e1r senki nem tudott el\u00e9rni a vend\u00e9gek v\u00e9d\u0151i k\u00f6z\u00fcl az 58. percben\u00a0(1\u20131).<\/p>\n<p>De nem lass\u00edtott az FTC, n\u00e9h\u00e1ny perccel k\u00e9s\u0151bb Yusuf kapott labd\u00e1t a jobb sz\u00e9len, aki a tizenhatoson bel\u00fclre t\u00f6rve a k\u00f6z\u00e9pen \u00e9rkez\u0151 Liszteshez passzolt laposan, a 21 \u00e9ves j\u00e1t\u00e9kos pedig nem hib\u00e1zott az \u00f6t\u00f6s k\u00f6rny\u00e9k\u00e9r\u0151l, \u00e9s a kapu bal oldal\u00e1ba l\u0151tt\u00a0(1\u20132).<\/p>\n<p>A tal\u00e1lkoz\u00f3 h\u00e1tral\u00e9v\u0151 r\u00e9sz\u00e9ben is a f\u0151v\u00e1rosiak birtokolt\u00e1k t\u00f6bbet labd\u00e1t, amely meg is hozta gy\u00fcm\u00f6lcs\u00e9t. A 78. percben egy vend\u00e9g akci\u00f3 k\u00f6zben Nagy Zsolt r\u00fagott oda Yusufnak a tizenhatoson bel\u00fcl, ami ut\u00e1n b\u00fcntet\u0151t \u00edt\u00e9lt a j\u00e1t\u00e9kvezet\u0151.\u00a0A labda m\u00f6g\u00e9 \u00e1ll\u00f3 Toon Raemaekers azonban rosszul helyezve, k\u00f6z\u00e9pmagasan enyh\u00e9n balra l\u0151tte a tizenegyest, amit \u00edgy k\u00f6nnyed\u00e9n h\u00e1r\u00edtott Lehoczki Bendg\u00faz.<\/p>\n<p>De m\u00e9g maradt izgalom a meccsben. A 91. percben\u00a0Soisalo pr\u00f3b\u00e1lkozott egy bead\u00e1si k\u00eds\u00e9rlettel, ami ugyan m\u00e9g lev\u00e1g\u00f3dott, Farkas \u00edvel\u00e9se m\u00e1r pontos volt, amelyet a k\u00f6z\u00e9pen \u00e9rkez\u0151 Lamin\u00a0Colley \u00f6t m\u00e9terr\u0151l a kapu oldal\u00e1ba fejelt. Igen \u00e1m, de hossz\u00fa vide\u00f3z\u00e1s ut\u00e1n kider\u00fclt, Soisalo lesen volt, \u00e9s hi\u00e1ba ker\u00fclt a ferencv\u00e1rosi Keit\u00e1r\u00f3l a finn j\u00e1t\u00e9kos el\u00e9 a labda, mivel nem volt kontroll\u00e1lt a k\u00f6z\u00e9pp\u00e1ly\u00e1s mozdulata, \u00edgy szab\u00e1lytalannak min\u0151s\u00fclt az akci\u00f3.<\/p>\n<p>Ezzel a domin\u00e1ns futballt mutat\u00f3, \u00f6sszesen 16 kapura l\u00f6v\u00e9sig jut\u00f3 Ferencv\u00e1ros \u00f6r\u00fclhetett a h\u00e1rmas s\u00edpsz\u00f3 ut\u00e1n, amely n\u00e9gy meccs ut\u00e1n h\u00e9t szerzett ponttal a hetedik helyen \u00e1ll az NB I-ben.<\/p>\n<p>Nem v\u00e1r egyszer\u0171 h\u00e9t a z\u00f6ld-feh\u00e9rekre, cs\u00fct\u00f6rt\u00f6k\u00f6n a c\u00edmv\u00e9d\u0151 Gy\u0151rh\u00f6z l\u00e1togatnak, m\u00edg vas\u00e1rnap a tabell\u00e1n jelenleg m\u00e1sodik \u00dajpest elleni derbi k\u00f6vetkezik a Groupama Ar\u00e9n\u00e1ban.<\/p>\n<p>                        Labdar\u00fag\u00f3 NB I, 6. fordul\u00f3<\/p>\n<p>\n                          vas\u00e1rnap:\n                        <\/p>\n<p>(Bor\u00edt\u00f3k\u00e9p: Marius Dumitru Corbu, a Ferencv\u00e1ros (j) \u00e9s Michael Okeke, a Pusk\u00e1s Akad\u00e9mia j\u00e1t\u00e9kosa a labdar\u00fag\u00f3 Fizz Liga 26. fordul\u00f3j\u00e1b\u00f3l elhalasztott Ferencv\u00e1rosi TC &#8211; Pusk\u00e1s Akad\u00e9mia FC m\u00e9rk\u0151z\u00e9sen a Groupama Ar\u00e9n\u00e1ban 2026. \u00e1prilis 14-\u00e9n. Fot\u00f3:\u00a0 Heged\u00fcs R\u00f3bert \u00a0\/ MTI)\u00a0<\/p>\n<p><a href=\"https:\/\/dex.hu\/x.php?id=googlepref_desktop&amp;url=https:\/\/google.com\/preferences\/source?q=https:\/\/index.hu\" class=\"google-pref-banner \" id=\"googlePrefBanner\" rel=\"nofollow noopener\" target=\"_blank\"><\/p>\n<p>    Itt \u00e1ll\u00edtsa be, hogy az Index az els\u0151k k\u00f6z\u00f6tt legyen a Google-tal\u00e1latokban!<\/p>\n<p><\/a><\/p>\n<p>                <a href=\"https:\/\/konyvek.index.hu\/\" target=\"_blank\" rel=\"nofollow noopener\"><br \/>\n                <img decoding=\"async\" src=\"https:\/\/index.hu\/assets\/images\/konyvajanlo\/book_indapress\/book_indapress_logo.svg\" loading=\"lazy\" alt=\"Inda Press Kiad\u00f3\"\/><br \/>\n                <\/a><\/p>\n<p>                <img decoding=\"async\" src=\"https:\/\/www.europesays.com\/hu\/wp-content\/uploads\/2026\/08\/1788121330_667_rossi.png\" loading=\"lazy\" alt=\"Rossi\"\/><\/p>\n<p>Ismerd meg a magyar labdar\u00fag\u00e1s h\u0151s\u00e9nek eml\u00e9kezetes pillanatait!<br \/>Folytassa, Mister!<\/p>\n<p>                <a class=\"book_index_btn\" href=\"https:\/\/indexadhu.hit.gemius.pl\/hitredir\/id=nSCbubuYpDWJZLZs0TssLrbt33Lk5kbipuiZrkg89G3.g7\/stparam=uciklwjurk\/fastid=efdamtuhsxcjschvtzobuxredglq\/nc=0\/url=https:\/\/www.indapresskiado.hu\/products\/marco-rossi?_pos=1&amp;_psq=rossi&amp;_ss=e&amp;_v=1.0\" target=\"_blank\" rel=\"nofollow noopener\">MEGVESZEM<\/a><\/p>\n<p>    <img loading=\"lazy\" decoding=\"async\" src=\"https:\/\/www.europesays.com\/hu\/wp-content\/uploads\/2026\/08\/1788121332_320_nc=0.gif\" border=\"0\" height=\"0\" width=\"0\"\/><\/p>\n<p>    <img decoding=\"async\" src=\"https:\/\/index.hu\/assets\/images\/social-follow\/logo-big.svg\" alt=\"Index.hu logo\"\/><\/p>\n<p>K\u00f6vesse az Indexet Facebookon is!<\/p>\n<p>    <a href=\"https:\/\/facebook.com\/Indexhu\" target=\"_blank\" rel=\"nofollow noopener\"><\/p>\n<p>        K\u00f6vetem!<br \/>\n    <\/a><\/p>\n","protected":false},"excerpt":{"rendered":"A cs\u00fct\u00f6rt\u00f6k\u00f6n Eur\u00f3pa-liga-f\u0151t\u00e1bl\u00e1t kiharcol\u00f3 Ferencv\u00e1ros vas\u00e1rnap este m\u00e1r Felcs\u00fatra l\u00e1togatott, ahol az NB I-ben listavezet\u0151 Pusk\u00e1s Akad\u00e9mia fogadta&hellip;\n","protected":false},"author":2,"featured_media":226735,"comment_status":"","ping_status":"","sticky":false,"template":"","format":"standard","meta":{"footnotes":"","_share_on_mastodon":"0"},"categories":[14],"tags":[46,500,553,44,42,40,502,43,41,7323,45,131],"class_list":["post-226734","post","type-post","status-publish","format-standard","has-post-thumbnail","category-sport","tag-ferencvaros","tag-ftc","tag-futball","tag-hu","tag-hungarian","tag-hungary","tag-labdarugas","tag-magyar","tag-magyarorszag","tag-puskas-akademia","tag-sport","tag-sports"],"share_on_mastodon":{"url":"https:\/\/pubeurope.com\/@hu\/117186327281389086","error":""},"_links":{"self":[{"href":"https:\/\/www.europesays.com\/hu\/wp-json\/wp\/v2\/posts\/226734","targetHints":{"allow":["GET"]}}],"collection":[{"href":"https:\/\/www.europesays.com\/hu\/wp-json\/wp\/v2\/posts"}],"about":[{"href":"https:\/\/www.europesays.com\/hu\/wp-json\/wp\/v2\/types\/post"}],"author":[{"embeddable":true,"href":"https:\/\/www.europesays.com\/hu\/wp-json\/wp\/v2\/users\/2"}],"replies":[{"embeddable":true,"href":"https:\/\/www.europesays.com\/hu\/wp-json\/wp\/v2\/comments?post=226734"}],"version-history":[{"count":0,"href":"https:\/\/www.europesays.com\/hu\/wp-json\/wp\/v2\/posts\/226734\/revisions"}],"wp:featuredmedia":[{"embeddable":true,"href":"https:\/\/www.europesays.com\/hu\/wp-json\/wp\/v2\/media\/226735"}],"wp:attachment":[{"href":"https:\/\/www.europesays.com\/hu\/wp-json\/wp\/v2\/media?parent=226734"}],"wp:term":[{"taxonomy":"category","embeddable":true,"href":"https:\/\/www.europesays.com\/hu\/wp-json\/wp\/v2\/categories?post=226734"},{"taxonomy":"post_tag","embeddable":true,"href":"https:\/\/www.europesays.com\/hu\/wp-json\/wp\/v2\/tags?post=226734"}],"curies":[{"name":"wp","href":"https:\/\/api.w.org\/{rel}","templated":true}]}}