{"id":226748,"date":"2026-08-30T20:42:09","date_gmt":"2026-08-30T20:42:09","guid":{"rendered":"https:\/\/www.europesays.com\/hu\/226748\/"},"modified":"2026-08-30T20:42:09","modified_gmt":"2026-08-30T20:42:09","slug":"belefert-a-kihagyott-tizenegyes-elverte-az-ellovas-felcsutot-a-fradi","status":"publish","type":"post","link":"https:\/\/www.europesays.com\/hu\/226748\/","title":{"rendered":"Belef\u00e9rt a kihagyott tizenegyes, elverte az \u00e9llovas Felcs\u00fatot a Fradi"},"content":{"rendered":"<p>A h\u00e9t k\u00f6zben <a target=\"_blank\" href=\"https:\/\/24.hu\/sport\/foci\/2026\/08\/28\/europa-liga-ligaszakasz-sorsolas-ferencvaros\/\" rel=\"nofollow noopener\">az Eur\u00f3pa Liga f\u0151t\u00e1bl\u00e1j\u00e1ra jutott Ferencv\u00e1ros<\/a> gy\u0151zelemmel folytatta az NB I-ben, miut\u00e1n a 6. fordul\u00f3ban 2-1-re nyerni tudott az \u00e9len \u00e1ll\u00f3 Felcs\u00fat vend\u00e9gek\u00e9nt. A Fradi ezzel elmozdult az utols\u00f3 el\u0151tti helyr\u0151l \u2013 a kupagy\u0151ztes a halaszt\u00e1sok miatt m\u00e9g csak a negyedik bajnokij\u00e1t j\u00e1tszotta a szezonban.<\/p>\n<p>Nem sok izgalmat hozott az els\u0151 f\u00e9lid\u0151, egy nagyobb helyzet volt, amikor Lisztes a 32. percben l\u00f6v\u0151helyzetig jutott, de \u00edg\u00e9retes helyr\u0151l a kapu mell\u00e9 c\u00e9lzott. Lisztes egy\u00e9bk\u00e9nt a cseresorban kezdett, de Josephet m\u00e1r az els\u0151 negyed \u00f3ra v\u00e9g\u00e9n le kellett cser\u00e9lni, mert bokas\u00e9r\u00fcl\u00e9st szenvedett.<\/p>\n<p>Az 54. percig kellett v\u00e1rni a m\u00e9rk\u0151z\u00e9s els\u0151 g\u00f3lj\u00e1ra, Arzani bead\u00e1s\u00e1ra a Fradi fontos tal\u00e1latainak szerz\u0151je, Zachariassen \u00e9rkezett j\u00f3 \u00fctemben \u00e9s az als\u00f3 sarokba fejelt. Nem tartott ki viszont sok\u00e1ig a vend\u00e9gel\u0151ny, Dibusz j\u00f6tt ki rosszul egy bead\u00e1sra, az el\u0151re h\u00faz\u00f3d\u00f3 Harutjunjan pedig a lecsorg\u00f3t takar\u00e1sb\u00f3l, egyb\u0151l a kapu fel\u00e9 emelte furcsa mozdulattal, de bej\u00f6tt a h\u00faz\u00e1sa, mert a ferencv\u00e1rosi kapus m\u00e1r nem tudott menteni.<\/p>\n<p>Az 1-1 sem tartott sok\u00e1ig, a 63. percben \u00fajra az FTC-n\u00e9l volt az el\u0151ny, Yusufot siker\u00fclt kiugratni a jobb sz\u00e9len, a cserek\u00e9nt a sz\u00fcnetben be\u00e1llt t\u00e1mad\u00f3 centerez\u00e9s\u00e9re pedig Lisztes \u00e9rkezett \u00e9s bevet\u0151dve a kapuba l\u0151tt.<\/p>\n<p>A 78. percben pecs\u00e9tel\u0151dhetett volna meg a felcs\u00fatiak sorsa, amikor Nagy Zsolt szab\u00e1lytalans\u00e1ga miatt tizenegyest \u00edt\u00e9lt a j\u00e1t\u00e9kvezet\u0151, de Raemaekers l\u00f6v\u00e9s\u00e9t v\u00e9dte a 19 \u00e9ves Lehoczki. \u00dagy t\u0171nt, hogy ez megbosszulja mag\u00e1t, mert a hajr\u00e1ban kiegyenl\u00edtett a Felcs\u00fat, de vide\u00f3z\u00e1s ut\u00e1n elvett\u00e9k Colley g\u00f3lj\u00e1t, mert a g\u00f3lpasszt ad\u00f3 Soisalo lesen volt a t\u00e1mad\u00e1s sor\u00e1n, \u00e9s ugyan Keit\u00e1t\u00f3l kapta a labd\u00e1t, nem volt kontroll\u00e1lt a ferencv\u00e1rosi j\u00e1t\u00e9kos mozdulata Antal P\u00e9ter j\u00e1t\u00e9kvezet\u0151 szerint. Az FTC \u00edgy v\u00e9g\u00fcl kiizzadta a gy\u0151zelmet.<\/p>\n<p>A c\u00edmv\u00e9d\u0151 m\u00e9g mindig veretlen<\/p>\n<p>A c\u00edmv\u00e9d\u0151 Gy\u0151r 1-1-es d\u00f6ntetlent j\u00e1tszott a Kisv\u00e1rda vend\u00e9gek\u00e9n \u2013 a hazaiak m\u00e1rcius 6-\u00e1n nyertek legut\u00f3bb p\u00e1lyav\u00e1laszt\u00f3k\u00e9nt az NB I-ben, az az\u00f3ta lej\u00e1tszott nyolc bajnokib\u00f3l h\u00e1rmat elvesz\u00edtettek, \u00f6tsz\u00f6r pedig d\u00f6ntetlent j\u00e1tszottak.<\/p>\n<p>B\u00e1r Lippai nem volt tagja a hazai kezd\u0151csapatnak, de k\u00e9nyszer\u0171s\u00e9gb\u0151l Radmanovac s\u00e9r\u00fcl\u00e9se miatt m\u00e1r a negyedik percben p\u00e1ly\u00e1ra l\u00e9pett, f\u00e9l \u00f3ra eltelt\u00e9vel pedig a 28 \u00e9ves bels\u0151 v\u00e9d\u0151 megszerezte p\u00e1lyafut\u00e1sa els\u0151 g\u00f3lj\u00e1t az NB I-ben: jobb oldali sz\u00f6glet ut\u00e1n l\u00e9nyeg\u00e9ben a g\u00f3lvonalon \u00e1llva l\u0151tt a h\u00e1l\u00f3ba. Kor\u00e1bban a c\u00edmv\u00e9d\u0151 is betal\u00e1lt,\u00a0Njie szint\u00e9n k\u00f6zelr\u0151l, a kisv\u00e1rdai kapus Popovicr\u00f3l kipattan\u00f3 labd\u00e1t v\u00e1gta a l\u00e9c al\u00e1.<\/p>\n<p>Fordul\u00e1s ut\u00e1n a hazaiak r\u00e1kapcsoltak, Solt\u00e9sz, Menik \u00e9s Matanovic is k\u00f6zel \u00e1llt a g\u00f3lszerz\u00e9shez, de a vend\u00e9gek meg\u00faszt\u00e1k, mik\u00f6zben a legvesz\u00e9lyesebb j\u00e1t\u00e9kosuk, a k\u00f6z\u00e9pp\u00e1ly\u00e1s Agba k\u00e9t t\u00e1voli, nagyon pontatlan l\u00f6v\u00e9se jelezte, hogy az ETO is pr\u00f3b\u00e1lt \u00fajabb g\u00f3lt szerezni. A hajr\u00e1ban a gy\u0151riek m\u00e1r csak a kontrat\u00e1mad\u00e1saikra hagyatkoztak, de \u00fagy t\u0171nt, t\u00f6k\u00e9letesen el\u00e9gedettek az egy pont megszerz\u00e9s\u00e9vel, a hazai j\u00e1t\u00e9kosok pedig n\u00e9gy nagy helyzetb\u0151l sem voltak k\u00e9pesek eld\u00f6nteni a m\u00e9rk\u0151z\u00e9st.<\/p>\n<p>\nNB I, 6. fordul\u00f3\n<\/p>\n<p>Pusk\u00e1s Akad\u00e9mia-Ferencv\u00e1ros 1-2 (0-0)<br \/>g\u00f3lszerz\u0151k: Harutjunjan (58.), illetve Zachariassen (53.), Lisztes (63.)<\/p>\n<p>Kisv\u00e1rda Master Good-ETO FC 1-1 (1-1)<br \/>g\u00f3lszerz\u0151k: Lippai (30.), illetve Njie (17.)<\/p>\n","protected":false},"excerpt":{"rendered":"A h\u00e9t k\u00f6zben az Eur\u00f3pa Liga f\u0151t\u00e1bl\u00e1j\u00e1ra jutott Ferencv\u00e1ros gy\u0151zelemmel folytatta az NB I-ben, miut\u00e1n a 6. fordul\u00f3ban&hellip;\n","protected":false},"author":2,"featured_media":226749,"comment_status":"","ping_status":"","sticky":false,"template":"","format":"standard","meta":{"footnotes":"","_share_on_mastodon":"0"},"categories":[33],"tags":[3171,46,38,35,37,44,42,40,6888,502,43308,43,41,3369,34,7323,36,39],"class_list":["post-226748","post","type-post","status-publish","format-standard","has-post-thumbnail","category-hirek","tag-eto-fc-gyor","tag-ferencvaros","tag-focimek","tag-headlines","tag-hirek","tag-hu","tag-hungarian","tag-hungary","tag-kisvarda","tag-labdarugas","tag-labdarugo-nb1","tag-magyar","tag-magyarorszag","tag-nb1","tag-news","tag-puskas-akademia","tag-top-stories","tag-vezeto-hirek"],"share_on_mastodon":{"url":"https:\/\/pubeurope.com\/@hu\/117186405702942452","error":""},"_links":{"self":[{"href":"https:\/\/www.europesays.com\/hu\/wp-json\/wp\/v2\/posts\/226748","targetHints":{"allow":["GET"]}}],"collection":[{"href":"https:\/\/www.europesays.com\/hu\/wp-json\/wp\/v2\/posts"}],"about":[{"href":"https:\/\/www.europesays.com\/hu\/wp-json\/wp\/v2\/types\/post"}],"author":[{"embeddable":true,"href":"https:\/\/www.europesays.com\/hu\/wp-json\/wp\/v2\/users\/2"}],"replies":[{"embeddable":true,"href":"https:\/\/www.europesays.com\/hu\/wp-json\/wp\/v2\/comments?post=226748"}],"version-history":[{"count":0,"href":"https:\/\/www.europesays.com\/hu\/wp-json\/wp\/v2\/posts\/226748\/revisions"}],"wp:featuredmedia":[{"embeddable":true,"href":"https:\/\/www.europesays.com\/hu\/wp-json\/wp\/v2\/media\/226749"}],"wp:attachment":[{"href":"https:\/\/www.europesays.com\/hu\/wp-json\/wp\/v2\/media?parent=226748"}],"wp:term":[{"taxonomy":"category","embeddable":true,"href":"https:\/\/www.europesays.com\/hu\/wp-json\/wp\/v2\/categories?post=226748"},{"taxonomy":"post_tag","embeddable":true,"href":"https:\/\/www.europesays.com\/hu\/wp-json\/wp\/v2\/tags?post=226748"}],"curies":[{"name":"wp","href":"https:\/\/api.w.org\/{rel}","templated":true}]}}