{"id":226770,"date":"2026-08-30T21:18:21","date_gmt":"2026-08-30T21:18:21","guid":{"rendered":"https:\/\/www.europesays.com\/hu\/226770\/"},"modified":"2026-08-30T21:18:21","modified_gmt":"2026-08-30T21:18:21","slug":"index-futball-futball-1127","status":"publish","type":"post","link":"https:\/\/www.europesays.com\/hu\/226770\/","title":{"rendered":"Index &#8211; Futball &#8211; Futball"},"content":{"rendered":"<p>        <img decoding=\"async\" src=\"https:\/\/www.europesays.com\/hu\/wp-content\/uploads\/2026\/08\/71337247_5260533_1a9beab4f43b20486d89c7f592189d13_wm.jpg\" alt=\"GettyImages-2292724406\"\/><\/p>\n<p>                <a href=\"https:\/\/index.hu\/szerzo\/meszaros_barnabas\" rel=\"nofollow noopener\" target=\"_blank\"><br \/>\n                        <img decoding=\"async\" class=\"szerzo-kep\" src=\"https:\/\/www.europesays.com\/hu\/wp-content\/uploads\/2026\/08\/1788124697_655_60571995_4479771_c2ccf4232c9ec23dd45a0b9507e7e11b_wm.jpg\" alt=\"M\u00e9sz\u00e1ros Barnab\u00e1s\"\/><br \/>\n                <\/a><\/p>\n<p>\n                A Manchester United h\u00e1tr\u00e1nyb\u00f3l ford\u00edtva 5\u20132-re legy\u0151zte az \u00e9lvonalba visszajutott Ipswich Townt vas\u00e1rnap az angol labdar\u00fag\u00f3-bajnoks\u00e1g m\u00e1sodik fordul\u00f3j\u00e1ban \u2013 \u00edrja az MTI.            <\/p>\n<p>Az els\u0151 f\u00e9lid\u0151 v\u00e9g\u00e9ig \u00fagy t\u0171nt, ism\u00e9t egy\u00a0<a href=\"https:\/\/index.hu\/sport\/futball\/2026\/08\/22\/premier-league-2026-2027-hull-city-manchester-united\/\" id=\"hyperlink_81f764d63fd7fb4a145814e08a7dc1d9\" target=\"_blank\" title=\"\u00d3ri\u00e1si Manchester United-blama az els\u0151 fordul\u00f3ban: az \u00fajonc otthon\u00e1ban kaptak ki a \u201ev\u00f6r\u00f6s \u00f6rd\u00f6g\u00f6k\u201d\" data-recommendation=\"bekezdes_utan\" data-recommendation-preview=\"{&quot;og:title&quot;:&quot;\u00d3ri\u00e1si Manchester United-blama az els\\u0151 fordul\u00f3ban: az \u00fajonc otthon\u00e1ban kaptak ki a \u201ev\u00f6r\u00f6s \u00f6rd\u00f6g\u00f6k\u201d&quot;,&quot;og:description&quot;:&quot;M\u00e1r az els\\u0151 f\u00e9lid\\u0151ben be\u00e1ll\u00edtott\u00e1k a v\u00e9geredm\u00e9nyt a hazaiak.&quot;,&quot;og:image&quot;:&quot;\\\/\\\/kep.cdn.indexvas.hu\\\/1\\\/0\\\/7115\\\/71155\\\/711551\\\/71155179_5247357_1540acfbdbc8ea2b7f1330b0595812ff_wm.jpg&quot;}\" data-recommendation-id=\"6266451\" rel=\"nofollow noopener\">feljut\u00f3 ellen vesz\u00edthet pontokat<\/a> a Manchester United, miut\u00e1n a 29. percben Leif Davis r\u00e9v\u00e9n vezet\u00e9st szerzett az Ipswich az Old Traffordon.\u00a0<\/p>\n<p>A hazai szurkol\u00f3k nagy megnyugv\u00e1s\u00e1ra azonban a 40. percben Bruno Fernandes kiegyenl\u00edtette a tal\u00e1lkoz\u00f3t, s\u0151t, a\u00a0manchesteriekn\u00e9l az el\u0151z\u0151 id\u00e9nyben a Premier League legjobbj\u00e1nak v\u00e1lasztott portug\u00e1l karmester\u00a0v\u00e9g\u00fcl mesterh\u00e1rmasig jutott, \u00e9s adott egy g\u00f3lpasszt is a m\u00e1sodik f\u00e9lid\u0151ben, csapata pedig \u00f6t g\u00f3lt v\u00e1gva szerezte meg els\u0151 pontjait a bajnoki pontvad\u00e1szat\u00a0jelenlegi ki\u00edr\u00e1s\u00e1ban.<\/p>\n<p>\u00c9rdekess\u00e9g, hogy\u00a0Fernandes ezt megel\u0151z\u0151en egyszer tripl\u00e1zott a bajnoks\u00e1gban, a 2021\u20132022-es szezonban ugyancsak az id\u00e9ny els\u0151 hazai meccs\u00e9n, a Leeds United ellen volt erre k\u00e9pes.<\/p>\n<p>                        Angol labdar\u00fag\u00f3-\u00e9lvonal (Premier League), 2. fordul\u00f3:<\/p>\n<p>\n                          vas\u00e1rnap:\n                        <\/p>\n<p>\n                          szombaton j\u00e1tszott\u00e1k:\n                        <\/p>\n<p>p\u00e9nteken j\u00e1tszott\u00e1k: <a href=\"https:\/\/dex.hu\/x.php?id=index_sport_cikklink&amp;url=https%3A%2F%2Findex.hu%2Fsport%2Ffutball%2F2026%2F08%2F29%2Fangol-premier-league-2.-fordulo-liverpool-fc-nottingham-forest-osszefoglalo%2F\" id=\"hyperlink_9cb81973f48a7250f07cb3a40782b124\" target=\"_blank\" title=\"M\u00e1sodik bajnokij\u00e1t sem nyerte meg a Liverpool, hazai p\u00e1ly\u00e1n vesztett pontokat a Forest ellen\" rel=\"nofollow noopener\"><\/p>\n<p>                        Crystal Palace\u2013Manchester City 1\u20134 (0\u20131)<\/p>\n<p>\n                          h\u00e9tf\u0151n j\u00e1tssz\u00e1k:\n                        <\/p>\n<p>                        Aston Villa\u2013Arsenal 21.00<\/p>\n<p>\n                          (Index\/MTI)\n                        <\/p>\n<p>(Bor\u00edt\u00f3k\u00e9p: Dan Mullan \/ Getty Images)<\/p>\n<p><a href=\"https:\/\/dex.hu\/x.php?id=googlepref_desktop&amp;url=https:\/\/google.com\/preferences\/source?q=https:\/\/index.hu\" class=\"google-pref-banner \" id=\"googlePrefBanner\" rel=\"nofollow noopener\" target=\"_blank\"><\/p>\n<p>    Itt \u00e1ll\u00edtsa be, hogy az Index az els\u0151k k\u00f6z\u00f6tt legyen a Google-tal\u00e1latokban!<\/p>\n<p><\/a><\/p>\n<p>                <a href=\"https:\/\/konyvek.index.hu\/\" target=\"_blank\" rel=\"nofollow noopener\"><br \/>\n                <img decoding=\"async\" src=\"https:\/\/index.hu\/assets\/images\/konyvajanlo\/book_indapress\/book_indapress_logo.svg\" loading=\"lazy\" alt=\"Inda Press Kiad\u00f3\"\/><br \/>\n                <\/a><\/p>\n<p>                <img decoding=\"async\" src=\"https:\/\/www.europesays.com\/hu\/wp-content\/uploads\/2026\/08\/1788124698_808_rossi.png\" loading=\"lazy\" alt=\"Rossi\"\/><\/p>\n<p>Ismerd meg a magyar labdar\u00fag\u00e1s h\u0151s\u00e9nek eml\u00e9kezetes pillanatait!<br \/>Folytassa, Mister!<\/p>\n<p>                <a class=\"book_index_btn\" href=\"https:\/\/indexadhu.hit.gemius.pl\/hitredir\/id=nSCbubuYpDWJZLZs0TssLrbt33Lk5kbipuiZrkg89G3.g7\/stparam=uciklwjurk\/fastid=efdamtuhsxcjschvtzobuxredglq\/nc=0\/url=https:\/\/www.indapresskiado.hu\/products\/marco-rossi?_pos=1&amp;_psq=rossi&amp;_ss=e&amp;_v=1.0\" target=\"_blank\" rel=\"nofollow noopener\">MEGVESZEM<\/a><\/p>\n<p>    <img loading=\"lazy\" decoding=\"async\" src=\"https:\/\/www.europesays.com\/hu\/wp-content\/uploads\/2026\/08\/1788124700_472_nc=0.gif\" border=\"0\" height=\"0\" width=\"0\"\/><\/p>\n<p>    <img decoding=\"async\" src=\"https:\/\/index.hu\/assets\/images\/social-follow\/logo-big.svg\" alt=\"Index.hu logo\"\/><\/p>\n<p>K\u00f6vesse az Indexet Facebookon is!<\/p>\n<p>    <a href=\"https:\/\/facebook.com\/Indexhu\" target=\"_blank\" rel=\"nofollow noopener\"><\/p>\n<p>        K\u00f6vetem!<br \/>\n    <\/a><\/p>\n","protected":false},"excerpt":{"rendered":"A Manchester United h\u00e1tr\u00e1nyb\u00f3l ford\u00edtva 5\u20132-re legy\u0151zte az \u00e9lvonalba visszajutott Ipswich Townt vas\u00e1rnap az angol labdar\u00fag\u00f3-bajnoks\u00e1g m\u00e1sodik fordul\u00f3j\u00e1ban&hellip;\n","protected":false},"author":2,"featured_media":226771,"comment_status":"","ping_status":"","sticky":false,"template":"","format":"standard","meta":{"footnotes":"","_share_on_mastodon":"0"},"categories":[14],"tags":[1819,553,44,42,40,13339,502,43,41,1815,45,131],"class_list":["post-226770","post","type-post","status-publish","format-standard","has-post-thumbnail","category-sport","tag-bruno-fernandes","tag-futball","tag-hu","tag-hungarian","tag-hungary","tag-ipswich-town","tag-labdarugas","tag-magyar","tag-magyarorszag","tag-manchester-united","tag-sport","tag-sports"],"share_on_mastodon":{"url":"https:\/\/pubeurope.com\/@hu\/117186547472175082","error":""},"_links":{"self":[{"href":"https:\/\/www.europesays.com\/hu\/wp-json\/wp\/v2\/posts\/226770","targetHints":{"allow":["GET"]}}],"collection":[{"href":"https:\/\/www.europesays.com\/hu\/wp-json\/wp\/v2\/posts"}],"about":[{"href":"https:\/\/www.europesays.com\/hu\/wp-json\/wp\/v2\/types\/post"}],"author":[{"embeddable":true,"href":"https:\/\/www.europesays.com\/hu\/wp-json\/wp\/v2\/users\/2"}],"replies":[{"embeddable":true,"href":"https:\/\/www.europesays.com\/hu\/wp-json\/wp\/v2\/comments?post=226770"}],"version-history":[{"count":0,"href":"https:\/\/www.europesays.com\/hu\/wp-json\/wp\/v2\/posts\/226770\/revisions"}],"wp:featuredmedia":[{"embeddable":true,"href":"https:\/\/www.europesays.com\/hu\/wp-json\/wp\/v2\/media\/226771"}],"wp:attachment":[{"href":"https:\/\/www.europesays.com\/hu\/wp-json\/wp\/v2\/media?parent=226770"}],"wp:term":[{"taxonomy":"category","embeddable":true,"href":"https:\/\/www.europesays.com\/hu\/wp-json\/wp\/v2\/categories?post=226770"},{"taxonomy":"post_tag","embeddable":true,"href":"https:\/\/www.europesays.com\/hu\/wp-json\/wp\/v2\/tags?post=226770"}],"curies":[{"name":"wp","href":"https:\/\/api.w.org\/{rel}","templated":true}]}}