{"id":226804,"date":"2026-08-30T22:18:17","date_gmt":"2026-08-30T22:18:17","guid":{"rendered":"https:\/\/www.europesays.com\/hu\/226804\/"},"modified":"2026-08-30T22:18:17","modified_gmt":"2026-08-30T22:18:17","slug":"telex-tavaly-a-szelsojobb-legyozojekent-unnepeltek-nicusor-dant-ma-mar-egyre-tobben-arulonak-nevezik-a-roman-elnokot","status":"publish","type":"post","link":"https:\/\/www.europesays.com\/hu\/226804\/","title":{"rendered":"Telex: Tavaly a sz\u00e9ls\u0151jobb legy\u0151z\u0151jek\u00e9nt \u00fcnnepelt\u00e9k Nicu\u0219or Dant, ma m\u00e1r egyre t\u00f6bben \u00e1rul\u00f3nak nevezik a rom\u00e1n eln\u00f6k\u00f6t"},"content":{"rendered":"<p>\u201eR\u00e1d szavaztunk, te pedig el\u00e1rult\u00e1l\u201d \u2013 <a href=\"https:\/\/www.digi24.ro\/stiri\/actualitate\/te-am-votat-si-ne-ai-tradat-zeci-de-oameni-au-protestat-la-cotroceni-dupa-ce-nicusor-dan-a-spus-ca-seful-spp-nu-trebuie-demis-3926153\" target=\"_blank\" rel=\"nofollow noopener\">ezt skand\u00e1lta p\u00e9nteken n\u00e9h\u00e1ny tucat t\u00fcntet\u0151<\/a> a rom\u00e1n eln\u00f6ki hivatal el\u0151tt, a Cotroceni-palot\u00e1n\u00e1l. Ez\u00fattal nem Nicu\u0219or Dan r\u00e9gi politikai ellenfelei, hanem olyan civil szervezetek \u00e9s v\u00e1laszt\u00f3k b\u00edr\u00e1lt\u00e1k az \u00e1llamf\u0151t, akik k\u00f6z\u00fcl sokan tavaly teljes bizalommal r\u00e1 szavaztak.<\/p>\n<p>A kis l\u00e9tsz\u00e1m\u00fa t\u00fcntet\u00e9s \u00f6nmag\u00e1ban nem bizony\u00edtja, hogy Dan teljes v\u00e1laszt\u00f3t\u00e1bora elfordult volna t\u0151le, de p\u00e9ld\u00e1zza azt a csal\u00f3dotts\u00e1got, amely h\u00f3napok \u00f3ta er\u0151s\u00f6dik a reformp\u00e1rti \u00e9s korrupci\u00f3ellenes civil k\u00f6zegben.<\/p>\n<p>Ha visszap\u00f6rgetj\u00fck az eltelt egy \u00e9vet, akkor azt l\u00e1tjuk, 2025. m\u00e1jus 18-\u00e1n m\u00e9g eg\u00e9szen m\u00e1s volt a hangulat Bukarestben. A matematikusb\u00f3l lett civil aktivista, a reformp\u00e1rti Ments\u00e9tek meg Rom\u00e1ni\u00e1t Sz\u00f6vets\u00e9g (USR) egyik alap\u00edt\u00f3ja \u00e9s kor\u00e1bbi bukaresti f\u0151polg\u00e1rmester 6,16 milli\u00f3 szavazattal, 53,6 sz\u00e1zal\u00e9kos eredm\u00e9nnyel gy\u0151zte le George Simiont. Az eredm\u00e9ny kihirdet\u00e9se ut\u00e1n <a href=\"https:\/\/www.digi24.ro\/alegeri-prezidentiale-2025\/sute-de-oameni-au-iesit-in-centrul-capitalei-pentru-a-sarbatori-victoria-lui-nicusor-dan-la-alegerile-prezidentiale-3246405\" target=\"_blank\" rel=\"nofollow noopener\">emberek ezrei \u00fcnnepeltek rom\u00e1n \u00e9s uni\u00f3s z\u00e1szl\u00f3kkal a f\u0151v\u00e1ros k\u00f6zpontj\u00e1ban<\/a>, \u00e9s nem puszt\u00e1n Dan gy\u0151zelm\u00e9nek \u00f6r\u00fcltek, hanem annak is, hogy Rom\u00e1nia meg\u0151rizte nyugati ir\u00e1nyults\u00e1g\u00e1t \u00e9s legy\u0151zte a sz\u00e9lsojobbot.<\/p>\n<p><img decoding=\"async\" src=\"https:\/\/www.europesays.com\/hu\/wp-content\/uploads\/2026\/08\/1788074500-temp-tp4g6huuk17u6bhndmd_cikktorzs:xl.jpg\"  loading=\"lazy\" alt=\"Nicu\u0219or Dan a eln\u00f6kv\u00e1laszt\u00e1s eredm\u00e9nyhirdet\u00e9se ut\u00e1n \u2013 Fot\u00f3: George C\u0103lin \/ Inquam Photos\" class=\"placeholder_\"\/><\/p>\n<p>Nicu\u0219or Dan a eln\u00f6kv\u00e1laszt\u00e1s eredm\u00e9nyhirdet\u00e9se ut\u00e1n \u2013 Fot\u00f3: George C\u0103lin \/ Inquam Photos<\/p>\n<p>Az ellenfel\u00e9t, George Simiont a nacionalista \u00e9s sz\u00e9ls\u0151jobboldali Rom\u00e1nok Egyes\u00fcl\u00e9s\u00e9\u00e9rt Sz\u00f6vets\u00e9g (AUR) eln\u00f6k\u00e9t maga Orb\u00e1n Viktor t\u00e1mogatta, aki a v\u00e1laszt\u00e1s el\u0151tt <a href=\"https:\/\/transtelex.ro\/kozelet\/2025\/05\/09\/orban-viktor-george-simion\" target=\"_blank\" rel=\"nofollow noopener\">nyilv\u00e1nosan egyet\u00e9rt\u00e9s\u00e9t fejezte ki Simion egyik kamp\u00e1ny\u00fczenet\u00e9vel<\/a>, az AUR jel\u00f6ltje pedig ezt <a href=\"https:\/\/transtelex.ro\/kozelet\/2025\/05\/13\/rmdsz-simion-orban-viktor-erdelyi-magyarok\" target=\"_blank\" rel=\"nofollow noopener\">fizetett hirdet\u00e9sekben haszn\u00e1lta fel,<\/a> hogy az erd\u00e9lyi magyarok szavazatait is mag\u00e1\u00e9nak tudhassa. Az RMDSZ ezzel szemben Dan t\u00e1mogat\u00e1s\u00e1ra k\u00e9rte az erd\u00e9lyi magyarokat.<\/p>\n<p>\u00cdgy a kor\u00e1bbi f\u0151polg\u00e1rmester nemcsak saj\u00e1t h\u00edveinek szavazataival nyert, hanem egy rendk\u00edv\u00fcl sz\u00e9les, Simion hatalomra ker\u00fcl\u00e9s\u00e9t megakad\u00e1lyozni akar\u00f3 v\u00e1laszt\u00f3i koal\u00edci\u00f3val. \u201e\u0150szinte Rom\u00e1ni\u00e1t\u201d \u00edg\u00e9rt, a <a href=\"https:\/\/nicusordan.ro\/\" target=\"_blank\" rel=\"nofollow noopener\">programj\u00e1ban<\/a> pedig az szerepelt, hogy az \u00e1llami int\u00e9zm\u00e9nyeket \u00e9rdekcsoportok tartj\u00e1k fogva, a szak\u00e9rtelem hely\u00e9t pedig \u00e1tvett\u00e9k a p\u00e1rtkapcsolatok \u2013 ezen v\u00e1ltoztatni kell. A beiktat\u00e1sa ut\u00e1n k\u00e9sz\u00edtett els\u0151 k\u00f6zv\u00e9lem\u00e9ny-kutat\u00e1sban a CURS szerint <a href=\"https:\/\/www.libertatea.ro\/stiri\/nicusor-dan-cota-incredere-presedinte-ilie-bolojan-george-simion-sondaj-curs-5327955\" target=\"_blank\" rel=\"nofollow noopener\">57 sz\u00e1zal\u00e9knak volt j\u00f3 vagy nagyon j\u00f3 v\u00e9lem\u00e9nye r\u00f3la<\/a>.<\/p>\n<p>Egy \u00e9vvel k\u00e9s\u0151bb az INSCOP felm\u00e9r\u00e9se arra mutatott r\u00e1, hogy m\u00e1r a megk\u00e9rdezettek <a href=\"https:\/\/transtelex.ro\/kozelet\/2026\/05\/20\/nicusor-dan-nepszerutlen-ilie-bolojan-felmeres-inscop\" target=\"_blank\" rel=\"nofollow noopener\">70,5 sz\u00e1zal\u00e9ka mondta azt, hogy el\u00e9gedetlen az \u00e1llamf\u0151 munk\u00e1j\u00e1val<\/a>. A k\u00e9t felm\u00e9r\u00e9s nem ugyanazt a k\u00e9rd\u00e9st tette fel, ez\u00e9rt a sz\u00e1mok nem vethet\u0151k \u00f6ssze egy az egyben, de a bizalmi hull\u00e1m elapad\u00e1s\u00e1t j\u00f3l jelzik.<\/p>\n<p>Simion a v\u00e1laszt\u00e1s \u00f3ta Dan legitimit\u00e1s\u00e1t t\u00e1madja<\/p>\n<p>A mostani helyzet meg\u00e9rt\u00e9s\u00e9hez k\u00e9t k\u00fcl\u00f6n folyamatot kell sz\u00e9tv\u00e1lasztani: Nicu\u0219or Dan kor\u00e1bbi t\u00e1mogat\u00f3inak csal\u00f3d\u00e1s\u00e1t \u00e9s George Simion folyamatos politikai hadj\u00e1rat\u00e1t.<\/p>\n<p>Az AUR eln\u00f6ke a v\u00e1laszt\u00e1s \u00e9jszak\u00e1j\u00e1n m\u00e9g elismerte veres\u00e9g\u00e9t \u00e9s gratul\u00e1lt Dannak, k\u00e9t nappal k\u00e9s\u0151bb azonban m\u00e1r az eredm\u00e9ny megsemmis\u00edt\u00e9s\u00e9t k\u00e9rte. Bizony\u00edt\u00e9kokat nem mutatott fel, de arr\u00f3l besz\u00e9lt, hogy francia \u00e9s moldovai er\u0151k avatkoztak be a v\u00e1laszt\u00e1si folyamatokba, szavazatv\u00e1s\u00e1rl\u00e1st \u00e9s manipul\u00e1ci\u00f3t emlegetett. A rom\u00e1n alkotm\u00e1nyb\u00edr\u00f3s\u00e1g <a href=\"https:\/\/transtelex.ro\/kozelet\/2025\/05\/22\/alkotmanybirosag-valasztasok-ervenyesites\" target=\"_blank\" rel=\"nofollow noopener\">egyhang\u00falag elutas\u00edtotta a panasz\u00e1t,<\/a> majd hiteles\u00edtette Dan gy\u0151zelm\u00e9t.<\/p>\n<p>Simion t\u00e1bora ennek ellen\u00e9re gyakorlatilag a mand\u00e1tum kezdete \u00f3ta megk\u00e9rd\u0151jelezi Dan legitimit\u00e1s\u00e1t \u00e9s a t\u00e1voz\u00e1s\u00e1t k\u00f6veteli. Az AUR 2026 j\u00falius\u00e1ban hivatalosan is elind\u00edtotta az \u00e1llamf\u0151 felf\u00fcggeszt\u00e9s\u00e9t c\u00e9lz\u00f3 elj\u00e1r\u00e1st, augusztusban pedig <a href=\"https:\/\/hotnews.ro\/aur-anunta-ca-a-lansat-platforma-pentru-suspendarea-lui-nicusor-dan-2318407\" target=\"_blank\" rel=\"nofollow noopener\">k\u00fcl\u00f6n honlapot hozott l\u00e9tre a kamp\u00e1nyhoz<\/a>. Ezen <a href=\"https:\/\/suspend.ro\/\" target=\"_blank\" rel=\"nofollow noopener\">felt\u00fcntetik<\/a>, melyik parlamenti k\u00e9pvisel\u0151 t\u00e1mogatja Dan elt\u00e1vol\u00edt\u00e1s\u00e1t, Simion pedig arra k\u00e9ri k\u00f6vet\u0151it, hogy gyakoroljanak nyom\u00e1st a t\u00f6rv\u00e9nyhoz\u00f3kra.<\/p>\n<p>Rom\u00e1ni\u00e1ban az eln\u00f6k felf\u00fcggeszt\u00e9s\u00e9t a k\u00e9pvisel\u0151k \u00e9s szen\u00e1torok legal\u00e1bb egyharmada kezdem\u00e9nyezheti. Ha a parlament megszavazza, harminc napon bel\u00fcl n\u00e9pszavaz\u00e1st kell tartani az \u00e1llamf\u0151 lev\u00e1lt\u00e1s\u00e1r\u00f3l. Az AUR-nak ehhez egyel\u0151re nincs meg a sz\u00fcks\u00e9ges t\u00e1mogat\u00e1sa, \u00e9s a rom\u00e1n politik\u00e1t h\u00e1rom \u00e9vtizede meghat\u00e1roz\u00f3, kiterjedt helyi h\u00e1l\u00f3zattal rendelkez\u0151 Szoci\u00e1ldemokrata P\u00e1rt (PSD) sem \u00e1llt a kezdem\u00e9nyez\u00e9s mell\u00e9.<\/p>\n<p>Az els\u0151 nagy t\u00f6r\u00e9s: az \u00fcgy\u00e9szs\u00e9gi kinevez\u00e9sek<\/p>\n<p>A reformp\u00e1rti t\u00e1bor \u00e9s az eln\u00f6k k\u00f6z\u00f6tti els\u0151 komoly konfliktust az \u00fcgy\u00e9szs\u00e9gek vezet\u0151inek kinevez\u00e9se okozta. Ez Rom\u00e1ni\u00e1ban el\u00e9g \u00e9rz\u00e9keny \u00fcgy: a korrupci\u00f3ellenes \u00fcgy\u00e9szs\u00e9g kor\u00e1bbi l\u00e1tv\u00e1nyos elj\u00e1r\u00e1sai ut\u00e1n az igazs\u00e1gszolg\u00e1ltat\u00e1s f\u00fcggetlens\u00e9ge \u00e9vek \u00f3ta a reformp\u00e1rti \u00e9s a r\u00e9gi hatalmi h\u00e1l\u00f3zatok k\u00f6z\u00f6tti k\u00fczdelem egyik f\u0151 terepe.<\/p>\n<p>A PSD-s igazs\u00e1g\u00fcgyi miniszter nyolc jel\u00f6ltet terjesztett fel a legfontosabb \u00fcgy\u00e9szs\u00e9gi tiszts\u00e9gekre. K\u00f6z\u00fcl\u00fck mind\u00f6ssze h\u00e1rman kapt\u00e1k meg a b\u00edr\u00f3i \u00e9s \u00fcgy\u00e9szi kar szakmai \u00f6nigazgat\u00e1si szerve, a Legfels\u0151bb Igazs\u00e1gszolg\u00e1ltat\u00e1si Tan\u00e1cs (CSM) t\u00e1mogat\u00e1s\u00e1t, Dan m\u00e9gis <a href=\"https:\/\/transtelex.ro\/kozelet\/2026\/04\/09\/ugyeszsegi-vezetok-kinevezes-nicusor-dan-usr-feszultseg\" target=\"_blank\" rel=\"nofollow noopener\">egy kiv\u00e9tellel mindenkit kinevezett<\/a>.<\/p>\n<p><img decoding=\"async\" src=\"https:\/\/www.europesays.com\/hu\/wp-content\/uploads\/2026\/08\/1788077228-temp-dgrdutmvvep37mkceho_cikktorzs:xl.jpg\"  loading=\"lazy\" alt=\"Nicu\u0219or Dan \u00e1llamf\u0151 a legfontosabb \u00fcgy\u00e9szs\u00e9gek \u00e9l\u00e9re javasolt jel\u00f6ltek miatt tiltakoz\u00f3kkal besz\u00e9lget a bukaresti Cotroceni-palota el\u0151tt 2026. m\u00e1rcius 6-\u00e1n \u2013 Fot\u00f3: Octav Ganea \/ Inquam Photos\" class=\"placeholder_\"\/><\/p>\n<p>Nicu\u0219or Dan \u00e1llamf\u0151 a legfontosabb \u00fcgy\u00e9szs\u00e9gek \u00e9l\u00e9re javasolt jel\u00f6ltek miatt tiltakoz\u00f3kkal besz\u00e9lget a bukaresti Cotroceni-palota el\u0151tt 2026. m\u00e1rcius 6-\u00e1n \u2013 Fot\u00f3: Octav Ganea \/ Inquam Photos<\/p>\n<p>A legt\u00f6bb b\u00edr\u00e1lat Cristina Chiriac \u00faj legf\u0151bb \u00fcgy\u00e9sz \u00e9s Marius Voineag kinevez\u00e9s\u00e9t \u00e9rte. Chiriacot azzal v\u00e1dolt\u00e1k, hogy bizony\u00edt\u00e9kokat hallgatott el a k\u00e9s\u0151bb nemi er\u0151szak\u00e9rt el\u00edt\u00e9lt Hu\u0219i-i ortodox p\u00fcsp\u00f6k \u00fcgy\u00e9ben. Voineag kor\u00e1bban a korrupci\u00f3ellenes \u00fcgy\u00e9szs\u00e9get (DNA) vezette, \u00e9s <a href=\"https:\/\/transtelex.ro\/kozelet\/2025\/12\/10\/korrupcio-igazsagszolgaltatas-recorder\" target=\"_blank\" rel=\"nofollow noopener\">a Recorder az igazs\u00e1gszolg\u00e1ltat\u00e1st beh\u00e1l\u00f3z\u00f3 korrupci\u00f3r\u00f3l sz\u00f3l\u00f3 dokumentumfilmj\u00e9ben<\/a> olyan szerepl\u0151k\u00e9nt jelent meg, aki hozz\u00e1j\u00e1rult politikailag \u00e9rz\u00e9keny korrupci\u00f3s \u00fcgyek eltussol\u00e1s\u00e1hoz. Dan ennek ellen\u00e9re legf\u0151bb\u00fcgy\u00e9sz-helyettess\u00e9 nevezte ki.<\/p>\n<p>Az \u00e1llamf\u0151 azzal v\u00e9dekezett, hogy t\u00f6bb tucat \u00fcgy\u00e9sszel besz\u00e9lt, \u00f6n\u00e1ll\u00f3an m\u00e9rlegelt, \u00e9s v\u00e1llalja a felel\u0151ss\u00e9get a d\u00f6nt\u00e9s\u00e9rt. A kinevez\u00e9sek ut\u00e1n azonban <a href=\"https:\/\/hotnews.ro\/societatea-civila-mesaj-dur-catre-nicusor-dan-riscati-sa-ramaneti-in-istorie-nu-ca-un-reformator-ci-ca-un-continuator-al-unui-sistem-pe-care-ati-promis-ca-il-veti-destructura-2221358\" target=\"_blank\" rel=\"nofollow noopener\">25 civil szervezet ny\u00edlt lev\u00e9lben figyelmeztette<\/a>: ha nem \u00e1talak\u00edtja, hanem tov\u00e1bb m\u0171k\u00f6dteti a rendszert, akkor annak r\u00e9szek\u00e9nt fogj\u00e1k meg\u00edt\u00e9lni.<\/p>\n<p>A csal\u00f3dotts\u00e1got t\u00f6bb teljes\u00edtetlen \u00edg\u00e9ret is er\u0151s\u00edtette. Dan 2025 december\u00e9ben meg\u00edg\u00e9rte, hogy janu\u00e1rban konzult\u00e1ci\u00f3t tart a b\u00edr\u00f3k \u00e9s \u00fcgy\u00e9szek k\u00f6r\u00e9ben arr\u00f3l, hogy a CSM val\u00f3ban a k\u00f6z\u00e9rdeket szolg\u00e1lja-e; ezt k\u00e9s\u0151bb \u00fajra bejelentette, de az\u00f3ta sem tartott\u00e1k meg. Nem k\u00e9sz\u00fclt el az \u00e1ltala \u00edg\u00e9rt teljes jelent\u00e9s a 2024-es, orosz befoly\u00e1s gyan\u00faja miatt \u00e9rv\u00e9nytelen\u00edtett eln\u00f6kv\u00e1laszt\u00e1sr\u00f3l sem, \u00e9s t\u00f6bb mint egy \u00e9v ut\u00e1n sem nevezett jel\u00f6lteket a rom\u00e1n bel- \u00e9s k\u00fclf\u00f6ldi h\u00edrszerz\u00e9s \u00e9l\u00e9re.<\/p>\n<p>Megbukott a reformkorm\u00e1ny, az\u00f3ta sincs teljes jogk\u00f6r\u0171 kabinet<\/p>\n<p>A k\u00f6vetkez\u0151 nagy t\u00f6r\u00e9st Ilie Bolojan korm\u00e1ny\u00e1nak buk\u00e1sa okozta. A fisk\u00e1lisan szigor\u00fa Bolojant, a Nemzeti Liber\u00e1lis P\u00e1rt (PNL) reformer vezet\u0151j\u00e9t Dan 2025-ben m\u00e9g az \u00e1llam m\u0171k\u00f6d\u00e9s\u00e9nek \u00e1talak\u00edt\u00e1s\u00e1ra legalkalmasabb minisztereln\u00f6knek nevezte.<\/p>\n<p>Bolojan n\u00e9gyp\u00e1rti kabinetje megszor\u00edt\u00e1sokkal pr\u00f3b\u00e1lta cs\u00f6kkenteni a k\u00f6lts\u00e9gvet\u00e9si hi\u00e1nyt, \u00e9s <a href=\"https:\/\/transtelex.ro\/kozelet\/2026\/05\/13\/allami-vallalatok-oana-gheorghiu-psd-reform\" target=\"_blank\" rel=\"nofollow noopener\">hozz\u00e1ny\u00falt az \u00e1llami v\u00e1llalatok k\u00f6r\u00fcl ki\u00e9p\u00fclt \u00e9rdekh\u00e1l\u00f3zatokhoz is.<\/a> A koal\u00edci\u00f3 legnagyobb p\u00e1rtja, a PSD 2026 tavasz\u00e1n kih\u00e1tr\u00e1lt m\u00f6g\u00fcle, majd az AUR-ral k\u00f6z\u00f6sen beny\u00fajtott bizalmatlans\u00e1gi ind\u00edtv\u00e1nnyal <a href=\"https:\/\/telex.hu\/transtelex\/2026\/05\/06\/romania-kormanybuktatas-politikai-valsag-ilie-bolojan-sorin-grindeanu-nicusor-dan\" class=\"\" rel=\"nofollow noopener\" target=\"_blank\">megbuktatta a saj\u00e1t kor\u00e1bbi korm\u00e1ny\u00e1t<\/a>.<\/p>\n<p>Dan v\u00e9gig arra hivatkozott, hogy \u00e1llamf\u0151k\u00e9nt p\u00e1rtatlan k\u00f6zvet\u00edt\u0151nek kell maradnia. Kritikusai szerint ezzel mag\u00e1ra hagyta azt a minisztereln\u00f6k\u00f6t, akinek reformjai elvileg k\u00f6zel \u00e1lltak a saj\u00e1t programj\u00e1hoz. Arra nincs bizony\u00edt\u00e9k, hogy Dan r\u00e9szt vett volna Bolojan megbuktat\u00e1s\u00e1ban vagy err\u0151l alkut k\u00f6t\u00f6tt volna a PSD-vel, az viszont t\u00e9ny, hogy nyilv\u00e1nosan nem \u00e1llt ki mellette.<\/p>\n<p>A kabinet m\u00e1jus 5-\u00e9n megbukott. Dan el\u0151bb Eugen Tomacot, majd Adrian Ve\u0219te\u00e1t b\u00edzta meg korm\u00e1nyalak\u00edt\u00e1ssal: az els\u0151 jel\u00f6lt t\u00f6bbs\u00e9g h\u00edj\u00e1n visszal\u00e9pett, a m\u00e1sodik korm\u00e1ny\u00e1t leszavazta a parlament. Az orsz\u00e1g az\u00f3ta teljes jogk\u00f6r\u0171 kabinet n\u00e9lk\u00fcl m\u0171k\u00f6dik, az \u00fcgyviv\u0151 korm\u00e1ny pedig nem hozhat s\u00fcrg\u0151ss\u00e9gi rendeleteket \u00e9s nagyobb reformokat sem tud v\u00e9grehajtani.<\/p>\n<p>Ve\u0219tea kijel\u00f6l\u00e9se ut\u00e1n m\u00e1r a korrupci\u00f3ellenes, uni\u00f3p\u00e1rti civil k\u00f6zeg is l\u00e1tv\u00e1nyosan az eln\u00f6k ellen fordult: j\u00fanius 19-\u00e9n <a href=\"https:\/\/agerpres.ro\/social\/2026\/06\/19\/peste-2-000-de-oameni-au-iesit-in-piata-victoriei-scandari-impotriva-presedintelui-nicusor-dan--1568312\" target=\"_blank\" rel=\"nofollow noopener\">mintegy k\u00e9tezren t\u00fcntettek a bukaresti Gy\u0151zelem t\u00e9ren<\/a> Ilie Bolojan mellett, valamint a PSD \u00e9s az \u00e1llamf\u0151 ellen. A tiltakoz\u00e1st h\u00e1rom, a Bolojan k\u00f6r\u00fcli reformp\u00e1rti t\u00e1bort \u00e9rint\u0151 igazs\u00e1g\u00fcgyi d\u00f6nt\u00e9s v\u00e1ltotta ki. A t\u00fcntet\u0151k \u201eNicu\u0219or, \u00e1rul\u00f3!\u201d jelsz\u00f3t skand\u00e1ltak, egyesek pedig m\u00e1r az eln\u00f6k tiszts\u00e9gb\u0151l val\u00f3 felf\u00fcggeszt\u00e9s\u00e9t is k\u00f6vetelt\u00e9k. Egy r\u00e9sztvev\u0151 a <a href=\"https:\/\/hotnews.ro\/protest-in-piata-victoriei-anuntat-pentru-vineri-seara-este-timpul-sa-iesim-iar-in-strada-2277943\" target=\"_blank\" rel=\"nofollow noopener\">HotNews-nak<\/a> azt mondta: Dan egy \u00e9v alatt sem val\u00f3s\u00edtotta meg a kamp\u00e1ny\u00e1ban meg\u00edg\u00e9rt \u201e\u0150szinte Rom\u00e1ni\u00e1t\u201d.<\/p>\n<p><img decoding=\"async\" src=\"https:\/\/www.europesays.com\/hu\/wp-content\/uploads\/2026\/08\/1788078019-temp-11tqh49rlnivchcdgcf_cikktorzs:xl.jpg\"  loading=\"lazy\" alt=\"&quot;Nicu\u0219or \u00e1rul\u00f3!&quot; felirat\u00fa molin\u00f3 a j\u00faniusi t\u00fcntet\u00e9sen \u2013 Fot\u00f3: Octav Ganea \/ Inquam Photos\" class=\"placeholder_\"\/><\/p>\n<p>&#8222;Nicu\u0219or \u00e1rul\u00f3!&#8221; felirat\u00fa molin\u00f3 a j\u00faniusi t\u00fcntet\u00e9sen \u2013 Fot\u00f3: Octav Ganea \/ Inquam Photos<\/p>\n<p>A <a href=\"https:\/\/transtelex.ro\/kozelet\/2026\/08\/28\/kormanyvalsag-romania-miniszterelnok-jelolt-nicusor-dan\" target=\"_blank\" rel=\"nofollow noopener\">legfrissebb \u00e9rtes\u00fcl\u00e9sek szerint<\/a> szeptember elej\u00e9n egy p\u00e1rton k\u00edv\u00fcli minisztereln\u00f6k vezette, alapvet\u0151en PSD-s kabinet l\u00e9trehoz\u00e1s\u00e1val pr\u00f3b\u00e1lkozhatnak. Ez ism\u00e9t k\u00e9nyelmetlen helyzetbe hozhatja az \u00e1llamf\u0151t: a r\u00e9gi rendszer ellen kamp\u00e1nyol\u00f3 politikus v\u00e9g\u00fcl \u00e9ppen a legt\u00f6bb korrupci\u00f3s v\u00e1ddal szembes\u00fcl\u0151 szoci\u00e1ldemokrat\u00e1kra t\u00e1maszkodva z\u00e1rhatja le ideig-\u00f3r\u00e1ig a korm\u00e1nyv\u00e1ls\u00e1got.<\/p>\n<p>K\u00e9t friss d\u00f6nt\u00e9s, amelyet neh\u00e9z volt megmagyar\u00e1zni<\/p>\n<p>Ebben a helyzetben robbant ki <a href=\"https:\/\/transtelex.ro\/kozelet\/2026\/08\/28\/lucian-pohantu-spp-kormanyorseg-botrany-recorder-snoop\" target=\"_blank\" rel=\"nofollow noopener\">a Lucian Pahon\u021bu k\u00f6r\u00fcli botr\u00e1ny.<\/a> A Korm\u00e1ny\u0151rs\u00e9get (SPP) vezet\u0151 t\u00e1bornok 2005 \u00f3ta van hivatalban, t\u00f6bb eln\u00f6ki ciklust \u00e9lt t\u00fal a rom\u00e1n \u00e1llam egyik legkev\u00e9sb\u00e9 \u00e1tl\u00e1that\u00f3 int\u00e9zm\u00e9ny\u00e9nek \u00e9l\u00e9n. A f\u00fcggetlen oknyomoz\u00f3 port\u00e1l, a Recorder <a href=\"https:\/\/recorder.ro\/biografia-ascunsa-a-generalului-pahontu-a-facut-parte-din-trupele-de-represiune-ale-lui-ceausescu-si-a-participat-la-masacrul-din-21-decembrie-1989\/\" target=\"_blank\" rel=\"nofollow noopener\">korabeli dokumentumok \u00e9s tan\u00favallom\u00e1sok alapj\u00e1n felt\u00e1rta<\/a>, hogy Pahon\u021bu 1989-ben a Ceau\u0219escu-diktat\u00fara \u00e1llambiztons\u00e1gi csapat\u00e1nak szakaszparancsnoka volt. Egys\u00e9g\u00e9t december 21-\u00e9n a bukaresti Egyetem t\u00e9r k\u00f6rny\u00e9k\u00e9re vez\u00e9nyelt\u00e9k, ahol azon az \u00e9jszak\u00e1n 48 embert \u00f6ltek meg. Alakulata az 1990-es Egyetem t\u00e9ri t\u00fcntet\u00e9s er\u0151szakos felsz\u00e1mol\u00e1s\u00e1n\u00e1l is jelen volt.<\/p>\n<p>A felt\u00e1rt iratok nem bizony\u00edtj\u00e1k, hogy Pahon\u021bu szem\u00e9lyesen l\u0151tt vagy \u00fct\u00f6tt volna meg t\u00fcntet\u0151ket, azt viszont igen, hogy az \u00e1ltala vezetett fegyveres egys\u00e9g mindk\u00e9t megtorl\u00f3 akci\u00f3 helysz\u00edn\u00e9n ott volt.<\/p>\n<p>Az eln\u00f6k m\u00e9gis kijelentette, hogy Pahon\u021bu nem tartozik a megtorl\u00e1s r\u00e9sztvev\u0151i k\u00f6z\u00e9, \u00e9s nem \u00e9rti, mi\u00e9rt a botr\u00e1ny. Azt is elismerte, hogy az igazgat\u00f3 vezet\u0151i tev\u00e9kenys\u00e9g\u00e9t nem vizsg\u00e1lta meg, mag\u00e1t a szolg\u00e1latot viszont \u201ea saj\u00e1t megfigyel\u00e9seire\u201d t\u00e1maszkodva professzion\u00e1lisnak tal\u00e1lta.<\/p>\n<p><img decoding=\"async\" src=\"https:\/\/www.europesays.com\/hu\/wp-content\/uploads\/2026\/08\/1788075981-temp-don9unribral8pbfpbo_cikktorzs:xl.jpg\"  loading=\"lazy\" alt=\"A Pahon\u021bu-botr\u00e1ny kit\u00f6r\u00e9se ut\u00e1ni t\u00fcntet\u00e9s: a \u201eK\u00e1r a kiontott v\u00e9r\u00e9rt\u201d jelsz\u00f3t skand\u00e1lva egyes r\u00e9sztvev\u0151k ketchuppal kent\u00e9k be a kez\u00fcket, \u00edgy utalva az 1989-es forradalom \u00e1ldozatainak kiontott v\u00e9r\u00e9re \u2013 Fot\u00f3: Octav Ganea \/ Inquam Photos\" class=\"placeholder_\"\/><\/p>\n<p>A Pahon\u021bu-botr\u00e1ny kit\u00f6r\u00e9se ut\u00e1ni t\u00fcntet\u00e9s: a \u201eK\u00e1r a kiontott v\u00e9r\u00e9rt\u201d jelsz\u00f3t skand\u00e1lva egyes r\u00e9sztvev\u0151k ketchuppal kent\u00e9k be a kez\u00fcket, \u00edgy utalva az 1989-es forradalom \u00e1ldozatainak kiontott v\u00e9r\u00e9re \u2013 Fot\u00f3: Octav Ganea \/ Inquam Photos<\/p>\n<p>Az \u00e1llamf\u0151 azzal is v\u00e9dekezett, hogy az SPP nem titkosszolg\u00e1lat, hanem egyszer\u0171 \u0151rz\u0151-v\u00e9d\u0151 szerv. A <a href=\"https:\/\/www.factual.ro\/declaratii\/fals-nicusor-dan-spune-ca-spp-nu-este-un-serviciu-secret\/\" target=\"_blank\" rel=\"nofollow noopener\">Factual<\/a> t\u00e9nyellen\u0151rz\u00e9se szerint ez nem igaz: a Korm\u00e1ny\u0151rs\u00e9g nemzetbiztons\u00e1gi feladatokat l\u00e1t el, \u00e9s ny\u00edltan vagy fedetten is gy\u0171jthet inform\u00e1ci\u00f3kat. Dan reakci\u00f3ja az\u00e9rt okozott nagy felh\u00e1borod\u00e1st, mert h\u00edvei \u00e9ppen a r\u00e9gi \u00e1llami h\u00e1l\u00f3zatokkal szembeni fell\u00e9p\u00e9st v\u00e1rt\u00e1k t\u0151le.<\/p>\n<p>Szinte ugyanebben az id\u0151ben Nicu\u0219or Dan kihirdette az integrit\u00e1si t\u00f6rv\u00e9nyt, amelynek egyik rendelkez\u00e9se harminc napon bel\u00fcl megsz\u00fcnteti Dominic Fritz temesv\u00e1ri polg\u00e1rmester mand\u00e1tum\u00e1t. Az \u00fcgy el\u0151zm\u00e9nye 2020-ig ny\u00falik vissza: Fritz frissen megv\u00e1lasztott polg\u00e1rmesterk\u00e9nt al\u00e1\u00edrt egy el\u0151terjeszt\u00e9st egy ingatlanfejleszt\u0151 \u00e1ltal k\u00e9rt v\u00e1rosrendez\u00e9si tervr\u0151l. A dokument\u00e1ci\u00f3t olyan \u00e9p\u00edt\u00e9sziroda k\u00e9sz\u00edtette, amelyn\u00e9l egy USR-s \u00f6nkorm\u00e1nyzati k\u00e9pvisel\u0151 is dolgozott, aki a v\u00e1laszt\u00e1si kamp\u00e1nyban 25 ezer lejt k\u00f6lcs\u00f6nz\u00f6tt Fritznek. Az Orsz\u00e1gos Feddhetetlens\u00e9gi \u00dcgyn\u00f6ks\u00e9g (ANI) ez\u00e9rt \u00e9rdekellent\u00e9tet \u00e1llap\u00edtott meg; Fritz szerint viszont csak egy, m\u00e9g az el\u0151z\u0151 v\u00e1rosvezet\u00e9s \u00e1ltal elk\u00e9sz\u00edtett irat m\u00e1solat\u00e1t \u00edrta al\u00e1 hivatalba l\u00e9p\u00e9se ut\u00e1n. A legfels\u0151bb b\u00edr\u00f3s\u00e1g <a href=\"https:\/\/recorder.ro\/stirile-zilei\/28-august-2026-seful-sistemului-a-luat-sistemul-in-brate\/\" target=\"_blank\" rel=\"nofollow noopener\">2026 j\u00fanius\u00e1ban joger\u0151sen az ANI-nak adott igazat<\/a>.<\/p>\n<p>A joger\u0151s d\u00f6nt\u00e9s alapj\u00e1n Fritz a jelenlegi ciklusa lej\u00e1rta ut\u00e1n h\u00e1rom \u00e9vig nem indulhatott volna \u00fajabb v\u00e1lasztott tiszts\u00e9g\u00e9rt, de a folyamatban l\u00e9v\u0151 polg\u00e1rmesteri mand\u00e1tum\u00e1t nem vesz\u00edtette volna el automatikusan. Ezen v\u00e1ltoztatott a PSD \u00e1ltal beny\u00fajtott \u00e9s az AUR t\u00e1mogat\u00e1s\u00e1val elfogadott m\u00f3dos\u00edt\u00e1s: az \u00faj szab\u00e1ly szerint azoknak is harminc napon bel\u00fcl megsz\u0171nik a tiszts\u00e9g\u00fck, akikr\u0151l m\u00e1r a t\u00f6rv\u00e9ny hat\u00e1lybal\u00e9p\u00e9se el\u0151tt joger\u0151sen kimondt\u00e1k, hogy \u00f6sszef\u00e9rhetetlenek voltak vagy \u00e9rdekellent\u00e9tbe ker\u00fcltek. <a href=\"https:\/\/hotnews.ro\/legea-ani-din-nou-pe-masa-ccr-dupa-ce-a-fost-atacata-de-usr-pnl-si-nicusor-dan-2326184\" target=\"_blank\" rel=\"nofollow noopener\">A rendelkez\u00e9s t\u00f6bb m\u00e1s polg\u00e1rmestert is \u00e9rint<\/a>, de mivel Fritz \u00fcgy\u00e9re k\u00f6zvetlen\u00fcl alkalmazhat\u00f3, a rom\u00e1n sajt\u00f3ban \u201eFritz-m\u00f3dos\u00edt\u00e1sk\u00e9nt\u201d emlegetik.<\/p>\n<p>Fritz \u00e9s az USR az\u00e9rt tartja visszamen\u0151leges b\u00fcntet\u00e9snek a szab\u00e1lyt, mert a parlament nem egy \u00fajabb jogs\u00e9rt\u00e9st szankcion\u00e1lt, hanem egy m\u00e1r joger\u0151sen lez\u00e1rt \u00fcgyh\u00f6z kapcsolt ut\u00f3lag \u00faj k\u00f6vetkezm\u00e9nyt: a hivatalban l\u00e9v\u0151 polg\u00e1rmester azonnali lev\u00e1lt\u00e1s\u00e1t.<\/p>\n<p>Dan is ezen az alapon t\u00e1madta meg a rendelkez\u00e9st az alkotm\u00e1nyb\u00edr\u00f3s\u00e1gon, a test\u00fclet t\u00f6bbs\u00e9ge azonban alkotm\u00e1nyosnak tal\u00e1lta, t\u00f6bbek k\u00f6z\u00f6tt Asztalos Csaba, az RMDSz \u00e1ltal neves\u00edtett alkotm\u00e1nyb\u00edr\u00f3 is \u00fagy szavazott, hogy az a szoci\u00e1ldemokrata vonalat er\u0151s\u00edtse. Az \u00e1llamf\u0151 ezut\u00e1n m\u00e9g visszak\u00fcldhette volna a teljes t\u00f6rv\u00e9nyt a parlamentnek, de augusztus 31-ig ki kellett hirdetni, mert a reform elfogad\u00e1sa egy 770 milli\u00f3 eur\u00f3s uni\u00f3s helyre\u00e1ll\u00edt\u00e1si t\u00e1mogat\u00e1s felt\u00e9tele volt. Dan ez\u00e9rt <a href=\"https:\/\/transtelex.ro\/kozelet\/2026\/08\/29\/dominic-fritz-integritasi-torveny-kihirdetes-mandatum-polgarmester-ani\" target=\"_blank\" rel=\"nofollow noopener\">az alkotm\u00e1nyoss\u00e1gi kifog\u00e1sait fenntartva al\u00e1\u00edrta a t\u00f6rv\u00e9nyt,<\/a> \u00e9s arra k\u00e9rte a parlamentet, hogy \u0151sszel m\u00f3dos\u00edtsa a vitatott r\u00e9szt. Ha ez harminc napon bel\u00fcl nem t\u00f6rt\u00e9nik meg, Fritz elvesz\u00edti polg\u00e1rmesteri tiszts\u00e9g\u00e9t.<\/p>\n<p>A rom\u00e1n eln\u00f6knek \u00f6nmag\u00e1ban nem az AUR lev\u00e1lt\u00e1si kamp\u00e1nya jelenti a legnagyobb vesz\u00e9lyt, hanem az, ha k\u00f6zben elp\u00e1rtolnak t\u0151le a reformp\u00e1rti v\u00e1laszt\u00f3k. George Simion p\u00e1rtja kezdem\u00e9nyezheti \u00e9s folyamatosan napirenden tarthatja a felf\u00fcggeszt\u00e9s\u00e9t, de a n\u00e9pszavaz\u00e1snak is d\u00f6ntenie kell az elt\u00e1vol\u00edt\u00e1s\u00e1r\u00f3l. P\u00e9ld\u00e1ul 2007-ben Traian B\u0103sescut hi\u00e1ba f\u00fcggesztette fel a parlament, a <a href=\"https:\/\/istoric.rezultatevot.ro\/elections\/41\/results\" target=\"_blank\" rel=\"nofollow noopener\">referendum r\u00e9sztvev\u0151inek csaknem h\u00e1romnegyede elutas\u00edtotta a lev\u00e1lt\u00e1s\u00e1t.<\/a> Nicu\u0219or Dan azonban nem lehet biztos abban, hogy egy hasonl\u00f3 helyzetben \u0151t is megv\u00e9den\u00e9k a v\u00e1laszt\u00f3k.<\/p>\n","protected":false},"excerpt":{"rendered":"\u201eR\u00e1d szavaztunk, te pedig el\u00e1rult\u00e1l\u201d \u2013 ezt skand\u00e1lta p\u00e9nteken n\u00e9h\u00e1ny tucat t\u00fcntet\u0151 a rom\u00e1n eln\u00f6ki hivatal el\u0151tt, a&hellip;\n","protected":false},"author":2,"featured_media":226805,"comment_status":"","ping_status":"","sticky":false,"template":"","format":"standard","meta":{"footnotes":"","_share_on_mastodon":"0"},"categories":[8],"tags":[28781,4325,29252,42,43,34,5677,26189,2061,2709,16777,26191,94,93,92],"class_list":["post-226804","post","type-post","status-publish","format-standard","has-post-thumbnail","category-vilag","tag-aur","tag-bukarest","tag-george-simion","tag-hungarian","tag-magyar","tag-news","tag-nicusor-dan","tag-psd","tag-romania","tag-transtelex","tag-tuntetesek","tag-usr","tag-vilag","tag-world","tag-world-news"],"share_on_mastodon":{"url":"https:\/\/pubeurope.com\/@hu\/117186783138326269","error":""},"_links":{"self":[{"href":"https:\/\/www.europesays.com\/hu\/wp-json\/wp\/v2\/posts\/226804","targetHints":{"allow":["GET"]}}],"collection":[{"href":"https:\/\/www.europesays.com\/hu\/wp-json\/wp\/v2\/posts"}],"about":[{"href":"https:\/\/www.europesays.com\/hu\/wp-json\/wp\/v2\/types\/post"}],"author":[{"embeddable":true,"href":"https:\/\/www.europesays.com\/hu\/wp-json\/wp\/v2\/users\/2"}],"replies":[{"embeddable":true,"href":"https:\/\/www.europesays.com\/hu\/wp-json\/wp\/v2\/comments?post=226804"}],"version-history":[{"count":0,"href":"https:\/\/www.europesays.com\/hu\/wp-json\/wp\/v2\/posts\/226804\/revisions"}],"wp:featuredmedia":[{"embeddable":true,"href":"https:\/\/www.europesays.com\/hu\/wp-json\/wp\/v2\/media\/226805"}],"wp:attachment":[{"href":"https:\/\/www.europesays.com\/hu\/wp-json\/wp\/v2\/media?parent=226804"}],"wp:term":[{"taxonomy":"category","embeddable":true,"href":"https:\/\/www.europesays.com\/hu\/wp-json\/wp\/v2\/categories?post=226804"},{"taxonomy":"post_tag","embeddable":true,"href":"https:\/\/www.europesays.com\/hu\/wp-json\/wp\/v2\/tags?post=226804"}],"curies":[{"name":"wp","href":"https:\/\/api.w.org\/{rel}","templated":true}]}}