{"id":226822,"date":"2026-08-30T22:57:15","date_gmt":"2026-08-30T22:57:15","guid":{"rendered":"https:\/\/www.europesays.com\/hu\/226822\/"},"modified":"2026-08-30T22:57:15","modified_gmt":"2026-08-30T22:57:15","slug":"el-menetrend-skociaban-kezd-a-fradi-jovore-erkezik-a-juventus-a-magyar-fovarosba","status":"publish","type":"post","link":"https:\/\/www.europesays.com\/hu\/226822\/","title":{"rendered":"EL-menetrend: Sk\u00f3ci\u00e1ban kezd a Fradi, j\u00f6v\u0151re \u00e9rkezik a Juventus a magyar f\u0151v\u00e1rosba"},"content":{"rendered":"<p>                    <a href=\"https:\/\/news.google.com\/publications\/CAAqJQgKIh9DQklTRVFnTWFnMEtDMk56WVd0bWIyTnBMbWgxS0FBUAE\" target=\"_blank\" class=\"google-news\" rel=\"nofollow noopener\">A legfrissebb h\u00edrek\u00e9rt k\u00f6vess minket a Csakfoci Google News oldal\u00e1n is!<\/a><\/p>\n<p>Az Eur\u00f3pai Labdar\u00fag\u00f3 Sz\u00f6vets\u00e9g (UEFA) szombat este hivatalosan is <a href=\"https:\/\/editorial.uefa.com\/resources\/02a8-21772c1a0cf4-204fc9a0dac3-1000\/uefa_-_europa_league_-_2026-27_-_league_phase_draw_results_-_calendar_by_matchday.pdf\" target=\"_blank\" rel=\"noopener nofollow\">k\u00f6zz\u00e9tette<\/a> az Eur\u00f3pa Liga 2026\/27-es ki\u00edr\u00e1s\u00e1nak meccsnapt\u00e1r\u00e1t a m\u00e9rk\u0151z\u00e9sek sorrendj\u00e9vel, d\u00e1tumaival \u00e9s kezd\u00e9si id\u0151pontjaival egy\u00fctt.<\/p>\n<p>A sorozatban id\u00e9n is \u00e9rdekelt a Ferencv\u00e1ros, a z\u00f6ld-feh\u00e9rek Sk\u00f3ci\u00e1ban, a Celtic ellen kezdenek majd szeptember 17-\u00e9n 21:00-\u00e1s kezd\u00e9ssel. Ezt k\u00f6vet\u0151en a Viktoria Plzent fogadj\u00e1k, majd a harmadik fordul\u00f3ban a Torreense l\u00e1togat a magyar f\u0151v\u00e1rosba. A negyedik k\u00f6rben j\u00e1tszik a Fradi az AC Milan ellen a San Sir\u00f3ban. A folytat\u00e1sban a Celj\u00e9t fogadj\u00e1k, majd a Lech Poznanhoz l\u00e1togatnak id\u00e9n utolj\u00e1ra. 2027-re is marad k\u00e9t m\u00e9rk\u0151z\u00e9s, el\u0151bb a Juventus l\u00e1togat a Ferencv\u00e1roshoz janu\u00e1rban, majd a h\u00f3nap v\u00e9g\u00e9n a Hoffenheim ellen z\u00e1r idegenben az FTC.<\/p>\n<p>Magyar l\u00e9gi\u00f3saink k\u00f6z\u00fcl az els\u0151 fordul\u00f3ban a Hegyi Kriszti\u00e1nt \u00e9s Vit\u00e1lyos Viktort is foglalkoztat\u00f3 Sparta Praha \u00d6rm\u00e9nyorsz\u00e1gban kezd, Neg\u00f3\u00e9k a Celt\u00e1t fogadj\u00e1k, Kov\u00e1cs Bendeg\u00faz \u00e9s az AZ Alkmaar az angol Sunderland ellen nyit, Redzic Damir\u00e9k Bulg\u00e1ri\u00e1ban, T\u00f3th Alex \u00e9s a Bournemouth Spanyolorsz\u00e1gban ind\u00edt.<\/p>\n<p>Z\u00f6lddel jel\u00f6lt\u00fck a Ferencv\u00e1ros m\u00e9rk\u0151z\u00e9seit:<\/p>\n<p><a href=\"https:\/\/www.europesays.com\/hu\/wp-content\/uploads\/2026\/08\/image-883-4.png\" class=\"csakfoci-gallery-item\"><img loading=\"lazy\" decoding=\"async\" class=\"lazy-img\" width=\"883\" height=\"815\" src=\"https:\/\/www.europesays.com\/hu\/wp-content\/uploads\/2026\/08\/image-883-4.png\" alt=\"\"\/><\/a> <a href=\"https:\/\/www.europesays.com\/hu\/wp-content\/uploads\/2026\/08\/image-884-1.png\" class=\"csakfoci-gallery-item\"><img loading=\"lazy\" decoding=\"async\" class=\"lazy-img\" width=\"891\" height=\"817\" src=\"https:\/\/www.europesays.com\/hu\/wp-content\/uploads\/2026\/08\/image-884-1.png\" alt=\"\"\/><\/a><br \/>\n<a href=\"https:\/\/www.csakfoci.hu\/magyar-foci\/a-fradi-lett-a-selejtezok-kiralya-az-osszes-europai-csapatot-megelozte\" class=\"embed-article\" rel=\"nofollow noopener\" target=\"_blank\"><\/p>\n<p>Olvastad m\u00e1r?<\/p>\n<p>            <img loading=\"lazy\" decoding=\"async\" class=\"lazy-img\" src=\"https:\/\/www.europesays.com\/hu\/wp-content\/uploads\/2026\/08\/1788130635_0_fradiorom3-768x432.jpg\" width=\"768\" height=\"432\" alt=\"\"\/><\/p>\n<p>A Fradi lett a selejtez\u0151k kir\u00e1lya, az \u00f6sszes eur\u00f3pai csapatot megel\u0151zte<\/p>\n<p>Nagyon magabiztosan robogott \u00e1t a selejtez\u0151sorozaton Borb\u00e9ly Bal\u00e1zs egy\u00fcttese. <\/p>\n<p>Elolvasom<\/p>\n<p><\/a><\/p>\n","protected":false},"excerpt":{"rendered":"A legfrissebb h\u00edrek\u00e9rt k\u00f6vess minket a Csakfoci Google News oldal\u00e1n is! Az Eur\u00f3pai Labdar\u00fag\u00f3 Sz\u00f6vets\u00e9g (UEFA) szombat este&hellip;\n","protected":false},"author":2,"featured_media":226823,"comment_status":"","ping_status":"","sticky":false,"template":"","format":"standard","meta":{"footnotes":"","_share_on_mastodon":"0"},"categories":[14],"tags":[980,47,46,3661,377,500,44,42,40,43,1067,41,45,131],"class_list":["post-226822","post","type-post","status-publish","format-standard","has-post-thumbnail","category-sport","tag-el","tag-europa-liga","tag-ferencvaros","tag-ferencvarosi-tc","tag-fradi","tag-ftc","tag-hu","tag-hungarian","tag-hungary","tag-magyar","tag-magyar-foci","tag-magyarorszag","tag-sport","tag-sports"],"share_on_mastodon":{"url":"https:\/\/pubeurope.com\/@hu\/117186936879976297","error":""},"_links":{"self":[{"href":"https:\/\/www.europesays.com\/hu\/wp-json\/wp\/v2\/posts\/226822","targetHints":{"allow":["GET"]}}],"collection":[{"href":"https:\/\/www.europesays.com\/hu\/wp-json\/wp\/v2\/posts"}],"about":[{"href":"https:\/\/www.europesays.com\/hu\/wp-json\/wp\/v2\/types\/post"}],"author":[{"embeddable":true,"href":"https:\/\/www.europesays.com\/hu\/wp-json\/wp\/v2\/users\/2"}],"replies":[{"embeddable":true,"href":"https:\/\/www.europesays.com\/hu\/wp-json\/wp\/v2\/comments?post=226822"}],"version-history":[{"count":0,"href":"https:\/\/www.europesays.com\/hu\/wp-json\/wp\/v2\/posts\/226822\/revisions"}],"wp:featuredmedia":[{"embeddable":true,"href":"https:\/\/www.europesays.com\/hu\/wp-json\/wp\/v2\/media\/226823"}],"wp:attachment":[{"href":"https:\/\/www.europesays.com\/hu\/wp-json\/wp\/v2\/media?parent=226822"}],"wp:term":[{"taxonomy":"category","embeddable":true,"href":"https:\/\/www.europesays.com\/hu\/wp-json\/wp\/v2\/categories?post=226822"},{"taxonomy":"post_tag","embeddable":true,"href":"https:\/\/www.europesays.com\/hu\/wp-json\/wp\/v2\/tags?post=226822"}],"curies":[{"name":"wp","href":"https:\/\/api.w.org\/{rel}","templated":true}]}}