{"id":226826,"date":"2026-08-30T23:03:09","date_gmt":"2026-08-30T23:03:09","guid":{"rendered":"https:\/\/www.europesays.com\/hu\/226826\/"},"modified":"2026-08-30T23:03:09","modified_gmt":"2026-08-30T23:03:09","slug":"borbely-joseph-seruleserol-es-az-eto-meccsrol-is-beszelt-talan-ez-volt-az-eddigi-legjobb-nb-i-es-merkozesunk-ertekelesek","status":"publish","type":"post","link":"https:\/\/www.europesays.com\/hu\/226826\/","title":{"rendered":"Borb\u00e9ly Joseph s\u00e9r\u00fcl\u00e9s\u00e9r\u0151l \u00e9s az ETO-meccsr\u0151l is besz\u00e9lt: &#8222;Tal\u00e1n ez volt az eddigi legjobb NB I-es m\u00e9rk\u0151z\u00e9s\u00fcnk&#8221; &#8211; \u00e9rt\u00e9kel\u00e9sek"},"content":{"rendered":"<p>                    <a href=\"https:\/\/news.google.com\/publications\/CAAqJQgKIh9DQklTRVFnTWFnMEtDMk56WVd0bWIyTnBMbWgxS0FBUAE\" target=\"_blank\" class=\"google-news\" rel=\"nofollow noopener\">A legfrissebb h\u00edrek\u00e9rt k\u00f6vess minket a Csakfoci Google News oldal\u00e1n is!<\/a><br \/>\n                    KISV\u00c1RDA &#8211; ETO FC 1-1<\/p>\n<p><a href=\"https:\/\/www.csakfoci.hu\/magyar-foci\/az-eto-veretlen-maradt-az-nb-i-ben-de-gyozni-nem-tudott\" rel=\"nofollow noopener\" target=\"_blank\">B\u0151vebben a m\u00e9rk\u0151z\u00e9sr\u0151l itt!<\/a><\/p>\n<p>Supka Attila (Kisv\u00e1rda): &#8211; Mondhatjuk azt, hogy hasonl\u00f3 helyzetbe ker\u00fclt\u00fcnk, mint a Loki ellen: Most is j\u00f3l teljes\u00edtett\u00fcnk, csak a befejez\u00e9sek nem siker\u00fcltek. 1-0 ut\u00e1n, amikor az ETO vezetett, akkor egy kicsit f\u00f6l\u00e9bredt\u00fcnk, \u00e1tt\u00e9rt\u00fcnk egy teljesen m\u00e1s temp\u00f3ra, ritmusra. Tudtunk egyenl\u00edteni az els\u0151 f\u00e9lid\u0151ben \u00e9s a m\u00e1sodik f\u00e9lid\u0151 azt gondolom, hogy v\u00e9gig a mi\u00e9nk volt. Ir\u00e1ny\u00edtottuk a j\u00e1t\u00e9kot, rengeteg helyzetet kidolgoztunk, de sajnos ez is csak egy pontot \u00e9rt. Volt 3-4 olyan kidolgozott ziccer\u00fcnk, a kaput\u00f3l 10-12 m\u00e9terre, vagy 5 m\u00e9terre, amikb\u0151l g\u00f3lokat kell r\u00fagni, mert m\u00e1sk\u00e9ppen nem tudunk el\u0151r\u00e9bb l\u00e9pegetni a tabell\u00e1n, \u00e9s nem tudjuk megszerezni azokat a pontokat, amik nagyon sz\u00fcks\u00e9gesek lenn\u00e9nek. Ha a passzok pontosabbak a 16-oson bel\u00fcl, akkor ez a m\u00e9rk\u0151z\u00e9s 3-1.<\/p>\n<p>Efra\u00edn Ju\u00e1rez (ETO): &#8211; Azt gondolom, hogy tov\u00e1bbra is v\u00e9dekez\u00e9s\u00fcnkre tudunk \u00e9p\u00edteni, az nagyon rendben van. El\u0151l nem vagyunk most el\u00e9g \u00e9lesek, nem el\u00e9g j\u00f3 min\u0151s\u00e9g\u0171ek azok a helyzet, amiket ki tudunk alak\u00edtani. Nem k\u00f6nny\u0171 nyilv\u00e1n ilyen ellenf\u00e9llel szemben j\u00e1tszani, hiszen a hossz\u00fa labd\u00e1kra \u00e9p\u00edtenek. A m\u00e1sodik labd\u00e1kat kellene \u00f6sszeszedni, \u00e9s ha erre nem tudunk reag\u00e1lni id\u0151ben, akkor azokb\u00f3l probl\u00e9m\u00e1ink lehetnek. \u00d6sszess\u00e9g\u00e9ben azt gondolom, hogy kontroll alatt volt a m\u00e9rk\u0151z\u00e9s, egy\u00e1ltal\u00e1n nem voltak olyan z\u00f3n\u00e1k a p\u00e1ly\u00e1n, ahol szenvedt\u00fcnk volna. Tal\u00e1n kicsit kreat\u00edvabbnak kell lenni, egy kicsit intenz\u00edvebbnek kell lenni, egy kicsit fizik\u00e1lisabbnak kell lenni, de hogyha \u00f6sszess\u00e9g\u00e9ben n\u00e9zem a j\u00e1t\u00e9kot, akkor mind v\u00e9dekez\u00e9sben, mind t\u00e1mad\u00e1sban tudtunk m\u00e1r el\u0151re l\u00e9pni. V\u00e9dekez\u00e9sben viszont el\u0151r\u00e9bb j\u00e1runk most, mint t\u00e1mad\u00e1sban.<\/p>\n<p>PUSK\u00c1S AKAD\u00c9MIA &#8211; FERENCV\u00c1ROS 1-2<\/p>\n<p><a href=\"https:\/\/www.csakfoci.hu\/magyar-foci\/nb-i-a-fradi-felcsuti-sikeret-a-kihagyott-11-es-es-colley-sem-tudta-kivegezni-video\" rel=\"nofollow noopener\" target=\"_blank\">B\u0151vebben a m\u00e9rk\u0151z\u00e9sr\u0151l itt!<\/a><\/p>\n<p>Bab\u00f3 Levente (PAFC): &#8211; Az az egy g\u00f3l hi\u00e1nyzott, amit a v\u00e9g\u00e9n nem adtak meg &#8211; nem tudom, mi\u00e9rt, nem l\u00e1ttam a szitu\u00e1ci\u00f3t. \u00d6sszess\u00e9g\u00e9ben pedig az hi\u00e1nyzott, hogy az els\u0151 f\u00e9lid\u0151ben nem tudtunk olyan teljes\u00edtm\u00e9ny ny\u00fajtani, mint a m\u00e1sodikban. Nagyon gyorsak a Fradi j\u00e1t\u00e9kosai, egy\u00e9nileg sebess\u00e9gben t\u00f6bb poszton is legy\u0151ztek minket. Ilyenkor nyilv\u00e1n van erre is megold\u00e1s, hogy biztos\u00edtunk, ha a bal oldali v\u00e9d\u0151 m\u00f6g\u00e9 bej\u00f6n egy ilyen j\u00e1t\u00e9kos. \u0150 sem volt prec\u00edz, pontatlan volt, ilyen j\u00e1t\u00e9kosokat csak maxim\u00e1lis egy\u00fcttm\u0171k\u00f6d\u00e9ssel lehet meg\u00e1ll\u00edtani. (M4 Sport)<\/p>\n<p>Borb\u00e9ly Bal\u00e1zs (FTC): &#8211; J\u00f3 NB I-es bajnokit l\u00e1ttunk. A r\u00fagott g\u00f3lig az t\u00f6rt\u00e9nt a p\u00e1ly\u00e1n, amit mi szerett\u00fcnk volna, kontroll\u00e1ltuk a meccset. Tal\u00e1n ez volt az eddigi legjobb \u00e9lvonalbeli m\u00e9rk\u0151z\u00e9s\u00fcnk, \u00fagy \u00e9reztem, tudtunk el\u00e9gs\u00e9ges min\u0151s\u00e9get mutatni. Meg is szerezt\u00fck a vezet\u00e9st, ut\u00e1na egy egy\u00e9ni hib\u00e1t k\u00f6vet\u0151en egyenl\u00edtett az ellenf\u00e9l, de erre is tudtunk reag\u00e1lni. Ekkor a Pusk\u00e1s Akad\u00e9mia magasabban t\u00e1madott le, tizenegyest siker\u00fclt kiharcolnunk, de a b\u00fcntet\u0151t be is kell r\u00fagni, akkor lez\u00e1rhattuk volna a tal\u00e1lkoz\u00f3t. Sajnos ez ez\u00fattal nem siker\u00fclt, izgalmass\u00e1 tett\u00fck a v\u00e9g\u00e9t is. Minden csapatnak sz\u00fcks\u00e9ge van a min\u0151s\u00e9gre meg a tapasztalatra, hogy m\u00e9rk\u0151z\u00e9seket tudjon megnyerni. Yusuf azt vitte a p\u00e1ly\u00e1ra, amit k\u00e9rt\u00fcnk t\u0151le. Lend\u00fcletet adott a csapatnak, g\u00f3lpasszt osztott ki, rendben volt a teljes\u00edtm\u00e9nye. Az \u0151 teljes\u00edtm\u00e9nye befoly\u00e1solta a m\u00e9rk\u0151z\u00e9s kimenetel\u00e9t. <\/p>\n<p>Joseph s\u00e9r\u00fcl\u00e9s\u00e9r\u0151l nem tudok pontosan pontos diagn\u00f3zist mondani, holnap majd nyilv\u00e1n kivizsg\u00e1ljuk teljesen \u00e9s azt\u00e1n majd megtudjuk, hogy mi a helyzet. Ugyanolyan m\u00e9rk\u0151z\u00e9st v\u00e1rok az ETO ellen, mint a t\u00f6bbi, most eggyel t\u00f6bb napunk van felk\u00e9sz\u00fclni, mint a mostani m\u00e9rk\u0151z\u00e9sre. Fel fogunk k\u00e9sz\u00fclni, \u00e9s megtesz\u00fcnk mindent a siker\u00e9rt.<\/p>\n<p>(M4 Sport \/ Telekom)<\/p>\n<p><a href=\"https:\/\/www.csakfoci.hu\/magyar-foci\/fradi-ujabb-europai-sztarcsapat-jelentkezhet-be-josephert-sajtohir\" class=\"embed-article\" rel=\"nofollow noopener\" target=\"_blank\"><\/p>\n<p>Olvastad m\u00e1r?<\/p>\n<p>            <img loading=\"lazy\" decoding=\"async\" class=\"lazy-img\" src=\"https:\/\/www.europesays.com\/hu\/wp-content\/uploads\/2026\/08\/joseph1-768x432.jpg\" width=\"768\" height=\"432\" alt=\"\"\/><\/p>\n<p>Fradi: \u00dajabb eur\u00f3pai szt\u00e1rcsapat jelentkezhet be Joseph\u00e9rt &#8211; sajt\u00f3h\u00edr<\/p>\n<p>Lenny Joseph neve is szerepel a holland Feyenoord \u00e9s a belga Gent kiszemeltjei k\u00f6z\u00f6tt &#8211; \u00e1ll\u00edtja Sacha Tavolieri \u00e1tigazol\u00e1si szak\u00e9rt\u0151.\u00a0<\/p>\n<p>Elolvasom<\/p>\n<p><\/a><\/p>\n","protected":false},"excerpt":{"rendered":"A legfrissebb h\u00edrek\u00e9rt k\u00f6vess minket a Csakfoci Google News oldal\u00e1n is! KISV\u00c1RDA &#8211; ETO FC 1-1 B\u0151vebben a&hellip;\n","protected":false},"author":2,"featured_media":226827,"comment_status":"","ping_status":"","sticky":false,"template":"","format":"standard","meta":{"footnotes":"","_share_on_mastodon":"0"},"categories":[33],"tags":[9933,4486,46,38,377,500,890,35,37,44,42,40,6888,43,1067,41,1068,34,7323,36,39],"class_list":["post-226826","post","type-post","status-publish","format-standard","has-post-thumbnail","category-hirek","tag-edzoi-ertekelesek","tag-eto","tag-ferencvaros","tag-focimek","tag-fradi","tag-ftc","tag-gyor","tag-headlines","tag-hirek","tag-hu","tag-hungarian","tag-hungary","tag-kisvarda","tag-magyar","tag-magyar-foci","tag-magyarorszag","tag-nb-i","tag-news","tag-puskas-akademia","tag-top-stories","tag-vezeto-hirek"],"share_on_mastodon":{"url":"https:\/\/pubeurope.com\/@hu\/117186960200236852","error":""},"_links":{"self":[{"href":"https:\/\/www.europesays.com\/hu\/wp-json\/wp\/v2\/posts\/226826","targetHints":{"allow":["GET"]}}],"collection":[{"href":"https:\/\/www.europesays.com\/hu\/wp-json\/wp\/v2\/posts"}],"about":[{"href":"https:\/\/www.europesays.com\/hu\/wp-json\/wp\/v2\/types\/post"}],"author":[{"embeddable":true,"href":"https:\/\/www.europesays.com\/hu\/wp-json\/wp\/v2\/users\/2"}],"replies":[{"embeddable":true,"href":"https:\/\/www.europesays.com\/hu\/wp-json\/wp\/v2\/comments?post=226826"}],"version-history":[{"count":0,"href":"https:\/\/www.europesays.com\/hu\/wp-json\/wp\/v2\/posts\/226826\/revisions"}],"wp:featuredmedia":[{"embeddable":true,"href":"https:\/\/www.europesays.com\/hu\/wp-json\/wp\/v2\/media\/226827"}],"wp:attachment":[{"href":"https:\/\/www.europesays.com\/hu\/wp-json\/wp\/v2\/media?parent=226826"}],"wp:term":[{"taxonomy":"category","embeddable":true,"href":"https:\/\/www.europesays.com\/hu\/wp-json\/wp\/v2\/categories?post=226826"},{"taxonomy":"post_tag","embeddable":true,"href":"https:\/\/www.europesays.com\/hu\/wp-json\/wp\/v2\/tags?post=226826"}],"curies":[{"name":"wp","href":"https:\/\/api.w.org\/{rel}","templated":true}]}}