{"id":226852,"date":"2026-08-30T23:45:19","date_gmt":"2026-08-30T23:45:19","guid":{"rendered":"https:\/\/www.europesays.com\/hu\/226852\/"},"modified":"2026-08-30T23:45:19","modified_gmt":"2026-08-30T23:45:19","slug":"m6-kulonosen-nagy-vagyoni-hatranyt-okozo-hutlen-kezeles-es-hivatali-visszaeles-buntettenek-gyanuja-miatt-tett-feljelentest-vitezy-david","status":"publish","type":"post","link":"https:\/\/www.europesays.com\/hu\/226852\/","title":{"rendered":"M6: K\u00fcl\u00f6n\u00f6sen nagy vagyoni h\u00e1tr\u00e1nyt okoz\u00f3 h\u0171tlen kezel\u00e9s \u00e9s hivatali vissza\u00e9l\u00e9s b\u0171ntett\u00e9nek gyan\u00faja miatt tett feljelent\u00e9st Vit\u00e9zy D\u00e1vid"},"content":{"rendered":"<p>    <a href=\"https:\/\/www.europesays.com\/hu\/wp-content\/uploads\/2026\/08\/8MjEbf69DzOQmOWHs.jpeg\" class=\"uwwrama _1chu0ywg _8b6bx65\" rel=\"nofollow\"><\/p>\n<p>  <img decoding=\"async\" loading=\"lazy\" src=\"https:\/\/www.europesays.com\/hu\/wp-content\/uploads\/2026\/08\/8MjEbf69DzOQmOWHs.jpeg\"   class=\"_672m2jd _1chu0ywo ta3a4c1ey ta3a4c1aa he2knv4 ta3a4c1ey ta3a4czs\" style=\"--_672m2j6:1.50;--_672m2j5:2560px 1708px\" alt=\"\"\/><\/p>\n<p>      <\/a><\/p>\n<p>\n              Fot\u00f3:<br \/>\n                N\u00e9meth D\u00e1niel\/444\n            <\/p>\n<p class=\"\">\n    B\u00fcntet\u0151feljelent\u00e9st tett a K\u00f6zleked\u00e9si \u00e9s Beruh\u00e1z\u00e1si Miniszt\u00e9rium a F\u0151v\u00e1rosi Nyomoz\u00f3 \u00dcgy\u00e9szs\u00e9gen k\u00fcl\u00f6n\u00f6sen nagy vagyoni h\u00e1tr\u00e1nyt okoz\u00f3 h\u0171tlen kezel\u00e9s \u00e9s hivatali vissza\u00e9l\u00e9s b\u0171ntett\u00e9nek gyan\u00faja miatt az M6-os aut\u00f3p\u00e1lya \u00fczemeltet\u00e9si jog\u00e1nak az MKIF koncesszi\u00f3s t\u00e1rsas\u00e1g r\u00e9sz\u00e9re t\u00f6rt\u00e9nt oda\u00edt\u00e9l\u00e9se miatt \u2013 <a href=\"https:\/\/www.facebook.com\/story.php?story_fbid=1613449636803721&amp;id=100044161013021&amp;mibextid=wwXIfr&amp;rdid=gZMZjH3TmBs4d5Du#\" target=\"_blank\" rel=\"nofollow noopener\">\u00edrja<\/a> a Facebookon Vit\u00e9zy D\u00e1vid k\u00f6zleked\u00e9si \u00e9s beruh\u00e1z\u00e1si miniszter.\n  <\/p>\n<p class=\"\">\n    Vit\u00e9zy posztja szerint L\u00e1z\u00e1r J\u00e1nos, a t\u00e1rca kor\u00e1bbi ir\u00e1ny\u00edt\u00f3ja \u201ea szakmai javaslatot figyelmen k\u00edv\u00fcl hagyva, 11 \u00e9vre vet\u00edtve t\u00f6bb mint 100 milli\u00e1rd forinttal dr\u00e1g\u00e1bban \u00edt\u00e9lte oda a M\u00e9sz\u00e1ros L\u0151rinc \u00e9s Sz\u00edjj L\u00e1szl\u00f3 \u00e9rdekk\u00f6r\u00e9be tartoz\u00f3 aut\u00f3p\u00e1lya-koncesszornak a szerz\u0151d\u00e9st\u201d.\n  <\/p>\n<p class=\"\">\n    Az aut\u00f3p\u00e1ly\u00e1t jelenleg is \u00fczemeltet\u0151 kor\u00e1bbi koncesszi\u00f3s t\u00e1rsas\u00e1g, az M6 Duna a bek\u00e9rt aj\u00e1nlatok alapj\u00e1n 2026 okt\u00f3bere \u00e9s 2037 okt\u00f3bere k\u00f6z\u00f6tt az aut\u00f3p\u00e1lya fenntart\u00e1s\u00e1t ugyan\u00fagy a legmagasabb min\u0151s\u00e9gi oszt\u00e1lyba tartoz\u00f3 sz\u00ednvonal\u00fa m\u0171k\u00f6dtet\u00e9ssel \u00e9s a burkolat sz\u00fcks\u00e9ges fel\u00faj\u00edt\u00e1s\u00e1val 149 helyett 44 milli\u00e1rd forint\u00e9rt v\u00e1llalja \u2013 \u00edrja.\n  <\/p>\n<p class=\"\">\n    Vit\u00e9zy hozz\u00e1teszi: L\u00e1z\u00e1r J\u00e1nosnak is szerz\u0151d\u00e9ses lehet\u0151s\u00e9ge volt ezt az opci\u00f3t v\u00e1lasztani, m\u00e9gis a h\u00e1romszorosan t\u00fal\u00e1razott koncesszort b\u00edzta meg, r\u00e1ad\u00e1sul mindezt \u00fagy, hogy erre joga sem lett volna, hiszen a koncesszi\u00f3s hat\u00e1sk\u00f6r nem \u0151t, hanem az akkori nemzetgazdas\u00e1gi minisztert illette meg.\n  <\/p>\n<p class=\"\">\n    Most erre hivatkozva a Korm\u00e1ny nem csak b\u00fcntet\u0151feljelent\u00e9st tett, hanem arr\u00f3l is d\u00f6nt\u00f6tt, hogy a kor\u00e1bbi megrendel\u00e9s \u00e9rv\u00e9nytelen, joghat\u00e1s kiv\u00e1lt\u00e1s\u00e1ra alkalmatlan, \u00edgy a t\u00f6bb mint 100 milli\u00e1rd forinttal olcs\u00f3bb megold\u00e1st lehet\u0151s\u00e9g\u00fcnk ny\u00edlik \u00e9s fogjuk is v\u00e1lasztani \u2013 legal\u00e1bbis a miniszter posztja szerint.\n  <\/p>\n<p class=\"\">\n    A miniszter p\u00e1r nappal ezel\u0151tt <a href=\"https:\/\/444.hu\/2026\/08\/25\/vitezy-david-41-milliarddal-a-becsult-89-milliard-forint-alatt-zarult-a-mav-es-a-magyar-kozut-kozos-jarmubeszerzese\" target=\"_blank\" rel=\"nofollow noopener\">jelentette be<\/a>, hogy 41 milli\u00e1rddal a becs\u00fclt 89 milli\u00e1rd forint alatt z\u00e1rult a M\u00c1V \u00e9s a Magyar K\u00f6z\u00fat k\u00f6z\u00f6s j\u00e1rm\u0171beszerz\u00e9se.\n  <\/p>\n<p class=\"\">\n    Vit\u00e9zy D\u00e1viddal nemr\u00e9g k\u00e9sz\u00edtett\u00fcnk interj\u00fat:\n  <\/p>\n<p>            <a href=\"https:\/\/www.youtube.com\/watch?v=CRsoCcS6z-M&amp;t=2s\" target=\"_blank\" rel=\"noopener noreferrer nofollow\" class=\"_1dy6oyq5l _1dy6oyq5e\">Forr\u00e1s<\/a><\/p>\n","protected":false},"excerpt":{"rendered":"Fot\u00f3: N\u00e9meth D\u00e1niel\/444 B\u00fcntet\u0151feljelent\u00e9st tett a K\u00f6zleked\u00e9si \u00e9s Beruh\u00e1z\u00e1si Miniszt\u00e9rium a F\u0151v\u00e1rosi Nyomoz\u00f3 \u00dcgy\u00e9szs\u00e9gen k\u00fcl\u00f6n\u00f6sen nagy vagyoni h\u00e1tr\u00e1nyt&hellip;\n","protected":false},"author":2,"featured_media":226853,"comment_status":"","ping_status":"","sticky":false,"template":"","format":"standard","meta":{"footnotes":"","_share_on_mastodon":"0"},"categories":[33],"tags":[80,38,8659,35,37,44,42,40,32972,591,51257,43,41,2949,60394,34,16913,36,39,593],"class_list":["post-226852","post","type-post","status-publish","format-standard","has-post-thumbnail","category-hirek","tag-belfold","tag-focimek","tag-fovarosi-nyomozo-ugyeszseg","tag-headlines","tag-hirek","tag-hu","tag-hungarian","tag-hungary","tag-kozlekedesi-es-beruhazasi-miniszterium","tag-lazar-janos","tag-m6-autopalya","tag-magyar","tag-magyarorszag","tag-meszaros-lorinc","tag-mkif-koncesszios-tarsasag","tag-news","tag-szijj-laszlo","tag-top-stories","tag-vezeto-hirek","tag-vitezy-david"],"share_on_mastodon":{"url":"https:\/\/pubeurope.com\/@hu\/117187125376648387","error":""},"_links":{"self":[{"href":"https:\/\/www.europesays.com\/hu\/wp-json\/wp\/v2\/posts\/226852","targetHints":{"allow":["GET"]}}],"collection":[{"href":"https:\/\/www.europesays.com\/hu\/wp-json\/wp\/v2\/posts"}],"about":[{"href":"https:\/\/www.europesays.com\/hu\/wp-json\/wp\/v2\/types\/post"}],"author":[{"embeddable":true,"href":"https:\/\/www.europesays.com\/hu\/wp-json\/wp\/v2\/users\/2"}],"replies":[{"embeddable":true,"href":"https:\/\/www.europesays.com\/hu\/wp-json\/wp\/v2\/comments?post=226852"}],"version-history":[{"count":0,"href":"https:\/\/www.europesays.com\/hu\/wp-json\/wp\/v2\/posts\/226852\/revisions"}],"wp:featuredmedia":[{"embeddable":true,"href":"https:\/\/www.europesays.com\/hu\/wp-json\/wp\/v2\/media\/226853"}],"wp:attachment":[{"href":"https:\/\/www.europesays.com\/hu\/wp-json\/wp\/v2\/media?parent=226852"}],"wp:term":[{"taxonomy":"category","embeddable":true,"href":"https:\/\/www.europesays.com\/hu\/wp-json\/wp\/v2\/categories?post=226852"},{"taxonomy":"post_tag","embeddable":true,"href":"https:\/\/www.europesays.com\/hu\/wp-json\/wp\/v2\/tags?post=226852"}],"curies":[{"name":"wp","href":"https:\/\/api.w.org\/{rel}","templated":true}]}}