{"id":226866,"date":"2026-08-31T00:35:12","date_gmt":"2026-08-31T00:35:12","guid":{"rendered":"https:\/\/www.europesays.com\/hu\/226866\/"},"modified":"2026-08-31T00:35:12","modified_gmt":"2026-08-31T00:35:12","slug":"megerositve-bombaigazolast-jelentett-be-a-ferencvaros-a-fotablara-jutas-utan-hivatalos","status":"publish","type":"post","link":"https:\/\/www.europesays.com\/hu\/226866\/","title":{"rendered":"Meger\u0151s\u00edtve: Bombaigazol\u00e1st jelentett be a Ferencv\u00e1ros a f\u0151t\u00e1bl\u00e1ra jut\u00e1s ut\u00e1n &#8211; hivatalos"},"content":{"rendered":"<p>                    <a href=\"https:\/\/news.google.com\/publications\/CAAqJQgKIh9DQklTRVFnTWFnMEtDMk56WVd0bWIyTnBMbWgxS0FBUAE\" target=\"_blank\" class=\"google-news\" rel=\"nofollow noopener\">A legfrissebb h\u00edrek\u00e9rt k\u00f6vess minket a Csakfoci Google News oldal\u00e1n is!<\/a><\/p>\n<p>Szerdai <a href=\"https:\/\/www.csakfoci.hu\/magyar-foci\/fradi-nagy-fogas-futhat-be-a-zold-feherekhez-a-kovetkezo-napokban\" target=\"_blank\" rel=\"noopener nofollow\">\u00e9rtes\u00fcl\u00e9seink<\/a> ut\u00e1n a Ferencv\u00e1ros p\u00e9ntek este <a href=\"https:\/\/www.fradi.hu\/labdarugas\/elso-csapat\/hirek\/szerb-valogatott-tamadoval-erositettunk\" target=\"_blank\" rel=\"noopener nofollow\">bejelentette<\/a> Veljko Birmancevic \u00e9rkez\u00e9s\u00e9t a cseh \u00e9lvonalbeli Sparta Praha csapat\u00e1t\u00f3l.<\/p>\n<p>A 28 esztend\u0151s szerb sz\u00e9ls\u0151 az el\u0151z\u0151 id\u00e9ny m\u00e9g a csehekn\u00e9l t\u00f6lt\u00f6tte, majd a szezon m\u00e1sodik fel\u00e9t a spanyol \u00e9lvonalbeli Getafe csapat\u00e1ban j\u00e1tszotta. A La Lig\u00e1ban 6 bajnokin l\u00e9pett p\u00e1ly\u00e1ra. Birmancevic a szerb Partizann\u00e1l kezdte p\u00e1lyafut\u00e1s\u00e1t, majd a Cukaricki j\u00e1t\u00e9kosak\u00e9nt fedezte fel \u0151t a sv\u00e9d Malm\u00f6, ahol 73 m\u00e9rk\u0151z\u00e9sen 29 g\u00f3lt szerzett \u00e9s 13 g\u00f3lpasszt osztott ki. Innen a francia \u00e9lvonalbeli Toulouse szerz\u0151dtette 4,1 milli\u00f3 eur\u00f3\u00e9rt. A francia klubn\u00e1l 30 m\u00e9rk\u0151z\u00e9sen 1 g\u00f3lig jutott, majd el\u0151bb a Sparta Praha k\u00f6lcs\u00f6nvette, v\u00e9g\u00fcl v\u00e9gleg leigazolta a 17-szeres szerb v\u00e1logatott sz\u00e9ls\u0151t. A csehekn\u00e9l 109 m\u00e9rk\u0151z\u00e9sen 58 g\u00f3lban v\u00e1llalt szerepet.<\/p>\n<p>Birmancevic a 2023\/24-es szezonban minden t\u00e9tmeccset figyelembe v\u00e9ve 22 g\u00f3lt \u00e9s 13 g\u00f3lpasszt jegyzett a Spart\u00e1ban, a Galatasaray pedig a h\u00edrek szerint 10 milli\u00f3 eur\u00f3t aj\u00e1nlott akkor \u00e9rte.<\/p>\n<p>A szerb <a href=\"https:\/\/www.mozzartsport.com\/fudbal\/vesti\/ferencvarosev-posao-leta-veljko-birmancevic\/552370\" target=\"_blank\" rel=\"noopener nofollow\">Mozzart Sport<\/a> szerint szerint a futballista 3+1 \u00e9vre \u00edrhatott al\u00e1 a z\u00f6ld-feh\u00e9rekhez. Birmancevic hazai fronton \u00e9s az Eur\u00f3pa Liga f\u0151t\u00e1bl\u00e1j\u00e1n is seg\u00edtheti a Fradit.<\/p>\n<p>&#8211; \u00d6r\u00fcl\u00f6k, hogy itt lehetek. Ismerem a Ferencv\u00e1rost, tudom, hogy egy nagy klubhoz j\u00f6ttem. A klub gondolkod\u00e1sm\u00f3dja k\u00f6zel \u00e1ll az eny\u00e9mhez: nem csup\u00e1n m\u00e9rk\u0151z\u00e9seket, hanem tr\u00f3ef\u00e1kat nyerni, ez legfontosabb sz\u00e1momra is. V\u00e1rom m\u00e1r, hogy tal\u00e1lkozhassak az \u00faj csapatt\u00e1rsaimmal \u2013 adta els\u0151 nyilatkozat\u00e1t Veljko Birmancevic.<\/p>\n<p>&#8211; R\u00e9g\u00f3ta ismerj\u00fck Veljk\u00f3t, sokszor l\u00e1ttuk j\u00e1tszani m\u00e1r akkor is, amikor m\u00e9g a Csukaricski futballist\u00e1ja volt. Szem\u00e9ly\u00e9ben egy olyan t\u00e1mad\u00f3 ker\u00fclt a csapatba, aki 10-es \u00e9s sz\u00e9ls\u0151 poz\u00edci\u00f3ban is tud j\u00e1tszani. Kreat\u00edv t\u00e1mad\u00f3, aki helyzetkihaszn\u00e1l\u00e1sban \u00e9s a helyzetek kialak\u00edt\u00e1s\u00e1ban is er\u0151s, ezt mutatj\u00e1k a nemzeti bajnoks\u00e1gokba \u00e9s a nemzetk\u00f6zi kup\u00e1kban el\u00e9rt sz\u00e1mai. Azt v\u00e1rjuk t\u0151le, hogy meghat\u00e1roz\u00f3 tagja legyen a csapatnak, illetve, hogy a j\u00e1t\u00e9ka r\u00e9v\u00e9n m\u00e9g kisz\u00e1m\u00edthatatlanabb, m\u00e9g sz\u00ednesebb \u00e9s g\u00f3lvesz\u00e9lyesebb legyen a t\u00e1mad\u00f3j\u00e1t\u00e9kunk &#8211; nyilatkozta Hajnal Tam\u00e1s.<\/p>\n<p><a href=\"https:\/\/www.csakfoci.hu\/category\/atigazolasok\/\" rel=\"nofollow noopener\" target=\"_blank\">P\u00f6r\u00f6gnek a h\u00edrek az \u00e1tigazol\u00e1si piacon, k\u00f6vesd a csakfoci.hu folyamatosan friss\u00fcl\u0151 \u00e1tigazol\u00e1si rovat\u00e1t, ahol minden fontos inform\u00e1ci\u00f3t azonnal megtal\u00e1lsz &#8211; KATTINTS!<\/a><\/p>\n<p><a href=\"https:\/\/www.csakfoci.hu\/magyar-foci\/sorozatban-nyolcadik-europai-kalandjara-keszul-a-fradi-igy-menetelt-az-el-tol-a-bl-ig-a-kiesestol-a-tavaszi-kupaszereplesig\" class=\"embed-article\" rel=\"nofollow noopener\" target=\"_blank\"><\/p>\n<p>Olvastad m\u00e1r?<\/p>\n<p>            <img loading=\"lazy\" decoding=\"async\" class=\"lazy-img\" src=\"https:\/\/www.europesays.com\/hu\/wp-content\/uploads\/2026\/08\/gornik_fradi-768x432.jpg\" width=\"768\" height=\"432\" alt=\"\"\/><\/p>\n<p>Sorozatban nyolcadik eur\u00f3pai kalandj\u00e1ra k\u00e9sz\u00fcl a Fradi: \u00edgy menetelt az EL-t\u0151l a BL-ig, a kies\u00e9st\u0151l a tavaszi kupaszerepl\u00e9sig<\/p>\n<p>Sorozatban nyolcadszor Eur\u00f3p\u00e1ban, benne BL-csoportk\u00f6r, sz\u00e1mos nagy gy\u0151zelem \u00e9s t\u00f6rt\u00e9nelmi tavaszi menetel\u00e9s \u2013 egy helyen mutatjuk meg, hogyan alakult a Ferencv\u00e1ros eur\u00f3pai kalandja 2019 \u00f3ta.<\/p>\n<p>Elolvasom<\/p>\n<p><\/a><\/p>\n","protected":false},"excerpt":{"rendered":"A legfrissebb h\u00edrek\u00e9rt k\u00f6vess minket a Csakfoci Google News oldal\u00e1n is! Szerdai \u00e9rtes\u00fcl\u00e9seink ut\u00e1n a Ferencv\u00e1ros p\u00e9ntek este&hellip;\n","protected":false},"author":2,"featured_media":226867,"comment_status":"","ping_status":"","sticky":false,"template":"","format":"standard","meta":{"footnotes":"","_share_on_mastodon":"0"},"categories":[14],"tags":[1069,46,3661,377,500,5652,44,42,40,43,41,45,131,59446],"class_list":["post-226866","post","type-post","status-publish","format-standard","has-post-thumbnail","category-sport","tag-atigazolasok","tag-ferencvaros","tag-ferencvarosi-tc","tag-fradi","tag-ftc","tag-hazai-atigazolasi-hirek","tag-hu","tag-hungarian","tag-hungary","tag-magyar","tag-magyarorszag","tag-sport","tag-sports","tag-veljko-birmancevic"],"share_on_mastodon":{"url":"https:\/\/pubeurope.com\/@hu\/117187322030325998","error":""},"_links":{"self":[{"href":"https:\/\/www.europesays.com\/hu\/wp-json\/wp\/v2\/posts\/226866","targetHints":{"allow":["GET"]}}],"collection":[{"href":"https:\/\/www.europesays.com\/hu\/wp-json\/wp\/v2\/posts"}],"about":[{"href":"https:\/\/www.europesays.com\/hu\/wp-json\/wp\/v2\/types\/post"}],"author":[{"embeddable":true,"href":"https:\/\/www.europesays.com\/hu\/wp-json\/wp\/v2\/users\/2"}],"replies":[{"embeddable":true,"href":"https:\/\/www.europesays.com\/hu\/wp-json\/wp\/v2\/comments?post=226866"}],"version-history":[{"count":0,"href":"https:\/\/www.europesays.com\/hu\/wp-json\/wp\/v2\/posts\/226866\/revisions"}],"wp:featuredmedia":[{"embeddable":true,"href":"https:\/\/www.europesays.com\/hu\/wp-json\/wp\/v2\/media\/226867"}],"wp:attachment":[{"href":"https:\/\/www.europesays.com\/hu\/wp-json\/wp\/v2\/media?parent=226866"}],"wp:term":[{"taxonomy":"category","embeddable":true,"href":"https:\/\/www.europesays.com\/hu\/wp-json\/wp\/v2\/categories?post=226866"},{"taxonomy":"post_tag","embeddable":true,"href":"https:\/\/www.europesays.com\/hu\/wp-json\/wp\/v2\/tags?post=226866"}],"curies":[{"name":"wp","href":"https:\/\/api.w.org\/{rel}","templated":true}]}}