{"id":226880,"date":"2026-08-31T01:03:08","date_gmt":"2026-08-31T01:03:08","guid":{"rendered":"https:\/\/www.europesays.com\/hu\/226880\/"},"modified":"2026-08-31T01:03:08","modified_gmt":"2026-08-31T01:03:08","slug":"a-fradi-legnagyobb-nyari-igazolasa-lattam-bizonyos-dolgokat","status":"publish","type":"post","link":"https:\/\/www.europesays.com\/hu\/226880\/","title":{"rendered":"A Fradi legnagyobb ny\u00e1ri igazol\u00e1sa: &#8222;L\u00e1ttam bizonyos dolgokat&#8221;"},"content":{"rendered":"<p>                    <a href=\"https:\/\/news.google.com\/publications\/CAAqJQgKIh9DQklTRVFnTWFnMEtDMk56WVd0bWIyTnBMbWgxS0FBUAE\" target=\"_blank\" class=\"google-news\" rel=\"nofollow noopener\">A legfrissebb h\u00edrek\u00e9rt k\u00f6vess minket a Csakfoci Google News oldal\u00e1n is!<\/a><\/p>\n<p>A Ferencv\u00e1ros friss szerzem\u00e9nye, Veljko Birmancevic volt a Fradi Z\u00f3na Plusz <a href=\"https:\/\/youtu.be\/42vwSP2Bjbk?si=d5_GYsb-ZHFZ2frV\" target=\"_blank\" rel=\"noopener nofollow\">vend\u00e9ge<\/a>.<\/p>\n<p>A 17-szeres szerb v\u00e1logatott t\u00e1mad\u00f3t p\u00e9nteken <a href=\"https:\/\/www.csakfoci.hu\/magyar-foci\/megerositve-bombaigazolast-jelentett-be-a-ferencvaros-a-fotablara-jutas-utan-hivatalos\" target=\"_blank\" rel=\"noopener nofollow\">jelentette be<\/a> az Eur\u00f3pa Liga f\u0151t\u00e1bl\u00e1ra jut\u00f3 Fradi. A 28 esztend\u0151s labdar\u00fag\u00f3 besz\u00e1molt a fogadtat\u00e1s\u00e1r\u00f3l, a c\u00e9ljair\u00f3l is mes\u00e9lt, de elmondta, hogy mit gondol az Eur\u00f3pa Liga sorsol\u00e1s\u00e1r\u00f3l is.<\/p>\n<p>&#8211; Els\u0151 benyom\u00e1saim nagyon j\u00f3k, tiszt\u00e1ban voltam m\u00e1r a Ferencv\u00e1rossal, hogy mekkora klub \u00e9s milyen stabil csapat. Bajnoki c\u00edm\u00e9rt k\u00fczdenek \u00e9s nemzetk\u00f6zi sikerek\u00e9rt. Nagyon tetszett az edz\u0151k\u00f6zpont, magas sz\u00ednvonal\u00fa, egyel\u0151re nagyon j\u00f3l \u00e9rzem magam &#8211; kezdte Birmancevic.<\/p>\n<p>A Sparta Prah\u00e1t\u00f3l \u00e9rkez\u0151 sz\u00e9ls\u0151 m\u00e1r a helysz\u00ednen tekintette meg a Trabzonspor ellen aratott 4-0-s sikert.<\/p>\n<p>&#8211; Nagyon j\u00f3 volt l\u00e1tni ezt a m\u00e9rk\u0151z\u00e9st, j\u00f3l j\u00e1tszott a Fradi, \u00e9s l\u00e1ttam bizonyos dolgokat, ami \u00e1ltal kaptam egy k\u00e9pet, hogy milyen j\u00e1t\u00e9kot j\u00e1tszik a csapat.<\/p>\n<p>Az elm\u00falt f\u00e9lszezont a spanyol \u00e9lvonalbeli Getaf\u00e9n\u00e9l t\u00f6lt\u00f6tte.<\/p>\n<p>&#8211; \u00dagy gondolom, hogy j\u00f3 form\u00e1ban vagyok \u00e9s rem\u00e9lem m\u00e1r bevethet\u0151 leszek a k\u00f6vetkez\u0151 m\u00e9rk\u0151z\u00e9sre.<\/p>\n<p>A fogadtat\u00e1s\u00e1r\u00f3l is besz\u00e1molt.<\/p>\n<p>&#8211; Term\u00e9szetesen nagyon \u00f6r\u00fcl\u00f6k, hogy siker\u00fclt ideigazolnom. Hatalmas bennem a siker\u00e9hs\u00e9g, igazi harcosk\u00e9nt ismernek engem a p\u00e1ly\u00e1n. Szeretetteljesen fogadtak engem a t\u00e1rsak, p\u00e1r j\u00e1t\u00e9kost ismerek m\u00e1r kor\u00e1bbr\u00f3l is.<\/p>\n<p>V\u00e9g\u00fcl az EL ellenfelekr\u0151l \u00e9s c\u00e9ljair\u00f3l is besz\u00e9lt Birmancevic.<\/p>\n<p>&#8211; Hallottam az ellenfelekr\u0151l, van p\u00e1r olyan k\u00f6zt\u00fck, akik ellen m\u00e1r volt lehet\u0151s\u00e9gem j\u00e1tszani. Mind a Milan, mind a Juventus BL szint\u0171 csapat \u00e9s ezek a m\u00e9rk\u0151z\u00e9sek nagyon j\u00f3 tesztek lesznek arra, hogy hogyan is \u00e1ll a csapat. Term\u00e9szetesen lesznek olyan meccsek is, ahol a gy\u0151zelemre kell t\u00f6rekedn\u00fcnk \u00e9s van is r\u00e1 es\u00e9ly\u00fcnk.<\/p>\n<p>&#8211; Els\u0151sz\u00e1m\u00fa c\u00e9lk\u00e9nt a bajnoki c\u00edm \u00e9s a kupa megnyer\u00e9se a c\u00e9l. Az Eur\u00f3pa Lig\u00e1ban pedig a tov\u00e1bbjut\u00e1s lehet csakis a c\u00e9l.<\/p>\n<p><a href=\"https:\/\/www.csakfoci.hu\/magyar-foci\/a-fradi-lett-a-selejtezok-kiralya-az-osszes-europai-csapatot-megelozte\" class=\"embed-article\" rel=\"nofollow noopener\" target=\"_blank\"><\/p>\n<p>Olvastad m\u00e1r?<\/p>\n<p>            <img loading=\"lazy\" decoding=\"async\" class=\"lazy-img\" src=\"https:\/\/www.europesays.com\/hu\/wp-content\/uploads\/2026\/08\/1788138188_165_fradiorom3-768x432.jpg\" width=\"768\" height=\"432\" alt=\"\"\/><\/p>\n<p>A Fradi lett a selejtez\u0151k kir\u00e1lya, az \u00f6sszes eur\u00f3pai csapatot megel\u0151zte<\/p>\n<p>Nagyon magabiztosan robogott \u00e1t a selejtez\u0151sorozaton Borb\u00e9ly Bal\u00e1zs egy\u00fcttese. <\/p>\n<p>Elolvasom<\/p>\n<p><\/a><\/p>\n","protected":false},"excerpt":{"rendered":"A legfrissebb h\u00edrek\u00e9rt k\u00f6vess minket a Csakfoci Google News oldal\u00e1n is! A Ferencv\u00e1ros friss szerzem\u00e9nye, Veljko Birmancevic volt&hellip;\n","protected":false},"author":2,"featured_media":226881,"comment_status":"","ping_status":"","sticky":false,"template":"","format":"standard","meta":{"footnotes":"","_share_on_mastodon":"0"},"categories":[14],"tags":[46,377,500,44,42,40,43,41,45,131],"class_list":["post-226880","post","type-post","status-publish","format-standard","has-post-thumbnail","category-sport","tag-ferencvaros","tag-fradi","tag-ftc","tag-hu","tag-hungarian","tag-hungary","tag-magyar","tag-magyarorszag","tag-sport","tag-sports"],"share_on_mastodon":{"url":"https:\/\/pubeurope.com\/@hu\/117187432116946535","error":""},"_links":{"self":[{"href":"https:\/\/www.europesays.com\/hu\/wp-json\/wp\/v2\/posts\/226880","targetHints":{"allow":["GET"]}}],"collection":[{"href":"https:\/\/www.europesays.com\/hu\/wp-json\/wp\/v2\/posts"}],"about":[{"href":"https:\/\/www.europesays.com\/hu\/wp-json\/wp\/v2\/types\/post"}],"author":[{"embeddable":true,"href":"https:\/\/www.europesays.com\/hu\/wp-json\/wp\/v2\/users\/2"}],"replies":[{"embeddable":true,"href":"https:\/\/www.europesays.com\/hu\/wp-json\/wp\/v2\/comments?post=226880"}],"version-history":[{"count":0,"href":"https:\/\/www.europesays.com\/hu\/wp-json\/wp\/v2\/posts\/226880\/revisions"}],"wp:featuredmedia":[{"embeddable":true,"href":"https:\/\/www.europesays.com\/hu\/wp-json\/wp\/v2\/media\/226881"}],"wp:attachment":[{"href":"https:\/\/www.europesays.com\/hu\/wp-json\/wp\/v2\/media?parent=226880"}],"wp:term":[{"taxonomy":"category","embeddable":true,"href":"https:\/\/www.europesays.com\/hu\/wp-json\/wp\/v2\/categories?post=226880"},{"taxonomy":"post_tag","embeddable":true,"href":"https:\/\/www.europesays.com\/hu\/wp-json\/wp\/v2\/tags?post=226880"}],"curies":[{"name":"wp","href":"https:\/\/api.w.org\/{rel}","templated":true}]}}