{"id":226910,"date":"2026-08-31T04:05:11","date_gmt":"2026-08-31T04:05:11","guid":{"rendered":"https:\/\/www.europesays.com\/hu\/226910\/"},"modified":"2026-08-31T04:05:11","modified_gmt":"2026-08-31T04:05:11","slug":"a-kozonsegkedvenc-is-fejet-hajtott-uj-gyoztese-van-a-hungarian-darts-trophynak","status":"publish","type":"post","link":"https:\/\/www.europesays.com\/hu\/226910\/","title":{"rendered":"A k\u00f6z\u00f6ns\u00e9gkedvenc is fejet hajtott, \u00faj gy\u0151ztese van a Hungarian Darts Trophynak"},"content":{"rendered":"<p>Az angol Ross Smith nagyon sim\u00e1n nyerte az MVM Dome-ban rendezett <a target=\"_blank\" href=\"https:\/\/24.hu\/tag\/hungarian-darts-trophy\/\" rel=\"nofollow noopener\">Hungarian Darts Trophy<\/a> d\u00f6nt\u0151j\u00e9t a k\u00e9tszeres vil\u00e1gbajnok Gary Anderson ellen, \u00edrja az MTI.<\/p>\n<p>A vil\u00e1granglist\u00e1n 17. helyen \u00e1ll\u00f3 j\u00e1t\u00e9kos szombaton 6-2-re verte az \u00edr William O\u2019Connort, majd vas\u00e1rnap d\u00e9lut\u00e1n okozta az els\u0151 meglepet\u00e9st azzal, hogy a nyolcadd\u00f6nt\u0151ben 6-4-gyel b\u00facs\u00faztatta a walesi Jonny Claytont, aki \u00f6t\u00f6dik a rangsorban. A vas\u00e1rnap esti utols\u00f3 szakaszban el\u0151bb 6-2-re m\u00falta fel\u00fcl a Budapesten 2023-ban bajnok angol Dave Chisnallt, \u00edgy biztoss\u00e1 v\u00e1lt, hogy \u00faj gy\u0151ztest avatnak a magyar f\u0151v\u00e1rosban. Ezt k\u00f6vet\u0151en az el\u0151d\u00f6nt\u0151ben a holland Danny Noppert sem jelentett komoly akad\u00e1lyt sz\u00e1m\u00e1ra, mivel 7-3-ra nyert.<\/p>\n<p>A k\u00f6z\u00f6ns\u00e9g egyik nagy kedvence, a sk\u00f3t Anderson sokkal nehezebben verekedte el mag\u00e1t a fin\u00e1l\u00e9ig, ugyanis a lengyel Krzysztof Ratajski 6-2-es legy\u0151z\u00e9se ut\u00e1n vas\u00e1rnap m\u00e1r minden meccs\u00e9t d\u00f6nt\u0151 legben nyerte meg. D\u00e9lut\u00e1n az angol Stephen Buntingot, majd este az id\u00e9n vb-d\u00f6nt\u0151s holland Gian van Veent egyar\u00e1nt 6-5-re, az el\u0151d\u00f6nt\u0151ben pedig az angol Nathan Aspinallt 7-6-ra verte, ut\u00f3bbit r\u00e1ad\u00e1sul \u00fagy, hogy a riv\u00e1lis\u00e1nak \u00f6t meccsnyila volt, de mindet elrontotta.<\/p>\n<p>A d\u00f6nt\u0151 nem hozott ki\u00e9lezett csat\u00e1t, mivel az 55 \u00e9ves Anderson szinte minden k\u00eds\u00e9rlet\u00e9t elrontotta, amikor lez\u00e1rhatta volna a legeket.<\/p>\n<p dir=\"ltr\" lang=\"en\">SMITH WINS THE HUNGARIAN DARTS TROPHY! \ud83c\udfc6<\/p>\n<p>Ross Smith claims his second European Tour title, thrashing Gary Anderson 8-2 with a 101 average and 73% double success rate! \ud83e\udd29<\/p>\n<p>An excellent performance to win it \ud83d\udc4f <a target=\"_blank\" href=\"https:\/\/t.co\/IdRzzMNPZz\" rel=\"nofollow\">pic.twitter.com\/IdRzzMNPZz<\/a><\/p>\n<p>\u2014 PDC Darts (@OfficialPDC) <a target=\"_blank\" href=\"https:\/\/x.com\/OfficialPDC\/status\/2094169988789600647?ref_src=twsrc%5Etfw\" rel=\"nofollow\">August 30, 2026<\/a><\/p>\n<p>A Rep\u00fcl\u0151 sk\u00f3t becenev\u0171 j\u00e1t\u00e9kos 11 alkalommal dobott kisz\u00e1ll\u00f3ra, de csak k\u00e9tszer siker\u00fclt neki, \u00edgy els\u0151sorban ennek k\u00f6sz\u00f6nhet\u0151, hogy Smith 1-1 ut\u00e1n 6-1-re elh\u00fazott. Innen pedig m\u00e1r nem volt vissza\u00fat Anderson sz\u00e1m\u00e1ra, 37 esztend\u0151s ellenfele v\u00e9g\u00fcl 8-2-re nyert, majd a fi\u00e1val \u00fcnnepelt.<\/p>\n<p dir=\"ltr\" lang=\"en\">Heartwarming moments as Ross Smith celebrates his title with his son \ud83e\udd7a\u2764\ufe0f <a target=\"_blank\" href=\"https:\/\/t.co\/tF0yUq3RnF\" rel=\"nofollow\">pic.twitter.com\/tF0yUq3RnF<\/a><\/p>\n<p>\u2014 PDC Darts (@OfficialPDC) <a target=\"_blank\" href=\"https:\/\/x.com\/OfficialPDC\/status\/2094172526125424836?ref_src=twsrc%5Etfw\" rel=\"nofollow\">August 30, 2026<\/a><\/p>\n<p>A vil\u00e1g legjobb j\u00e1t\u00e9kosait t\u00f6m\u00f6r\u00edt\u0151 PDC szervezet European Tour-sorozat\u00e1ba tartoz\u00f3 versenyen a vil\u00e1gels\u0151 Luke Littlert lesz\u00e1m\u00edtva szinte minden vil\u00e1gszt\u00e1rt l\u00e1thatott a hazai k\u00f6z\u00f6ns\u00e9g.<\/p>\n<p>\t\t<script async src=\"https:\/\/platform.twitter.com\/widgets.js\" charset=\"utf-8\"><\/script><\/p>\n","protected":false},"excerpt":{"rendered":"Az angol Ross Smith nagyon sim\u00e1n nyerte az MVM Dome-ban rendezett Hungarian Darts Trophy d\u00f6nt\u0151j\u00e9t a k\u00e9tszeres vil\u00e1gbajnok&hellip;\n","protected":false},"author":2,"featured_media":226911,"comment_status":"","ping_status":"","sticky":false,"template":"","format":"standard","meta":{"footnotes":"","_share_on_mastodon":"0"},"categories":[14],"tags":[4445,60405,44,42,53871,40,43,41,6317,60406,45,131],"class_list":["post-226910","post","type-post","status-publish","format-standard","has-post-thumbnail","category-sport","tag-darts","tag-gary-anderson","tag-hu","tag-hungarian","tag-hungarian-darts-trophy","tag-hungary","tag-magyar","tag-magyarorszag","tag-mvm-dome","tag-ross-smith","tag-sport","tag-sports"],"share_on_mastodon":{"url":"https:\/\/pubeurope.com\/@hu\/117188147634409449","error":""},"_links":{"self":[{"href":"https:\/\/www.europesays.com\/hu\/wp-json\/wp\/v2\/posts\/226910","targetHints":{"allow":["GET"]}}],"collection":[{"href":"https:\/\/www.europesays.com\/hu\/wp-json\/wp\/v2\/posts"}],"about":[{"href":"https:\/\/www.europesays.com\/hu\/wp-json\/wp\/v2\/types\/post"}],"author":[{"embeddable":true,"href":"https:\/\/www.europesays.com\/hu\/wp-json\/wp\/v2\/users\/2"}],"replies":[{"embeddable":true,"href":"https:\/\/www.europesays.com\/hu\/wp-json\/wp\/v2\/comments?post=226910"}],"version-history":[{"count":0,"href":"https:\/\/www.europesays.com\/hu\/wp-json\/wp\/v2\/posts\/226910\/revisions"}],"wp:featuredmedia":[{"embeddable":true,"href":"https:\/\/www.europesays.com\/hu\/wp-json\/wp\/v2\/media\/226911"}],"wp:attachment":[{"href":"https:\/\/www.europesays.com\/hu\/wp-json\/wp\/v2\/media?parent=226910"}],"wp:term":[{"taxonomy":"category","embeddable":true,"href":"https:\/\/www.europesays.com\/hu\/wp-json\/wp\/v2\/categories?post=226910"},{"taxonomy":"post_tag","embeddable":true,"href":"https:\/\/www.europesays.com\/hu\/wp-json\/wp\/v2\/tags?post=226910"}],"curies":[{"name":"wp","href":"https:\/\/api.w.org\/{rel}","templated":true}]}}