{"id":226922,"date":"2026-08-31T04:25:09","date_gmt":"2026-08-31T04:25:09","guid":{"rendered":"https:\/\/www.europesays.com\/hu\/226922\/"},"modified":"2026-08-31T04:25:09","modified_gmt":"2026-08-31T04:25:09","slug":"varkonyi-andrea-miatt-allt-a-forgalom-tihanyban-ez-volt-az-oka","status":"publish","type":"post","link":"https:\/\/www.europesays.com\/hu\/226922\/","title":{"rendered":"V\u00e1rkonyi Andrea miatt \u00e1llt a forgalom Tihanyban, ez volt az oka"},"content":{"rendered":"<p>V\u00e1rkonyi Andrea a f\u00e9rj\u00e9vel \u00e9ppen Tihanyban aut\u00f3zott, amikor megpillantottak az \u00fattest sz\u00e9l\u00e9n egy tekn\u0151st. Az \u00e1llat k\u00f6nnyen az aut\u00f3k kerekei alatt v\u00e9gezhette volna. A <a href=\"https:\/\/nlc.hu\/sztarok\/20260601\/varkonyi-andrea-ceg-bevetel\/\" target=\"_blank\" rel=\"noopener nofollow\">milli\u00e1rdos \u00fczletasszony<\/a> azonban egy pillanatig sem gondolkodott azon, hogy tov\u00e1bbhajtsanak. F\u00e9rj\u00e9vel r\u00f6gt\u00f6n visszafordult a bajba jutott \u00e1llat\u00e9rt, \u0151 pedig felkapta a tekn\u0151st, hogy megmentse \u2013 <a rel=\"nofollow noopener noreferrer\" href=\"https:\/\/www.blikk.hu\/sztarvilag\/hazai-sztarok\/varkonyi-andrea-megmentette-teknos\/k4bv5wc?utm_source=hirkereso&amp;utm_medium=cpc&amp;utm_campaign=blikk-hirkereso\" target=\"_blank\">sz\u00e1molt be a Blikk<\/a>.<\/p>\n<p>\u201eSzeg\u00e9nyke a f\u0151\u00fat k\u00f6zep\u00e9n lap\u00edtott megzavarodva\u201d \u2013 id\u00e9zte fel az esetet a <a href=\"https:\/\/www.instagram.com\/p\/Dcq0ZgnjedS\/?utm_source=ig_embed&amp;ig_rid=AwNvi7ztORWnbwzAcbeGguV\" target=\"_blank\" rel=\"noopener noreferrer nofollow\">k\u00f6z\u00f6ss\u00e9gi oldal\u00e1n<\/a> V\u00e1rkonyi Andrea. F\u00e9rj\u00e9vel meg\u00e1lltak a forgalmas \u00faton, hogy megments\u00e9k a bajba jutott \u00e1llatot.<\/p>\n<p>\u201eMondtam a f\u00e9rjemnek, hogy azonnal vissza kell fordulnunk! Felkaptam, tov\u00e1bb ment\u00fcnk, am\u00edg biztos helyet nem tal\u00e1ltam, ahol vissza tudom tenni a Balatonba, \u00e9s nem tud az \u00fatra kimenni\u201d \u2013 mes\u00e9lte.<\/p>\n<p>Feltartott\u00e1k a forgalmat V\u00e1rkonyi\u00e9k<\/p>\n<p>A ment\u0151akci\u00f3ja miatt azonban egy id\u0151re a forgalom is le\u00e1llt. Az egykori m\u0171sorvezet\u0151 a t\u00f6rt\u00e9ntek ut\u00e1n a k\u00f6z\u00f6ss\u00e9gi m\u00e9di\u00e1ban k\u00e9rt eln\u00e9z\u00e9st.<\/p>\n<p>Fot\u00f3kon V\u00e1rkonyi Andrea \u00e9s f\u00e9rje, M\u00e9sz\u00e1ros L\u0151rinc:<\/p>\n<p><a id=\"galeria-1\" class=\"m-nextGallery _ce_measure_widget _ce_measure_link\" href=\"https:\/\/nlc.hu\/sztarok\/20260831\/varkonyi-andrea-tihany-tihany-teknosmentes\/?gallery=1\/1\/d-hr20251205018-1024x683-1.jpg\" data-ce-measure-widget=\"gallery-open\" rel=\"nofollow noopener\" target=\"_blank\"><\/p>\n<p>\t\t<img decoding=\"async\" width=\"1024\" height=\"683\" src=\"https:\/\/www.europesays.com\/hu\/wp-content\/uploads\/2026\/08\/d-hr20251205018-1024x683-1.jpg\" class=\"m-nextGallery__featureImage wp-image-2079731\" alt=\"\"   loading=\"lazy\"\/>\t<\/p>\n<p><\/a><\/p>\n<p>\u201eUt\u00f3lag is eln\u00e9z\u00e9st a Dotto kisvonatt\u00f3l \u00e9s az \u00f6sszes aut\u00f3st\u00f3l, akiket feltartottam, am\u00edg az akci\u00f3 zajlott, de nem tudtam otthagyni!\u201d \u2013 vallotta be V\u00e1rkonyi Andrea, akinek v\u00e9g\u00fcl siker\u00fclt visszajuttatni a Balatonba a tekn\u0151st.<\/p>\n<p>T\u00fcnd\u00f6k\u00f6lt Radics Gigi esk\u00fcv\u0151j\u00e9n<\/p>\n<p>Az \u00fczletasszony a napokban <a href=\"https:\/\/nlc.hu\/trend\/20260818\/varkonyi-andrea-meregdraga-ruhat-viselt-radics-gigi-eskuvojen\/\" target=\"_blank\" rel=\"noopener nofollow\">r\u00e9szt vett Radics Gigi esk\u00fcv\u0151j\u00e9n<\/a>. A f\u00e9rj\u00e9vel egy\u00fctt t\u0171nt fel a n\u00e1szn\u00e9p tagjai k\u00f6z\u00f6tt V\u00e1rkonyi Andrea, aki ez\u00fattal is megadta a m\u00f3dj\u00e1t: egy t\u00f6bb mint 1300 doll\u00e1ros, azaz \u00e1tsz\u00e1m\u00edtva egy 420 ezer forintos Zimmermann ruh\u00e1ban jelent meg az \u00e9nekesn\u0151 nagy napj\u00e1n.\u00a0<\/p>\n<p>A templomi szertart\u00e1son a legk\u00f6zelebbi csal\u00e1dtagok m\u00f6g\u00f6tt foglaltak helyet, ennek pedig nyom\u00f3s oka van: <a href=\"https:\/\/nlc.hu\/sztarok\/20260827\/radics-gigi-csalad-varkonyi-andrea-fontos\/\" target=\"_blank\" rel=\"noopener nofollow\">Radics Gigi \u00e9s csal\u00e1dja fontos r\u00e9sze lett V\u00e1rkonyi Andrea \u00e9let\u00e9nek<\/a>. \u201eVannak olyan bar\u00e1ts\u00e1gok, hogy az els\u0151 pillanatt\u00f3l olyan, mintha ezer \u00e9ve j\u00f3ban lenn\u00e9tek. Ilyenek nekem Gina, \u00e9n \u00edgy h\u00edvom Gigit, \u00e9s a csal\u00e1dja, teljesen \u00f6sszen\u0151tt\u00fcnk. Benne vannak a mindennapjaimban, p\u00e9ld\u00e1ul Gigi anyuk\u00e1ja seg\u00edtett berendezni az \u00faj otthonomat is. Hihetetlen j\u00f3 emberek, csal\u00e1di \u00e9rz\u00e9ssel teli ez a bar\u00e1ts\u00e1g\u201d \u2013 mes\u00e9lte p\u00e1r \u00e9ve err\u0151l a bar\u00e1ts\u00e1gr\u00f3l.<\/p>\n<p>Kiemelt fot\u00f3: Schumy Csaba \/ Fot\u00f3centr\u00e1l<\/p>\n<p>Olvass m\u00e9g V\u00e1rkonyi Andre\u00e1r\u00f3l az nlc-n!<\/p>\n<p>\t\t\t\t\t\t\t\t\t\t\t\t\t\t\t\t\t\t\t<script async src=\"\/\/www.instagram.com\/embed.js\"><\/script><\/p>\n","protected":false},"excerpt":{"rendered":"V\u00e1rkonyi Andrea a f\u00e9rj\u00e9vel \u00e9ppen Tihanyban aut\u00f3zott, amikor megpillantottak az \u00fattest sz\u00e9l\u00e9n egy tekn\u0151st. Az \u00e1llat k\u00f6nnyen az&hellip;\n","protected":false},"author":2,"featured_media":226923,"comment_status":"","ping_status":"","sticky":false,"template":"","format":"standard","meta":{"footnotes":"","_share_on_mastodon":"0"},"categories":[33],"tags":[38,35,37,44,42,40,43,41,2949,34,235,12943,36,7761,39],"class_list":["post-226922","post","type-post","status-publish","format-standard","has-post-thumbnail","category-hirek","tag-focimek","tag-headlines","tag-hirek","tag-hu","tag-hungarian","tag-hungary","tag-magyar","tag-magyarorszag","tag-meszaros-lorinc","tag-news","tag-sztarok","tag-tihany","tag-top-stories","tag-varkonyi-andrea","tag-vezeto-hirek"],"share_on_mastodon":{"url":"https:\/\/pubeurope.com\/@hu\/117188226139540478","error":""},"_links":{"self":[{"href":"https:\/\/www.europesays.com\/hu\/wp-json\/wp\/v2\/posts\/226922","targetHints":{"allow":["GET"]}}],"collection":[{"href":"https:\/\/www.europesays.com\/hu\/wp-json\/wp\/v2\/posts"}],"about":[{"href":"https:\/\/www.europesays.com\/hu\/wp-json\/wp\/v2\/types\/post"}],"author":[{"embeddable":true,"href":"https:\/\/www.europesays.com\/hu\/wp-json\/wp\/v2\/users\/2"}],"replies":[{"embeddable":true,"href":"https:\/\/www.europesays.com\/hu\/wp-json\/wp\/v2\/comments?post=226922"}],"version-history":[{"count":0,"href":"https:\/\/www.europesays.com\/hu\/wp-json\/wp\/v2\/posts\/226922\/revisions"}],"wp:featuredmedia":[{"embeddable":true,"href":"https:\/\/www.europesays.com\/hu\/wp-json\/wp\/v2\/media\/226923"}],"wp:attachment":[{"href":"https:\/\/www.europesays.com\/hu\/wp-json\/wp\/v2\/media?parent=226922"}],"wp:term":[{"taxonomy":"category","embeddable":true,"href":"https:\/\/www.europesays.com\/hu\/wp-json\/wp\/v2\/categories?post=226922"},{"taxonomy":"post_tag","embeddable":true,"href":"https:\/\/www.europesays.com\/hu\/wp-json\/wp\/v2\/tags?post=226922"}],"curies":[{"name":"wp","href":"https:\/\/api.w.org\/{rel}","templated":true}]}}