{"id":226969,"date":"2026-08-31T05:30:21","date_gmt":"2026-08-31T05:30:21","guid":{"rendered":"https:\/\/www.europesays.com\/hu\/226969\/"},"modified":"2026-08-31T05:30:21","modified_gmt":"2026-08-31T05:30:21","slug":"index-sport-teljes-orulet-budapesten-a-skot-legendat-lemostak-a-dontoben-az-mvm-dome-ban","status":"publish","type":"post","link":"https:\/\/www.europesays.com\/hu\/226969\/","title":{"rendered":"Index &#8211; Sport &#8211; Teljes \u0151r\u00fclet Budapesten, a sk\u00f3t legend\u00e1t lemost\u00e1k a d\u00f6nt\u0151ben az MVM Dome-ban"},"content":{"rendered":"<p>Id\u00e9n m\u00e1r hatodik alkalommal figyelt a darts vil\u00e1ga Budapestre. Ez\u00fattal az MVM Dome-ban augusztus utols\u00f3 h\u00e9tv\u00e9g\u00e9j\u00e9n rendezt\u00e9k a Hungarian Darts Trophy-t. A European Tour-verseny p\u00e9nteki napj\u00e1n eddig nem l\u00e1tott brav\u00fart vittek v\u00e9ghez a magyar versenyz\u0151k, ugyanis el\u0151bb az 53 \u00e9ves K\u00e1d\u00e1r L\u00e1szl\u00f3, majd Major N\u00e1ndor is megnyerte a maga meccs\u00e9t az els\u0151 fordul\u00f3ban. K\u00e1d\u00e1r a\u00a0a vil\u00e1granglist\u00e1n harmincadik Daryl Gurneyt, m\u00edg Major\u00a0<a href=\"https:\/\/index.hu\/sport\/2026\/08\/29\/darts-hungarian-darts-trophy-penteki-jateknap-major-nandor-kadar-laszlo\/\" id=\"hyperlink_212a9b13f2121cb246c6511fd469838c\" target=\"_blank\" title=\"Visszat\u00e9rt a darts Budapestre, k\u00e9t magyart is \u00fcnnepelhetett az MVM Dome n\u00e9pe\" rel=\"nofollow noopener\">holland Niels Zonneveldet b\u00facs\u00faztatta<\/a>.<\/p>\n<p>Szombaton azt\u00e1n a nagy\u00e1gy\u00fak is bemutatkoztak Budapesten \u2013 Michael van Gerwen, Gary Anderson, Gian van Veen, hogy csak p\u00e1rat eml\u00edts\u00fcnk \u2013 igaz, a k\u00e9tszeres vil\u00e1gbajnok, a sport\u00e1g egyik legnagyobb szt\u00e1rja, Luke Littler \u00e9s a 2020-as vb-gy\u0151ztes Gerwyn Price nem j\u00f6tt a magyar f\u0151v\u00e1rosba.<\/p>\n<p>Major \u00e9pp a 2026-os vb-d\u00f6nt\u0151ssel, Van Veennel j\u00e1tszott a legjobb 16 k\u00f6z\u00e9. A fiatal holland er\u0151t fitogtatott, 98-as \u00e1tlaggal \u00e9s 66 sz\u00e1zal\u00e9kos kisz\u00e1ll\u00f3z\u00e1ssal ejtette ki a magyar versenyz\u0151t. K\u00e1d\u00e1r sz\u00e1m\u00e1ra is <a href=\"https:\/\/index.hu\/sport\/2026\/08\/30\/hungarian-darts-trophy-kadar-laszlo-major-nandor\/\" id=\"hyperlink_07818b758e0b084bab36165221cb1235\" target=\"_blank\" title=\"V\u00e9get \u00e9rt a t\u00fcnd\u00e9rmese: K\u00e1d\u00e1r L\u00e1szl\u00f3t is Major N\u00e1ndort is vil\u00e1gklasszis ellenf\u00e9l \u00e1ll\u00edtotta meg a Hungarian Darts Trophyn\" data-recommendation=\"bekezdes_utan\" data-recommendation-preview=\"{&quot;og:title&quot;:&quot;V\u00e9get \u00e9rt a t\u00fcnd\u00e9rmese: K\u00e1d\u00e1r L\u00e1szl\u00f3t is Major N\u00e1ndort is vil\u00e1gklasszis ellenf\u00e9l \u00e1ll\u00edtotta meg a Hungarian Darts Trophyn&quot;,&quot;og:description&quot;:&quot;Gy\\u0151z\u00f6tt a pap\u00edrforma.&quot;,&quot;og:image&quot;:&quot;\\\/\\\/kep.cdn.indexvas.hu\\\/1\\\/0\\\/5104\\\/51046\\\/510461\\\/51046151_3891689_d24d0a5ae1d1da59edb035aa03b3f9fd_wm.jpg&quot;}\" data-recommendation-id=\"6270127\" rel=\"nofollow noopener\">v\u00e9get \u00e9rt a torna<\/a>, ugyanis a walesi klasszis, a vil\u00e1granglista-5. Johnny Clayton gy\u0151zte le 6\u20133-ra. Azt ugyanakkor ki kell emelni, kor\u00e1bban mind\u00f6ssze k\u00e9t budapesti meccset nyert meg magyar versenyz\u0151, id\u00e9n\u00a0ez megdupl\u00e1z\u00f3dott.\u00a0<\/p>\n<p>                        A legnagyobb szt\u00e1rok tov\u00e1bbra is im\u00e1dj\u00e1k Budapestet<\/p>\n<p>Ahogy az elm\u00falt \u00e9vekben m\u00e1r megszokhattuk, \u00fagy a dartsversenyz\u0151k id\u00e9n is kiemelt\u00e9k a budapesti \u00e1llom\u00e1s \u00e9s az MVM Dome k\u00fcl\u00f6nlegess\u00e9g\u00e9t. Az angol Ryan Searle egyenesen a legjobb European Tour-helysz\u00ednnek nevezte a magyar f\u0151v\u00e1ros\u00e9t.<\/p>\n<p>\u201eEzt a versenyt minden j\u00e1t\u00e9kos v\u00e1rja. A bemeleg\u00edt\u0151termek is eg\u00e9szen fantasztikusak, mindek\u00f6zben N\u00e9metorsz\u00e1gban egy ilyenben j\u00f3 ha n\u00e9gyen elf\u00e9r\u00fcnk\u201d \u2013 dics\u00e9rte a Heavy Metal\u00a0becen\u00e9vre hajaz\u00f3 dartsos Budapestet.\u00a0<\/p>\n<p>A vil\u00e1granglist\u00e1n 31. angol, Joe Cullen m\u00e1r cs\u00fct\u00f6rt\u00f6k\u00f6n Budapesten volt, \u00e9s akkor m\u00e1r kil\u00e1togatott a Ferencv\u00e1ros\u2013Trabzonspor Eur\u00f3pa-liga-playoff m\u00e9rk\u0151z\u00e9sre. Cullent <a href=\"https:\/\/www.facebook.com\/share\/r\/1HJrURNuDE\/\" id=\"hyperlink_f49798a26bf3a85ab90fddf60c45bd06\" rel=\"nofollow noopener\" target=\"_blank\">teljesen leny\u0171g\u00f6zt\u00e9k<\/a> a ferencv\u00e1rosi drukkerek, akik <a href=\"https:\/\/index.hu\/sport\/futball\/2026\/08\/27\/europa-liga-2026-2027-selejtezo-playoffkor-visszavago-ferencvaros-trabzonpor-helyszini-osszefoglalo\/\" id=\"hyperlink_9795327b3829f12a6c21ded29798dceb\" target=\"_blank\" title=\"Nem szakadt meg az \u00e9vsz\u00e1zados sorozat: a Ferencv\u00e1ros ki\u00fct\u00e9ssel jutott az Eur\u00f3pa-liga f\u0151t\u00e1bl\u00e1j\u00e1ra\" rel=\"nofollow noopener\">a z\u00f6ld-feh\u00e9rek 4\u20130-s gy\u0151zelm\u00e9t<\/a> \u00e9s f\u0151t\u00e1bl\u00e1ra jut\u00e1s\u00e1t \u00fcnnepelt\u00e9k aznap este.\u00a0<\/p>\n<p>T\u00f6bbsz\u00f6r j\u00e1rtam eur\u00f3pai kupameccseken, de ez az \u00e9lm\u00e9ny eg\u00e9szen fantasztikus volt. Az FTC kisebb csapatnak sz\u00e1m\u00edt Eur\u00f3p\u00e1ban, de a szurkol\u00e1s hihetetlen volt. A Ferencv\u00e1ros drukkerei elk\u00e9peszt\u0151ek, f\u0151leg a kapu m\u00f6g\u00f6tt.\u00a0<\/p>\n<p>\n                          Mindek\u00f6zben kiss\u00e9 lehangol\u00f3 volt megtapasztalni, ahogy a m\u00e9diamunk\u00e1sokat kezelt\u00e9k a helysz\u00ednen. Az els\u0151 emeleten egy kordonokkal teljesen elk\u00fcl\u00f6n\u00edtett r\u00e9szen \u00e9lvezhett\u00fck az esem\u00e9nyt \u2013 ahonnan a k\u00fczd\u0151t\u00e9rre val\u00f3 lejut\u00e1s is igen kalandos volt \u2013, r\u00e1ad\u00e1sul a m\u00e9diar\u00e9szen m\u00e9g kivet\u00edt\u0151 sem volt. Emellett a szervez\u0151k vizet sem adtak a h\u00e1rom nap sor\u00e1n.\n                        <\/p>\n<p>                        Megtelt vas\u00e1rnapra az MVM Dome, a legend\u00e1t a d\u00f6nt\u0151ben \u00e1ll\u00edtott\u00e1k meg<\/p>\n<p>Vas\u00e1rnap est\u00e9re azt\u00e1n megtelt az MVM Dome. \u00dagy nyolc ezren n\u00e9zt\u00e9k a helysz\u00ednen a vas\u00e1rnap esti etapot, amikor eld\u0151lt, hogy melyik versenyz\u0151 vihette haza a 35 ezer fontos f\u0151d\u00edjat \u00e9s a tr\u00f3fe\u00e1t.<\/p>\n<p>A jelmezesekb\u0151l sem volt hi\u00e1ny, hogy csak p\u00e1rat eml\u00edts\u00fcnk: a hupik\u00e9k t\u00f6rpik\u00e9k, a m\u00e1r visszat\u00e9r\u0151 vend\u00e9g, Obeliszk \u00e9s zombik \u00e9s ban\u00e1nok sora is a helysz\u00ednen tekintette meg a versenyt.\u00a0<\/p>\n<p>                        <a href=\"https:\/\/galeria.index.hu\/sport\/2026\/08\/31\/hungarian_darts_trophy\/\" class=\"image-link\" target=\"galesz71338409\" data-contentid=\"6270265\" data-js-galeria-url=\"https:\/\/galeria.index.hu\/sport\/2026\/08\/31\/hungarian_darts_trophy\/\" data-js-galeria-open-with=\"\" rel=\"nofollow noopener\"><br \/>\n                            <img decoding=\"async\" id=\"kep71338409\" alt=\"\" border=\"0\" loading=\"lazy\" src=\"https:\/\/www.europesays.com\/hu\/wp-content\/uploads\/2026\/08\/71338499_cb25fbab7fc32b2b4727db73919d65c4_wm.jpg\" width=\"738\" height=\"492\" data-image_width=\"738\" data-image_height=\"492\"\/><br \/>\n                        <\/a><br \/>\n                        <a href=\"https:\/\/galeria.index.hu\/sport\/2026\/08\/31\/hungarian_darts_trophy\/\" class=\"image-link\" target=\"galesz71338417\" data-contentid=\"6270265\" data-js-galeria-url=\"https:\/\/galeria.index.hu\/sport\/2026\/08\/31\/hungarian_darts_trophy\/\" data-js-galeria-open-with=\"\" rel=\"nofollow noopener\"><br \/>\n                            <img decoding=\"async\" id=\"kep71338417\" alt=\"Gary Anderson \" border=\"0\" loading=\"lazy\" src=\"https:\/\/www.europesays.com\/hu\/wp-content\/uploads\/2026\/08\/71338527_2d75e3e88aefd175a6a259214e101b4c_wm.jpg\" width=\"369\" height=\"246\" data-image_width=\"369\" data-image_height=\"246\"\/><br \/>\n                        <\/a><br \/>\n                        <a href=\"https:\/\/galeria.index.hu\/sport\/2026\/08\/31\/hungarian_darts_trophy\/\" class=\"image-link\" target=\"galesz71338387\" data-contentid=\"6270265\" data-js-galeria-url=\"https:\/\/galeria.index.hu\/sport\/2026\/08\/31\/hungarian_darts_trophy\/\" data-js-galeria-open-with=\"\" rel=\"nofollow noopener\"><br \/>\n                            <img decoding=\"async\" id=\"kep71338387\" alt=\"Ross Smith \" border=\"0\" loading=\"lazy\" src=\"https:\/\/www.europesays.com\/hu\/wp-content\/uploads\/2026\/08\/71338529_7d9fccee1ddb8efb2247cda8bfe7f60f_wm.jpg\" width=\"369\" height=\"246\" data-image_width=\"369\" data-image_height=\"246\"\/><\/p>\n<p>                         17        <\/p>\n<p>                        <\/a><\/p>\n<p>\n                        Gal\u00e9ria: Hungarian Darts TrophyFot\u00f3: Papajcsik P\u00e9ter \/ Index<\/p>\n<p>A j\u00f3 hangulatot m\u00e1r az els\u0151 negyedd\u00f6nt\u0151 megalapozta. A holland h\u00e1zimeccsen a tavalyi d\u00f6nt\u0151s, Danny Noppert m\u00e1r 4\u20130-ra is vezetett a hat nyert legig tart\u00f3 k\u00fczdelemben, de Dirk van Duijvenbode visszaj\u00f6tt a meccsbe. A Padlizs\u00e1n becen\u00e9vre hajaz\u00f3 holland ezut\u00e1n zsin\u00f3rban \u00f6t leget megnyert. Duijbenvode m\u00e1r a gy\u0151zelem\u00e9rt is kezdett, de Noppert dupla h\u00fasszal kiegyenl\u00edtett, majd a saj\u00e1t kezd\u00e9s\u00e9t hozva bejutott az el\u0151d\u00f6nt\u0151be.<\/p>\n<p>A m\u00e1sik \u00e1gon Van Veen\u2013Anderson negyedd\u00f6nt\u0151je emelkedett ki.<\/p>\n<p>Az 55 esztend\u0151s sk\u00f3t legenda mintha Glasgowban j\u00e1tszott volna, a meccse alatt nem egyszer kezdett r\u00e1 a magyar k\u00f6z\u00f6ns\u00e9g a \u201eGary, Gary\u201d rigmusra.<\/p>\n<p>Andersonnak sz\u00fcks\u00e9ge is volt a biztat\u00e1sra. Mindk\u00e9t j\u00e1t\u00e9kos k\u00f6zel 100-as \u00e1tlagot dobott, a k\u00f6z\u00f6ns\u00e9g meg is \u00e9rdemelte, hogy a mindent eld\u00f6nt\u0151, 11. legben d\u0151lj\u00f6n el a m\u00e9rk\u0151z\u00e9s. Ezt noha Van Veen\u00a0sz\u00e1zzal \u00e9s 96-al kezdte, Anderson ezut\u00e1n a legjobbkor dobott egy 180-at, s v\u00e9g\u00fcl a 80-at h\u00e1rom ny\u00edlb\u00f3l megoldotta.\u00a0<\/p>\n<p>\n                          A d\u00f6nt\u0151be v\u00e9g\u00fcl a fels\u0151 \u00e1gon Ross Smith jutott be, aki 7\u20133-ra verte Noppertet. Az este legjobb meccse c\u00edmre ez aligha p\u00e1ly\u00e1zik, de a szurkol\u00f3k feltal\u00e1lt\u00e1k magukat: Thomas, a g\u0151zmozdony vezet\u00e9s\u00e9vel k\u00edgy\u00f3z\u00f3 sorokban kezdtek bele a vonatoz\u00e1ssal.\n                        <\/p>\n<p>Ezt k\u00f6vet\u0151en egy igazi thriller k\u00f6vetkezett, Gary Anderson m\u00e1r 6\u20134-es h\u00e1tr\u00e1nyban is volt Nathan Aspinall ellen, azt\u00e1n k\u00e9tszer is elvette az angol kezd\u00e9s\u00e9t \u2013 az egyikben \u00e9ppen egy 160-os kisz\u00e1ll\u00f3val \u2013, s v\u00e9g\u00fcl 7\u20136-ra nyert!<\/p>\n<p>Gary Anderson \u2013 aki egy\u00e9bk\u00e9nt el\u0151sz\u00f6r szerepelt a Hungarian Darts Trophy-n \u2013 a fin\u00e1l\u00e9ra \u00e9rezhet\u0151en elf\u00e1radt, ez\u00fattal nem tudta a meccset az utols\u00f3 legig elvinni, s\u0151t.\u00a0<\/p>\n<p>Ross Smith 72 sz\u00e1zal\u00e9kos kisz\u00e1ll\u00f3z\u00e1sa ellen semmi ellenszere nem volt a sk\u00f3tnak, \u00edgy a v\u00e1rtn\u00e1l sim\u00e1bb lett az utols\u00f3 budapesti meccs. Smith 8\u20132-re nyert, id\u00e9n m\u00e1r m\u00e1sodik European Tour-\u00e1llom\u00e1st nyerte meg.<\/p>\n<p>\n                          Smith v\u00e9g\u00fcl kisfi\u00e1val egy\u00fctt \u00fcnnepelt a sz\u00ednpadon:\n                        <\/p>\n<p>\n                          HUNGARIAN DARTS TROPHY 2026, MVM DOME\n                        <\/p>\n<p>\n                          Negyedd\u00f6nt\u0151k:\n                        <\/p>\n<p>                        Danny Noppert (90.26-os \u00e1tlag)\u2013Dirk van Duijvenbode (94.85) 6\u20135<br \/>\n                        Ross Smith (angol, 95.35)\u2013Dave Chisnall (angol, 89.63) 6\u20132<br \/>\n                        Gary Anderson (sk\u00f3t, 99.79)\u2013Gian van Veen (holland, 101.45) 6\u20135<br \/>\n                        Nathan Aspinall (angol, 100.95)\u2013Chris Dobey (angol, 98.04) 6\u20135<\/p>\n<p>\n                          El\u0151d\u00f6nt\u0151k:\n                        <\/p>\n<p>                        Ross Smith (93.30)\u2013Danny Noppert (87.49) 7\u20133<br \/>\n                        Gary Anderson (89.05)\u2013Nathan Aspinall (96.87) 7\u20136<\/p>\n<p>\n                          D\u00f6nt\u0151\n                        <\/p>\n<p>                        Ross Smith (96,95)\u2013Gary Anderson (88,57) 8\u20132<\/p>\n<p>(Bor\u00edt\u00f3k\u00e9p:\u00a0 Ross Smith\u00a0\u00a0Hungarian Darts Trophy d\u00f6nt\u0151j\u00e9n. Fot\u00f3: Papajcsik P\u00e9ter \/ Index)\u00a0<\/p>\n<p><a href=\"https:\/\/dex.hu\/x.php?id=googlepref_desktop&amp;url=https:\/\/google.com\/preferences\/source?q=https:\/\/index.hu\" class=\"google-pref-banner \" id=\"googlePrefBanner\" rel=\"nofollow noopener\" target=\"_blank\"><\/p>\n<p>    Itt \u00e1ll\u00edtsa be, hogy az Index az els\u0151k k\u00f6z\u00f6tt legyen a Google-tal\u00e1latokban!<\/p>\n<p><\/a><\/p>\n<p>                <a href=\"https:\/\/konyvek.index.hu\/\" target=\"_blank\" rel=\"nofollow noopener\"><br \/>\n                <img decoding=\"async\" src=\"https:\/\/index.hu\/assets\/images\/konyvajanlo\/book_indapress\/book_indapress_logo.svg\" loading=\"lazy\" alt=\"Inda Press Kiad\u00f3\"\/><br \/>\n                <\/a><\/p>\n<p>                <img decoding=\"async\" src=\"https:\/\/www.europesays.com\/hu\/wp-content\/uploads\/2026\/08\/1788154219_400_penges.png\" loading=\"lazy\" alt=\"Peng\u00e9s megold\u00e1s\"\/><\/p>\n<p>Most megtudhatod, hogyan lehetsz te is dartsversenyz\u0151! <\/p>\n<p>                <a class=\"book_index_btn\" href=\"https:\/\/indexadhu.hit.gemius.pl\/hitredir?id=nSCbubuYpDWJZLZs0TssLrbt33Lk5kbipuiZrkg89G3.g7&amp;stparam=rmjgipmtnj&amp;fastid=kqugmkjdcufqjwhsazqqdjoyrclz&amp;nc=0&amp;url=https:\/\/www.indapresskiado.hu\/products\/penges-megoldas?_pos=1&amp;_psq=peng%C3%A9s&amp;_ss=e&amp;_v=1.0\" target=\"_blank\" rel=\"nofollow noopener\">MEGVESZEM<\/a><\/p>\n<p>    <img decoding=\"async\" src=\"https:\/\/www.europesays.com\/hu\/wp-content\/uploads\/2026\/08\/1788154221_306_redot.gif\"\/><\/p>\n<p>    <img decoding=\"async\" src=\"https:\/\/index.hu\/assets\/images\/social-follow\/logo-big.svg\" alt=\"Index.hu logo\"\/><\/p>\n<p>K\u00f6vesse az Indexet Facebookon is!<\/p>\n<p>    <a href=\"https:\/\/facebook.com\/Indexhu\" target=\"_blank\" rel=\"nofollow noopener\"><\/p>\n<p>        K\u00f6vetem!<br \/>\n    <\/a><\/p>\n","protected":false},"excerpt":{"rendered":"Id\u00e9n m\u00e1r hatodik alkalommal figyelt a darts vil\u00e1ga Budapestre. Ez\u00fattal az MVM Dome-ban augusztus utols\u00f3 h\u00e9tv\u00e9g\u00e9j\u00e9n rendezt\u00e9k a&hellip;\n","protected":false},"author":2,"featured_media":226970,"comment_status":"","ping_status":"","sticky":false,"template":"","format":"standard","meta":{"footnotes":"","_share_on_mastodon":"0"},"categories":[14],"tags":[4445,60405,60310,44,42,53871,40,43,41,6317,45,131],"class_list":["post-226969","post","type-post","status-publish","format-standard","has-post-thumbnail","category-sport","tag-darts","tag-gary-anderson","tag-gian-van-veen","tag-hu","tag-hungarian","tag-hungarian-darts-trophy","tag-hungary","tag-magyar","tag-magyarorszag","tag-mvm-dome","tag-sport","tag-sports"],"share_on_mastodon":{"url":"https:\/\/pubeurope.com\/@hu\/117188482331760556","error":""},"_links":{"self":[{"href":"https:\/\/www.europesays.com\/hu\/wp-json\/wp\/v2\/posts\/226969","targetHints":{"allow":["GET"]}}],"collection":[{"href":"https:\/\/www.europesays.com\/hu\/wp-json\/wp\/v2\/posts"}],"about":[{"href":"https:\/\/www.europesays.com\/hu\/wp-json\/wp\/v2\/types\/post"}],"author":[{"embeddable":true,"href":"https:\/\/www.europesays.com\/hu\/wp-json\/wp\/v2\/users\/2"}],"replies":[{"embeddable":true,"href":"https:\/\/www.europesays.com\/hu\/wp-json\/wp\/v2\/comments?post=226969"}],"version-history":[{"count":0,"href":"https:\/\/www.europesays.com\/hu\/wp-json\/wp\/v2\/posts\/226969\/revisions"}],"wp:featuredmedia":[{"embeddable":true,"href":"https:\/\/www.europesays.com\/hu\/wp-json\/wp\/v2\/media\/226970"}],"wp:attachment":[{"href":"https:\/\/www.europesays.com\/hu\/wp-json\/wp\/v2\/media?parent=226969"}],"wp:term":[{"taxonomy":"category","embeddable":true,"href":"https:\/\/www.europesays.com\/hu\/wp-json\/wp\/v2\/categories?post=226969"},{"taxonomy":"post_tag","embeddable":true,"href":"https:\/\/www.europesays.com\/hu\/wp-json\/wp\/v2\/tags?post=226969"}],"curies":[{"name":"wp","href":"https:\/\/api.w.org\/{rel}","templated":true}]}}