{"id":226993,"date":"2026-08-31T06:02:08","date_gmt":"2026-08-31T06:02:08","guid":{"rendered":"https:\/\/www.europesays.com\/hu\/226993\/"},"modified":"2026-08-31T06:02:08","modified_gmt":"2026-08-31T06:02:08","slug":"index-kulfold-tiz-masodperc-mulva-mar-keso-lett-volna-egy-hos-tanar-1643-gyereket-mentett-meg-a-nepali-aradasban","status":"publish","type":"post","link":"https:\/\/www.europesays.com\/hu\/226993\/","title":{"rendered":"Index &#8211; K\u00fclf\u00f6ld &#8211; T\u00edz m\u00e1sodperc m\u00falva m\u00e1r k\u00e9s\u0151 lett volna: egy h\u0151s tan\u00e1r 1643 gyereket mentett meg a nep\u00e1li \u00e1rad\u00e1sban"},"content":{"rendered":"<p>Szerda reggel Rajendra Dawadi, a Tribhuvan Trishuli k\u00f6z\u00e9piskola 47 \u00e9ves igazgat\u00f3ja a bar\u00e1tj\u00e1t\u00f3l tudta meg, hogy a foly\u00f3n nyolc kilom\u00e9terrel feljebb fekv\u0151 <a href=\"https:\/\/index.hu\/kulfold\/2026\/08\/29\/nepal-kina-tibet-villamarviz-katasztrofa-halottak-zold-haz-aradas-sar-bomlas-holttestek-mentes\/\" id=\"hyperlink_ad1ad10ff452d0562e57e3e1e09420ef\" target=\"_blank\" title=\"Megr\u00e1z\u00f3 felv\u00e9tel terjed egy csal\u00e1dr\u00f3l, akik az erk\u00e9lyr\u0151l n\u00e9zt\u00e9k v\u00e9gig, ahogy k\u00f6r\u00fcl\u00f6tt\u00fck minden megsemmis\u00fcl\" rel=\"nofollow noopener\">falut elmosta a v\u00edz<\/a> \u2013 \u00edrja a <a href=\"https:\/\/www.dailymail.com\/news\/article-16090857\/Hero-teacher-saves-children-Nepal-floods-school.html\" id=\"hyperlink_22a40a9b47290b281bfc943d54a31f98\" rel=\"nofollow noopener\" target=\"_blank\">Daily Mail<\/a> a The Times riportja alapj\u00e1n.<\/p>\n<p>Ekkor m\u00e1r kilencsz\u00e1z gyerek volt az iskola \u00e9p\u00fclet\u00e9ben, tov\u00e1bbi h\u00e9tsz\u00e1z pedig \u00faton. Nem sokkal k\u00e9s\u0151bb az egyik sz\u00fcl\u0151 is riasztotta az igazgat\u00f3t: <a href=\"https:\/\/index.hu\/kulfold\/2026\/08\/29\/nepal-arviz-himalaja-gleccser-mentes\/\" id=\"hyperlink_1cf5bc0eaa1a9e681dd85ca33f56813a\" target=\"_blank\" title=\"Elk\u00e9peszt\u0151 vide\u00f3: 97 \u00e9ves nagymam\u00e1t markol\u00f3val mentenek ki a nep\u00e1li \u00e1rv\u00edz pokl\u00e1b\u00f3l\" rel=\"nofollow noopener\">a v\u00edz gyorsan emelkedik<\/a>, \u00e9s az iskola fel\u00e9 tart. Az int\u00e9zm\u00e9ny a foly\u00f3 szintje f\u00f6l\u00f6tt mintegy hatvan m\u00e9terrel \u00e1llt \u2013 ez a k\u00fcl\u00f6nbs\u00e9g aznap nem sz\u00e1m\u00edtott semmit. Rajendra Dawadi, aki angolt tan\u00edt az iskol\u00e1ban, el\u0151sz\u00f6r a m\u00e9g \u00faton l\u00e9v\u0151 buszok sof\u0151rjeit h\u00edvta v\u00e9gig, \u00e9s visszafordul\u00e1sra utas\u00edtotta \u0151ket. Egy kiv\u00e9tel\u00e9vel mindenkit el\u00e9rt. Az utols\u00f3 j\u00e1rm\u0171vet m\u00e1r akkor pillantotta meg, amikor a v\u00edz elkezdett befolyni az iskola udvar\u00e1ra. Azonnal visszak\u00fcldte. \u201e\u00c9pp akkor \u00e9rt \u00e1t a t\u00faloldalra, amikor a h\u00edd \u00f6sszeomlott\u201d \u2013 mondta a The Timesnak.<\/p>\n<p>                        Majdnem mindenki t\u00fal\u00e9lte<\/p>\n<p>Ezut\u00e1n fordult az \u00e9p\u00fcletben l\u00e9v\u0151 di\u00e1kok fel\u00e9, akik addigra maguk is felfogt\u00e1k, mi t\u00f6rt\u00e9nik. \u201eAz egyik l\u00e1ny p\u00e1nikrohamot kapott, \u0151t egy motor h\u00e1tulj\u00e1ra \u00fcltett\u00fck. A t\u00f6bbieket felk\u00fcldtem gyalog a domboldalra, azt\u00e1n ut\u00e1nuk mentem\u201d \u2013 id\u00e9zte fel az igazgat\u00f3. Menek\u00fcl\u00e9s k\u00f6zben Dawadi l\u00e1tta, ahogy a foly\u00f3t\u00f3l nagyj\u00e1b\u00f3l sz\u00e1z m\u00e9terre \u00e1ll\u00f3 koll\u00e9gium\u00e9p\u00fcletet elnyeli a v\u00edz.<\/p>\n<p>A gyors d\u00f6nt\u00e9ssorozat 1643 gyerek \u00e9let\u00e9t mentette meg \u2013 \u00e9s szinte az iskola teljes tantest\u00fclet\u00e9\u00e9t. Santos Pariyar, a 32 \u00e9ves t\u00e1rsadalomt\u00f6rt\u00e9net-tan\u00e1r volt, aki \u00fajonnan ker\u00fclt az iskol\u00e1ba, \u00e9s aznap reggel kor\u00e1bban ment be, hogy k\u00fcl\u00f6n \u00f3r\u00e1kat tartson. \u0150t elsodorta az \u00e1r.<\/p>\n<p>                        T\u00edz m\u00e1sodpercen m\u00falott<\/p>\n<p>A 16 \u00e9ves Yunisha szerint a menek\u00fcl\u00e9s hajsz\u00e1lon m\u00falt: \u0151 \u00e9s a bar\u00e1tai \u201et\u00edz m\u00e1sodperccel \u00e9lt\u00e9k t\u00fal\u201d. A di\u00e1kl\u00e1ny a BBC-nek arr\u00f3l besz\u00e9lt, hogy egy sz\u0171k \u00f6sv\u00e9nyen futottak fel az iskola m\u00f6g\u00f6tt. \u201ePillanatok alatt elmosta a baz\u00e1rt a szemem el\u0151tt\u201d \u2013 mondta.<\/p>\n<p>Otthon ek\u00f6zben \u00f3r\u00e1kon \u00e1t pr\u00f3b\u00e1lt\u00e1k el\u00e9rni. \u201eP\u00e1nikban voltam. T\u00f6bbsz\u00f6r h\u00edvtam a l\u00e1nyomat \u00e9s az apj\u00e1t is, de egyik\u00fck sem volt el\u00e9rhet\u0151\u201d \u2013 mondta az \u00e9desanyja, Sabina Shrestha. A csal\u00e1dnak v\u00e9g\u00fcl siker\u00fclt besz\u00e9lnie Yunish\u00e1val, de csak h\u00e1rom nappal k\u00e9s\u0151bb nyugodhattak meg igaz\u00e1n, amikor a l\u00e1ny haza\u00e9rt.<\/p>\n<p>                        M\u00e1r t\u00f6bb mint 800 hal\u00e1los \u00e1ldozata van a katasztr\u00f3f\u00e1nak\u00a0<\/p>\n<p>Vas\u00e1rnap m\u00e1r meghaladta a 800-at a nep\u00e1li-k\u00ednai hat\u00e1rt\u00e9rs\u00e9gre z\u00fadult <a href=\"https:\/\/index.hu\/kulfold\/2026\/08\/26\/nepal-tibet-villamarviz-magyar-turista-zarandok-eltunes\/\" id=\"hyperlink_adf17f6758a9585cc582a8e82ba463a8\" target=\"_blank\" title=\"\u00cdgy csapott le a puszt\u00edt\u00f3 vill\u00e1m\u00e1rv\u00edz Nep\u00e1lban, h\u00e1rom magyar \u00e1llampolg\u00e1r is elt\u0171nt\" rel=\"nofollow noopener\">katasztrof\u00e1lis f\u00f6ldcsuszaml\u00e1s \u00e9s vill\u00e1m\u00e1rv\u00edz<\/a> hal\u00e1los \u00e1ldozatainak sz\u00e1ma: a nep\u00e1li oldalon a rend\u0151rs\u00e9g vas\u00e1rnapra 788 holttest megtal\u00e1l\u00e1s\u00e1t jelentette, a k\u00ednai hat\u00f3s\u00e1gok pedig tov\u00e1bbra is 16 halottr\u00f3l sz\u00e1moltak be Tibetben \u2013 \u00edrja az MTI.<\/p>\n<p>A v\u00f6r\u00f6skereszt becsl\u00e9se szerint t\u00f6bb mint 90 ezer embert \u00e9rinthetett a Himal\u00e1ja nep\u00e1li-k\u00ednai hat\u00e1rvid\u00e9k\u00e9n szerd\u00e1n bek\u00f6vetkezett katasztr\u00f3fa. A hat\u00e1r k\u00e9t oldal\u00e1n t\u00f6bb mint 3 ezer ember, k\u00f6zt\u00fck t\u00f6bb sz\u00e1z turista szerepel m\u00e9g elt\u0171ntk\u00e9nt. Kor\u00e1bban a K\u00fcl\u00fcgyminiszt\u00e9rium arr\u00f3l t\u00e1j\u00e9koztatta az Indexet, hogy\u00a0<a href=\"https:\/\/index.hu\/kulfold\/2026\/08\/26\/nepal-tibet-villamarviz-magyar-turista-zarandok-eltunes\/\" id=\"hyperlink_adf17f6758a9585cc582a8e82ba463a8\" target=\"_blank\" title=\"\u00cdgy csapott le a puszt\u00edt\u00f3 vill\u00e1m\u00e1rv\u00edz Nep\u00e1lban, h\u00e1rom magyar \u00e1llampolg\u00e1r is elt\u0171nt\" data-recommendation=\"bekezdes_utan\" data-recommendation-preview=\"{\" og:title=\"\" rel=\"nofollow noopener\">h\u00e1rom magyart \u00e1llampolg\u00e1rt,<\/a> k\u00f6zt\u00fck egy any\u00e1t \u00e9s l\u00e1ny\u00e1t is elt\u0171ntk\u00e9nt keresnek a nep\u00e1li \u00e1rad\u00e1sok ut\u00e1n.<\/p>\n<p>A\u00a0<a href=\"https:\/\/index.hu\/kulfold\/2026\/08\/28\/nepal-katasztrofa-villamarviz-kina-csinghaj-tibet-fennsik-gleccser-tavak-felmeres\/\" id=\"hyperlink_672ed5575978480b3ed2ebd387f6571b\" target=\"_blank\" title=\"Hszi Csin-ping \u00f6sszeh\u00edvta embereit a puszt\u00edt\u00f3 nep\u00e1li katasztr\u00f3fa ut\u00e1n, \u00fajabb vesz\u00e9ly fenyegeti a t\u00e9rs\u00e9get\" rel=\"nofollow noopener\">k\u00ednai \u00e9s nep\u00e1li hat\u00f3s\u00e1gok<\/a> k\u00f6zben tov\u00e1bbi <a href=\"https:\/\/index.hu\/kulfold\/2026\/08\/27\/nepal-kina-villamaradas-arviz-halottak\/\" id=\"hyperlink_2ce8f9c42aa965eba6c6059ab8dcd299\" target=\"_blank\" title=\"H\u00e1rom napon bel\u00fcl \u00e1tszakadhat a gig\u00e1szi v\u00edzt\u00e1roz\u00f3, \u00fajabb katasztr\u00f3fa fenyeget Nep\u00e1lban, egyre t\u00f6bb a halott\" rel=\"nofollow noopener\">lehets\u00e9ges \u00e1rad\u00e1s vesz\u00e9ly\u00e9re figyelmeztettek<\/a>. Nep\u00e1lban a hat\u00f3s\u00e1gok vas\u00e1rnap t\u00f6bbsz\u00f6r is \u00e1rv\u00edzriaszt\u00e1st k\u00fcldtek a mobiltelefonokra, \u00f3vatoss\u00e1gra intve a katasztr\u00f3fa k\u00f6rny\u00e9k\u00e9n \u00e9l\u0151 lakoss\u00e1got.<\/p>\n<p lang=\"en\" dir=\"ltr\">Devastating flash flood hits Nepal\u2019s Rasuwa district \ud83d\udc94<br \/>Lives lost. Hundreds still missing including Indian tourists and Kailash pilgrims.<br \/>Bridges and roads washed away. Rescue teams working through the day.<br \/>May Mahadev protect everyone. \ud83d\ude4f<a href=\"https:\/\/x.com\/hashtag\/Nepal?src=hash&amp;ref_src=twsrc%5Etfw\" rel=\"nofollow\">#Nepal<\/a> <a href=\"https:\/\/t.co\/7PlVpr2zNo\" rel=\"nofollow\">pic.twitter.com\/7PlVpr2zNo<\/a><\/p>\n<p>\u2014 SUNITA (@SaffronSunita) <a href=\"https:\/\/x.com\/SaffronSunita\/status\/2092581681895292960?ref_src=twsrc%5Etfw\" rel=\"nofollow\">August 26, 2026<\/a> <\/p>\n<p>(Bor\u00edt\u00f3k\u00e9p: L\u00e9gi felv\u00e9tel a meg\u00e1radt Trishuli foly\u00f3 ment\u00e9n tal\u00e1lhat\u00f3, megrong\u00e1l\u00f3dott \u00e9p\u00fcletekr\u0151l \u00e9s infrastrukt\u00far\u00e1r\u00f3l azut\u00e1n, hogy hatalmas vill\u00e1m\u00e1rv\u00edz s\u00f6p\u00f6rt v\u00e9gig a t\u00e9rs\u00e9gen Nep\u00e1lban 2026. augusztus 26-\u00e1n. Fot\u00f3: Skanda Gautam \/ SOPA Images \/ LightRocket \/ Getty Images)<\/p>\n<p><a href=\"https:\/\/dex.hu\/x.php?id=googlepref_desktop&amp;url=https:\/\/google.com\/preferences\/source?q=https:\/\/index.hu\" class=\"google-pref-banner \" id=\"googlePrefBanner\" rel=\"nofollow noopener\" target=\"_blank\"><\/p>\n<p>    Itt \u00e1ll\u00edtsa be, hogy az Index az els\u0151k k\u00f6z\u00f6tt legyen a Google-tal\u00e1latokban!<\/p>\n<p><\/a><\/p>\n<p>Ebben a cikkben a t\u00e9ma \u00e9rz\u00e9kenys\u00e9ge miatt nem tartjuk etikusnak rekl\u00e1mok elhelyez\u00e9s\u00e9t.<br \/>R\u00e9szletes t\u00e1j\u00e9koztat\u00e1st az Indamedia Csoport <a href=\"https:\/\/ajanlat.indamediasales.hu\/markabiztonsag\/Indamedia_Sales_Markabiztonsagi_nyilatkozat.pdf\" target=\"_blank\" rel=\"nofollow noopener\">m\u00e1rkabiztons\u00e1gi nyilatkozat\u00e1ban<\/a> tal\u00e1l.<\/p>\n<p>    <img decoding=\"async\" src=\"https:\/\/index.hu\/assets\/images\/social-follow\/logo-big.svg\" alt=\"Index.hu logo\"\/><\/p>\n<p>K\u00f6vesse az Indexet Facebookon is!<\/p>\n<p>    <a href=\"https:\/\/facebook.com\/Indexhu\" target=\"_blank\" rel=\"nofollow noopener\"><\/p>\n<p>        K\u00f6vetem!<br \/>\n    <\/a><\/p>\n<p>                    <script async src=\"https:\/\/platform.twitter.com\/widgets.js\" charset=\"utf-8\"><\/script><\/p>\n","protected":false},"excerpt":{"rendered":"Szerda reggel Rajendra Dawadi, a Tribhuvan Trishuli k\u00f6z\u00e9piskola 47 \u00e9ves igazgat\u00f3ja a bar\u00e1tj\u00e1t\u00f3l tudta meg, hogy a foly\u00f3n&hellip;\n","protected":false},"author":2,"featured_media":226994,"comment_status":"","ping_status":"","sticky":false,"template":"","format":"standard","meta":{"footnotes":"","_share_on_mastodon":"0"},"categories":[8],"tags":[3060,6032,1563,42,16502,64,43,3777,34,23522,94,93,92],"class_list":["post-226993","post","type-post","status-publish","format-standard","has-post-thumbnail","category-vilag","tag-arviz","tag-foldcsuszamlas","tag-halottak","tag-hungarian","tag-katasztrofa","tag-kulfold","tag-magyar","tag-nepal","tag-news","tag-tibet","tag-vilag","tag-world","tag-world-news"],"share_on_mastodon":{"url":"https:\/\/pubeurope.com\/@hu\/117188609331877776","error":""},"_links":{"self":[{"href":"https:\/\/www.europesays.com\/hu\/wp-json\/wp\/v2\/posts\/226993","targetHints":{"allow":["GET"]}}],"collection":[{"href":"https:\/\/www.europesays.com\/hu\/wp-json\/wp\/v2\/posts"}],"about":[{"href":"https:\/\/www.europesays.com\/hu\/wp-json\/wp\/v2\/types\/post"}],"author":[{"embeddable":true,"href":"https:\/\/www.europesays.com\/hu\/wp-json\/wp\/v2\/users\/2"}],"replies":[{"embeddable":true,"href":"https:\/\/www.europesays.com\/hu\/wp-json\/wp\/v2\/comments?post=226993"}],"version-history":[{"count":0,"href":"https:\/\/www.europesays.com\/hu\/wp-json\/wp\/v2\/posts\/226993\/revisions"}],"wp:featuredmedia":[{"embeddable":true,"href":"https:\/\/www.europesays.com\/hu\/wp-json\/wp\/v2\/media\/226994"}],"wp:attachment":[{"href":"https:\/\/www.europesays.com\/hu\/wp-json\/wp\/v2\/media?parent=226993"}],"wp:term":[{"taxonomy":"category","embeddable":true,"href":"https:\/\/www.europesays.com\/hu\/wp-json\/wp\/v2\/categories?post=226993"},{"taxonomy":"post_tag","embeddable":true,"href":"https:\/\/www.europesays.com\/hu\/wp-json\/wp\/v2\/tags?post=226993"}],"curies":[{"name":"wp","href":"https:\/\/api.w.org\/{rel}","templated":true}]}}