{"id":227001,"date":"2026-08-31T06:12:13","date_gmt":"2026-08-31T06:12:13","guid":{"rendered":"https:\/\/www.europesays.com\/hu\/227001\/"},"modified":"2026-08-31T06:12:13","modified_gmt":"2026-08-31T06:12:13","slug":"fradi-71-szazalek-a-tovabbjutasra-16-szazalek-a-nyolcaddontore-ezt-varjak-toluk-az-el-ben","status":"publish","type":"post","link":"https:\/\/www.europesays.com\/hu\/227001\/","title":{"rendered":"Fradi: 71 sz\u00e1zal\u00e9k a tov\u00e1bbjut\u00e1sra, 16 sz\u00e1zal\u00e9k a nyolcadd\u00f6nt\u0151re &#8211; ezt v\u00e1rj\u00e1k t\u0151l\u00fck az EL-ben"},"content":{"rendered":"<p>                    <a href=\"https:\/\/news.google.com\/publications\/CAAqJQgKIh9DQklTRVFnTWFnMEtDMk56WVd0bWIyTnBMbWgxS0FBUAE\" target=\"_blank\" class=\"google-news\" rel=\"nofollow noopener\">A legfrissebb h\u00edrek\u00e9rt k\u00f6vess minket a Csakfoci Google News oldal\u00e1n is!<\/a><\/p>\n<p>Mint ismeretes, a Ferencv\u00e1ros sz\u00e1m\u00e1ra ism\u00e9t az Eur\u00f3pa Liga ligaf\u00e1zis\u00e1ban folytat\u00f3dik a nemzetk\u00f6zi szerepl\u00e9s: a z\u00f6ld-feh\u00e9rek n\u00e9gy riv\u00e1list is b\u00facs\u00faztatt\u00e1k a selejtez\u0151ben, \u00edgy sorozatban nyolcadszor is ott vannak valamelyik eur\u00f3pai kupasorozat f\u0151t\u00e1bl\u00e1j\u00e1n. <a href=\"https:\/\/www.csakfoci.hu\/kulfoldi-foci\/brutalis-fradi-sorsolas-az-el-ben-jon-a-juventus-budapestre-utazas-a-milanhoz-itt-vannak-az-ellenfelek\" rel=\"nofollow noopener\" target=\"_blank\">A p\u00e9nteki sorsol\u00e1s<\/a> alapj\u00e1n ez\u00fattal sem lesz egyszer\u0171 dolga a magyar bajnoknak. Az FTC hazai p\u00e1ly\u00e1n fogadja a Viktoria Plze\u0148t, a Torreens\u00e9t, a Celj\u00e9t \u00e9s a Juventust, m\u00edg idegenben a Celtic, a Milan, a Lech Pozna\u0144 \u00e9s a Hoffenheim v\u00e1r Pascal Jansen egy\u00fcttes\u00e9re.<\/p>\n<p>A Football Meets Data el\u0151rejelz\u00e9se alapj\u00e1n a Fradi a 36 csapatos mez\u0151nyben a 22. leger\u0151sebb egy\u00fcttesnek sz\u00e1m\u00edt. A modell szerint 16 sz\u00e1zal\u00e9k az es\u00e9lye annak, hogy a ligaf\u00e1zis v\u00e9g\u00e9n a legjobb nyolc k\u00f6z\u00f6tt v\u00e9gez, ezzel pedig automatikusan bejut a nyolcadd\u00f6nt\u0151be.<\/p>\n<p>A tov\u00e1bbjut\u00e1sra ugyanakkor enn\u00e9l j\u00f3val nagyobb es\u00e9lyt adnak a magyar bajnoknak. 71 sz\u00e1zal\u00e9k annak a val\u00f3sz\u00edn\u0171s\u00e9ge, hogy az FTC a legjobb 24 k\u00f6z\u00f6tt z\u00e1r, vagyis kvalifik\u00e1lja mag\u00e1t a kies\u00e9ses szakaszba. A 9\u201324. helyezettekre azonban m\u00e9g playoff v\u00e1r a nyolcadd\u00f6nt\u0151\u00e9rt, \u00edgy a 71 sz\u00e1zal\u00e9k nem k\u00f6zvetlen nyolcadd\u00f6nt\u0151s szerepl\u00e9st jelent.<\/p>\n<p>A sz\u00e1mok alapj\u00e1n teh\u00e1t a Football Meets Data szerint a Fradi sz\u00e1m\u00e1ra a kies\u00e9ses szakasz el\u00e9r\u00e9se re\u00e1lis c\u00e9l, a legjobb nyolc k\u00f6z\u00e9 ker\u00fcl\u00e9s viszont m\u00e1r komoly brav\u00far lenne.<\/p>\n<p>\u00c9rdekes az ellenfelek \u00f6sszevet\u00e9se is. A top 24-re vonatkoz\u00f3 es\u00e9lyek alapj\u00e1n a Ferencv\u00e1ros 71 sz\u00e1zal\u00e9kos mutat\u00f3j\u00e1val megel\u0151zi p\u00e9ld\u00e1ul a Celticet (69,4%), a Salzburgot (57,2%) \u00e9s a Viktoria Plze\u0148t (54,4%). A Lech Pozna\u0144 viszont p\u00e9ld\u00e1ul 77,7 sz\u00e1zal\u00e9kkal a Fradi el\u0151tt szerepel.<\/p>\n<p>A mez\u0151ny egyik legnagyobb favoritja az AC Milan: az olasz szt\u00e1rcsapatnak 52,9 sz\u00e1zal\u00e9kos es\u00e9lyt adnak a legjobb nyolcba ker\u00fcl\u00e9sre, m\u00edg arra 93,5 sz\u00e1zal\u00e9k a val\u00f3sz\u00edn\u0171s\u00e9g, hogy legal\u00e1bb a legjobb 24 k\u00f6z\u00f6tt v\u00e9gez. De az FTC ellenfelei k\u00f6z\u00fcl a Juventus \u00e9s a Hoffenheim is ott van a TOP 10-ben.<\/p>\n<p>A Fradi sz\u00e1m\u00e1ra teh\u00e1t pap\u00edron adott a lehet\u0151s\u00e9g arra, hogy tavasszal is folytassa eur\u00f3pai szerepl\u00e9s\u00e9t, ehhez azonban a neh\u00e9z sorsol\u00e1s ellen\u00e9re is hoznia kell a k\u00f6telez\u0151nek sz\u00e1m\u00edt\u00f3 m\u00e9rk\u0151z\u00e9seket, \u00e9s brav\u00farokra is sz\u00fcks\u00e9ge lehet a Milan, a Juventus vagy \u00e9ppen a Celtic ellen.<\/p>\n<p style=\"text-align: center;\">\n<p><a href=\"https:\/\/www.csakfoci.hu\/kulfoldi-foci\/el-menetrend-skociaban-kezd-a-fradi-jovore-erkezik-a-juventus-a-magyar-fovarosba\" class=\"embed-article\" rel=\"nofollow noopener\" target=\"_blank\"><\/p>\n<p>Olvastad m\u00e1r?<\/p>\n<p>            <img loading=\"lazy\" decoding=\"async\" class=\"lazy-img\" src=\"https:\/\/www.europesays.com\/hu\/wp-content\/uploads\/2026\/08\/1788156733_254_fradiorom3-768x432.jpg\" width=\"768\" height=\"432\" alt=\"\"\/><\/p>\n<p>EL-menetrend: Sk\u00f3ci\u00e1ban kezd a Fradi, j\u00f6v\u0151re \u00e9rkezik a Juventus a magyar f\u0151v\u00e1rosba<\/p>\n<p>Sk\u00f3ci\u00e1ban kezdi \u00e9s N\u00e9metorsz\u00e1gban z\u00e1rja a f\u0151t\u00e1bl\u00e1t a Ferencv\u00e1ros.<\/p>\n<p>Elolvasom<\/p>\n<p><\/a><\/p>\n","protected":false},"excerpt":{"rendered":"A legfrissebb h\u00edrek\u00e9rt k\u00f6vess minket a Csakfoci Google News oldal\u00e1n is! Mint ismeretes, a Ferencv\u00e1ros sz\u00e1m\u00e1ra ism\u00e9t az&hellip;\n","protected":false},"author":2,"featured_media":227002,"comment_status":"","ping_status":"","sticky":false,"template":"","format":"standard","meta":{"footnotes":"","_share_on_mastodon":"0"},"categories":[14],"tags":[980,59967,34521,51391,47,46,377,500,44,42,40,43,1067,41,45,131],"class_list":["post-227001","post","type-post","status-publish","format-standard","has-post-thumbnail","category-sport","tag-el","tag-el-fotabla","tag-el-selejtezok","tag-el-sorsolas","tag-europa-liga","tag-ferencvaros","tag-fradi","tag-ftc","tag-hu","tag-hungarian","tag-hungary","tag-magyar","tag-magyar-foci","tag-magyarorszag","tag-sport","tag-sports"],"share_on_mastodon":{"url":"https:\/\/pubeurope.com\/@hu\/117188647190251010","error":""},"_links":{"self":[{"href":"https:\/\/www.europesays.com\/hu\/wp-json\/wp\/v2\/posts\/227001","targetHints":{"allow":["GET"]}}],"collection":[{"href":"https:\/\/www.europesays.com\/hu\/wp-json\/wp\/v2\/posts"}],"about":[{"href":"https:\/\/www.europesays.com\/hu\/wp-json\/wp\/v2\/types\/post"}],"author":[{"embeddable":true,"href":"https:\/\/www.europesays.com\/hu\/wp-json\/wp\/v2\/users\/2"}],"replies":[{"embeddable":true,"href":"https:\/\/www.europesays.com\/hu\/wp-json\/wp\/v2\/comments?post=227001"}],"version-history":[{"count":0,"href":"https:\/\/www.europesays.com\/hu\/wp-json\/wp\/v2\/posts\/227001\/revisions"}],"wp:featuredmedia":[{"embeddable":true,"href":"https:\/\/www.europesays.com\/hu\/wp-json\/wp\/v2\/media\/227002"}],"wp:attachment":[{"href":"https:\/\/www.europesays.com\/hu\/wp-json\/wp\/v2\/media?parent=227001"}],"wp:term":[{"taxonomy":"category","embeddable":true,"href":"https:\/\/www.europesays.com\/hu\/wp-json\/wp\/v2\/categories?post=227001"},{"taxonomy":"post_tag","embeddable":true,"href":"https:\/\/www.europesays.com\/hu\/wp-json\/wp\/v2\/tags?post=227001"}],"curies":[{"name":"wp","href":"https:\/\/api.w.org\/{rel}","templated":true}]}}