{"id":227040,"date":"2026-08-31T06:58:06","date_gmt":"2026-08-31T06:58:06","guid":{"rendered":"https:\/\/www.europesays.com\/hu\/227040\/"},"modified":"2026-08-31T06:58:06","modified_gmt":"2026-08-31T06:58:06","slug":"hvg360-wall-street-journal-a-keresztapa-ii-hires-kubai-jelenetet-idezi-trump-megallapodasa-a-venezuelai-olajrol","status":"publish","type":"post","link":"https:\/\/www.europesays.com\/hu\/227040\/","title":{"rendered":"hvg360: Wall Street Journal: A Keresztapa II. h\u00edres kubai jelenet\u00e9t id\u00e9zi Trump meg\u00e1llapod\u00e1sa a venezuelai olajr\u00f3l"},"content":{"rendered":"<p>A senki \u00e1ltal meg nem v\u00e1lasztott Delcy Rodr\u00edguez venezuelai eln\u00f6kkel olyan egyezs\u00e9g sz\u00fcletett, amely 65 ezer milli\u00e1rd hord\u00f3nyi olajhoz juttatn\u00e1 az Egyes\u00fclt \u00c1llamokat. Sz\u00f3val nem \u00e9ppen k\u00f6z\u00f6ns\u00e9ges kereskedelmi tranzakci\u00f3.<\/p>\n<p>A r\u00e9szletek nem ismeretesek, a lebonyol\u00edt\u00e1s\u00e9rt az USA r\u00e9sz\u00e9r\u0151l a Pentagon lesz az illet\u00e9kes. \u00c1m a jogi alap messze nem egy\u00e9rtelm\u0171. <\/p>\n","protected":false},"excerpt":{"rendered":"A senki \u00e1ltal meg nem v\u00e1lasztott Delcy Rodr\u00edguez venezuelai eln\u00f6kkel olyan egyezs\u00e9g sz\u00fcletett, amely 65 ezer milli\u00e1rd hord\u00f3nyi&hellip;\n","protected":false},"author":2,"featured_media":227041,"comment_status":"","ping_status":"","sticky":false,"template":"","format":"standard","meta":{"footnotes":"","_share_on_mastodon":"0"},"categories":[8],"tags":[384,65,42,641,981,43,34,55,380,94,93,92],"class_list":["post-227040","post","type-post","status-publish","format-standard","has-post-thumbnail","category-vilag","tag-delcy-rodriguez","tag-donald-trump","tag-hungarian","tag-koolaj","tag-lapszemle","tag-magyar","tag-news","tag-olaj","tag-venezuela","tag-vilag","tag-world","tag-world-news"],"share_on_mastodon":{"url":"https:\/\/pubeurope.com\/@hu\/117188827942708582","error":""},"_links":{"self":[{"href":"https:\/\/www.europesays.com\/hu\/wp-json\/wp\/v2\/posts\/227040","targetHints":{"allow":["GET"]}}],"collection":[{"href":"https:\/\/www.europesays.com\/hu\/wp-json\/wp\/v2\/posts"}],"about":[{"href":"https:\/\/www.europesays.com\/hu\/wp-json\/wp\/v2\/types\/post"}],"author":[{"embeddable":true,"href":"https:\/\/www.europesays.com\/hu\/wp-json\/wp\/v2\/users\/2"}],"replies":[{"embeddable":true,"href":"https:\/\/www.europesays.com\/hu\/wp-json\/wp\/v2\/comments?post=227040"}],"version-history":[{"count":0,"href":"https:\/\/www.europesays.com\/hu\/wp-json\/wp\/v2\/posts\/227040\/revisions"}],"wp:featuredmedia":[{"embeddable":true,"href":"https:\/\/www.europesays.com\/hu\/wp-json\/wp\/v2\/media\/227041"}],"wp:attachment":[{"href":"https:\/\/www.europesays.com\/hu\/wp-json\/wp\/v2\/media?parent=227040"}],"wp:term":[{"taxonomy":"category","embeddable":true,"href":"https:\/\/www.europesays.com\/hu\/wp-json\/wp\/v2\/categories?post=227040"},{"taxonomy":"post_tag","embeddable":true,"href":"https:\/\/www.europesays.com\/hu\/wp-json\/wp\/v2\/tags?post=227040"}],"curies":[{"name":"wp","href":"https:\/\/api.w.org\/{rel}","templated":true}]}}