{"id":227085,"date":"2026-08-31T07:37:10","date_gmt":"2026-08-31T07:37:10","guid":{"rendered":"https:\/\/www.europesays.com\/hu\/227085\/"},"modified":"2026-08-31T07:37:10","modified_gmt":"2026-08-31T07:37:10","slug":"a-mob-nal-is-sulyos-torvenyserteseket-talalt-az-asz","status":"publish","type":"post","link":"https:\/\/www.europesays.com\/hu\/227085\/","title":{"rendered":"A MOB-n\u00e1l is s\u00falyos t\u00f6rv\u00e9nys\u00e9rt\u00e9seket tal\u00e1lt az \u00c1SZ"},"content":{"rendered":"<p>A Magyar Olimpiai Bizotts\u00e1g (MOB) a k\u00f6zbeszerz\u00e9si k\u00f6telezetts\u00e9g\u00e9nek nem tett eleget, olvashat\u00f3 az\u00a0\u00c1llami Sz\u00e1mvev\u0151sz\u00e9k (\u00c1SZ) augusztus 27-\u00e9n publik\u00e1lt jelent\u00e9s\u00e9ben.<\/p>\n<p>&#13;<\/p>\n<p>A MOB\u00a0a 2023. \u00e9vben kapott, ellen\u0151rz\u00e9sre kiv\u00e1lasztott t\u00e1mogat\u00e1st a t\u00e1mogat\u00f3i okiratban meghat\u00e1rozott c\u00e9lra haszn\u00e1lta fel, azonban megs\u00e9rtette a k\u00f6zbeszerz\u00e9si elj\u00e1r\u00e1sra vonatkoz\u00f3 el\u0151\u00edr\u00e1st<\/p>\n<p>&#13;<\/p>\n<p>&#8211; <a href=\"https:\/\/www.asz.hu\/jelentesek\" target=\"_blank\" rel=\"nofollow noopener\">sz\u00f3l<\/a> a 30 oldalas dokumentum egyik \u00f6sszegz\u0151 meg\u00e1llap\u00edt\u00e1sa.\u00a0<\/p>\n<p>Az \u00c1SZ\u00a0a Honv\u00e9delmi Miniszt\u00e9riumt\u00f3l kapott 935,6 milli\u00f3 forint \u00f6sszeg\u0171 t\u00e1mogat\u00e1st v\u00e1lasztotta ki ellen\u0151rz\u00e9sre. A jelent\u00e9s szerint a p\u00e9nzt arra haszn\u00e1lt\u00e1k fel, amire kapt\u00e1k, de a\u00a0t\u00e1mogat\u00e1s terh\u00e9re elsz\u00e1molt sportruh\u00e1zati \u00e9s formaruh\u00e1zati beszerz\u00e9sekkel (\u00f6sszesen 308 milli\u00f3 forint) kapcsolatban az \u00c1SZ kezdem\u00e9nyez\u00e9s\u00e9re indult elj\u00e1r\u00e1sban a K\u00f6zbeszerz\u00e9si D\u00f6nt\u0151bizotts\u00e1g meg\u00e1llap\u00edtotta a k\u00f6zbeszerz\u00e9si elj\u00e1r\u00e1s jogatalan mell\u0151z\u00e9s\u00e9t. A K\u00f6zbeszerz\u00e9si D\u00f6nt\u0151bizotts\u00e1g hat\u00e1rozatai alapj\u00e1n pedig a MOB k\u00f6zjogi szervezetk\u00e9nt klasszikus aj\u00e1nlatk\u00e9r\u0151nek min\u0151s\u00fclt, ez\u00e9rt k\u00f6zjogi szervezetk\u00e9nt k\u00f6teles lett volna lefolytatni a k\u00f6zbeszerz\u00e9si elj\u00e1r\u00e1sokat.\u00a0A MOB viszont a D\u00f6nt\u0151bizotts\u00e1g ellen k\u00f6zbeszerz\u00e9si \u00fcgyben hozott hat\u00e1rozat miatt pert ind\u00edtott, a F\u0151v\u00e1rosi B\u00edr\u00f3s\u00e1g pedig az \u00c1SZ-jelent\u00e9stervezet elk\u00e9sz\u00edt\u00e9s\u00e9ig m\u00e9g nem hozott \u00edt\u00e9letet.<\/p>\n<p>                    <img decoding=\"async\" src=\"https:\/\/www.europesays.com\/hu\/wp-content\/uploads\/2026\/08\/wladar-sandor-a-magyar-uszo-szovetseg-elnoke-b-gratulal-gyulay-zsoltnak-a-magyar-olimpiai-bizottsag-.jpeg\" alt=\"Wlad\u00e1r S\u00e1ndor, a Magyar \u00dasz\u00f3 Sz\u00f6vets\u00e9g eln\u00f6ke (b) gratul\u00e1l Gyulay Zsoltnak, a Magyar Olimpiai Bizotts\u00e1g (MOB) megv\u00e1lasztott \u00faj eln\u00f6k\u00e9nek (j) a MOB k\u00f6zgy\u0171l\u00e9s\u00e9n (Fot\u00f3: MTI\/Illy\u00e9s Tibor)\"\/><br \/>\n                    Wlad\u00e1r S\u00e1ndor, a Magyar \u00dasz\u00f3 Sz\u00f6vets\u00e9g eln\u00f6ke (b) gratul\u00e1l Gyulay Zsoltnak, a Magyar Olimpiai Bizotts\u00e1g (MOB) megv\u00e1lasztott \u00faj eln\u00f6k\u00e9nek (j) a MOB k\u00f6zgy\u0171l\u00e9s\u00e9n (Fot\u00f3: MTI\/Illy\u00e9s Tibor)<br \/>Fot\u00f3: MTI<\/p>\n<p>A k\u00f6zel egymilli\u00e1rd forintot a MOB 2023-ban arra kapta\u00a0a jelent\u00e9s szerint, hogy\u00a0a magyar olimpiai csapat az olimpiai esem\u00e9nyeken r\u00e9szt tudjon venni. Visszakeresve az der\u00fcl ki, hogy k\u00f6zbeszerz\u00e9s t\u00e9nyleg nem volt, helyette\u00a0ny\u00edlt felh\u00edv\u00e1sban kereste meg a MOB\u00a0a 2024-es p\u00e1rizsi olimpia megnyit\u00f3\u00fcnneps\u00e9g\u00e9re utaz\u00f3 400 tag\u00fa magyar csapat formaruh\u00e1j\u00e1nak besz\u00e1ll\u00edt\u00f3j\u00e1t. A felh\u00edv\u00e1s febru\u00e1r 1-j\u00e9n jelent meg, a p\u00e1ly\u00e1zatokat pedig febru\u00e1r 13-ig lehetett beadni\u00a0k\u00e9pekkel \u00e9s grafik\u00e1kkal, valamint a pontos k\u00f6lts\u00e9gvet\u00e9s megjel\u00f6l\u00e9s\u00e9vel.<\/p>\n<p>A 2021-ben megrendezett 2020-as Toki\u00f3i ny\u00e1ri olimpia magyar csapat\u00e1nak formaruh\u00e1j\u00e1t a NUBU tervez\u0151i \u00e1lmodt\u00e1k meg, m\u00edg\u00a0a magyar olimpiai csapat a p\u00e1rizsi megnyit\u00f3n a Heavy Tools k\u00e9nyelmes kollekci\u00f3it viselte. A hivatalos \u00fcnnepi \u00f6lt\u00f6zetet az olimpikonoknak a Roland Divath\u00e1z, m\u00edg a parasportol\u00f3knak a K\u00c9ZM\u0170 K\u00f6zhaszn\u00fa Nonprofit Kft. biztos\u00edtotta.\u00a0A magyar paralimpikonok sportruh\u00e1zat\u00e1t a Tisza gy\u00e1rtotta \u00e9s sz\u00e1ll\u00edtotta. A ruh\u00e1kat 2024-ben mutatt\u00e1k be, ahol\u00a0Schmidt \u00c1d\u00e1m akkori sport\u00e9rt felel\u0151s \u00e1llamtitk\u00e1r elmondta: mindig a cs\u00facsra t\u00f6rekednek a magyarok, nincs ez m\u00e1sk\u00e9pp a megjelen\u00e9s\u00fcnket illet\u0151en sem. Gyulay Zsolt, a Magyar Olimpiai Bizotts\u00e1g eln\u00f6ke pedig \u00fagy fogalmazott, hogy\u00a0a ruh\u00e1zatban is pr\u00f3b\u00e1ltak el\u0151rel\u00e9pni, ez\u00e9rt a versenyz\u0151knek biztos\u00edtottak\u00a0egy k\u00e9nyelmes ruh\u00e1t a megnyit\u00f3ra, egy eleg\u00e1nsat, melyet az \u00fcnnepi alkalmakkor viselhetnek\u00a0\u00e9s\u00a0sportruh\u00e1zatot, melyet mint 1968 \u00f3ta mindig, ez\u00fattal is az Adidas biztos\u00edtott.<\/p>\n<p>&#13;<\/p>\n<p>A MOB t\u00f6bb esetben jogtalanul mell\u0151zte a k\u00f6zbeszerz\u00e9si elj\u00e1r\u00e1s lefolytat\u00e1s\u00e1t a 2019-2022. k\u00f6z\u00f6tti id\u0151szakban az Elektronikus K\u00f6zbeszerz\u00e9si Rendszer adatai, valamint az Emberi Er\u0151forr\u00e1sok Miniszt\u00e9rium\u00e1t\u00f3l \u00e9s a Honv\u00e9delmi Miniszt\u00e9riumt\u00f3l kapott t\u00e1mogat\u00e1sok felhaszn\u00e1l\u00e1s\u00e1ra vonatkoz\u00f3 inform\u00e1ci\u00f3i alapj\u00e1n<\/p>\n<p>&#13;<\/p>\n<p>&#8211; olvashat\u00f3 a jelent\u00e9sben.<\/p>\n<p>A MOB jelenleg tele van fideszes politikussal, illetve a volt korm\u00e1nyp\u00e1rthoz k\u00f6t\u00f6d\u0151 visszavonult\u00a0sportol\u00f3val. Az eln\u00f6k Gyulay Zsolt, aki m\u00e9g febru\u00e1rban arr\u00f3l besz\u00e9lt, hogy\u00a0ha a Tisza P\u00e1rt ker\u00fcl hatalomra, akkor szerinte a sport nem lesz strat\u00e9giai \u00e1gazat, \u00e9s visszav\u00e1gj\u00e1k a t\u00e1mogat\u00e1sokat. Maga is tagja a Sportol\u00f3k <a href=\"https:\/\/dpkor.hu\/dpk\/sportolok\/\" target=\"_blank\" rel=\"nofollow noopener\">n\u00e9ven<\/a> alap\u00edtott Digit\u00e1lis Polg\u00e1ri K\u00f6rnek, csak\u00fagy, mint Berki Kriszti\u00e1n MOB eln\u00f6ks\u00e9gi tag. A MOB aleln\u00f6ke Deutsch Tam\u00e1s, m\u00edg eln\u00f6ks\u00e9gi tag m\u00e9g F\u00fcrjes Bal\u00e1zs \u00e9s Schmitt P\u00e1l is.<\/p>\n<p>\t\t\t\t<img decoding=\"async\" src=\"https:\/\/www.europesays.com\/hu\/wp-content\/uploads\/2026\/08\/gyulai-zsolt-el-tudja-kepzelni-a-2036-os-magyar-olimpiat_th.jpg\" alt=\"Gyulai Zsolt el tudja k\u00e9pzelni a 2036-os magyar olimpi\u00e1t\" class=\"cikkajanlo-kep img-fluid mb-0\"\/><\/p>\n<p>A MOB eln\u00f6k\u00e9nek egyebek mellett azt javasolta az \u00c1SZ, hogy vezessen be olyan ellen\u0151rz\u00e9si \u00e9s d\u00f6nt\u00e9shozatali mechanizmusokat, amelyek garant\u00e1lj\u00e1k a k\u00f6zbeszerz\u00e9si jogszab\u00e1lyok betart\u00e1s\u00e1t az ir\u00e1nyad\u00f3 k\u00f6zbeszerz\u00e9si \u00e9rt\u00e9khat\u00e1rt meghalad\u00f3 beszerz\u00e9si ig\u00e9ny felmer\u00fcl\u00e9sekor, hogy a k\u00f6zbeszerz\u00e9si k\u00f6telezetts\u00e9g\u00e9nek eleget tegyen.<\/p>\n","protected":false},"excerpt":{"rendered":"A Magyar Olimpiai Bizotts\u00e1g (MOB) a k\u00f6zbeszerz\u00e9si k\u00f6telezetts\u00e9g\u00e9nek nem tett eleget, olvashat\u00f3 az\u00a0\u00c1llami Sz\u00e1mvev\u0151sz\u00e9k (\u00c1SZ) augusztus 27-\u00e9n publik\u00e1lt&hellip;\n","protected":false},"author":2,"featured_media":227086,"comment_status":"","ping_status":"","sticky":false,"template":"","format":"standard","meta":{"footnotes":"","_share_on_mastodon":"0"},"categories":[12],"tags":[44,42,40,43,41,454,121,120,125,122,124,123],"class_list":["post-227085","post","type-post","status-publish","format-standard","has-post-thumbnail","category-tudomany-es-technologia","tag-hu","tag-hungarian","tag-hungary","tag-magyar","tag-magyarorszag","tag-makro","tag-science","tag-science-technology","tag-technologia","tag-technology","tag-tudomany","tag-tudomany-es-technologia"],"share_on_mastodon":{"url":"https:\/\/pubeurope.com\/@hu\/117188981426196292","error":""},"_links":{"self":[{"href":"https:\/\/www.europesays.com\/hu\/wp-json\/wp\/v2\/posts\/227085","targetHints":{"allow":["GET"]}}],"collection":[{"href":"https:\/\/www.europesays.com\/hu\/wp-json\/wp\/v2\/posts"}],"about":[{"href":"https:\/\/www.europesays.com\/hu\/wp-json\/wp\/v2\/types\/post"}],"author":[{"embeddable":true,"href":"https:\/\/www.europesays.com\/hu\/wp-json\/wp\/v2\/users\/2"}],"replies":[{"embeddable":true,"href":"https:\/\/www.europesays.com\/hu\/wp-json\/wp\/v2\/comments?post=227085"}],"version-history":[{"count":0,"href":"https:\/\/www.europesays.com\/hu\/wp-json\/wp\/v2\/posts\/227085\/revisions"}],"wp:featuredmedia":[{"embeddable":true,"href":"https:\/\/www.europesays.com\/hu\/wp-json\/wp\/v2\/media\/227086"}],"wp:attachment":[{"href":"https:\/\/www.europesays.com\/hu\/wp-json\/wp\/v2\/media?parent=227085"}],"wp:term":[{"taxonomy":"category","embeddable":true,"href":"https:\/\/www.europesays.com\/hu\/wp-json\/wp\/v2\/categories?post=227085"},{"taxonomy":"post_tag","embeddable":true,"href":"https:\/\/www.europesays.com\/hu\/wp-json\/wp\/v2\/tags?post=227085"}],"curies":[{"name":"wp","href":"https:\/\/api.w.org\/{rel}","templated":true}]}}