{"id":227103,"date":"2026-08-31T07:51:09","date_gmt":"2026-08-31T07:51:09","guid":{"rendered":"https:\/\/www.europesays.com\/hu\/227103\/"},"modified":"2026-08-31T07:51:09","modified_gmt":"2026-08-31T07:51:09","slug":"mediafuture-content-erkezik-az-openai-fankszeru-eszkoze-jony-ive-megprobalja-atirni-hogyan-hasznaljuk-a-mesterseges-intelligenciat","status":"publish","type":"post","link":"https:\/\/www.europesays.com\/hu\/227103\/","title":{"rendered":"MediaFuture &#8211; Content &#8211; \u00c9rkezik az OpenAI f\u00e1nkszer\u0171 eszk\u00f6ze: Jony Ive megpr\u00f3b\u00e1lja \u00e1t\u00edrni, hogyan haszn\u00e1ljuk a mesters\u00e9ges intelligenci\u00e1t"},"content":{"rendered":"<p>\n    A k\u00fcty\u00fc nem akar \u00fajabb telefon lenni, az AI haszn\u00e1lat\u00e1t vinn\u00e9 m\u00e1sik ir\u00e1nyba. M\u00e9g \u201eszem\u00e9lyis\u00e9get\u201d is adn\u00e1nak neki.<\/p>\n<p>Az OpenAI olyan ter\u00fcletre l\u00e9p, ahol eddig az Apple, a Google \u00e9s az Amazon j\u00e1tszott. A v\u00e1llalat <a href=\"https:\/\/www.reuters.com\/technology\/openais-first-hardware-device-will-be-speaker-bloomberg-news-reports-2026-07-14\/\" id=\"hyperlink_da75fb5cc849c09e7a6d3d3b6a2455de\" rel=\"nofollow noopener\" target=\"_blank\">els\u0151 jelent\u0151s fogyaszt\u00f3i hardvereszk\u00f6ze<\/a> a jelenlegi inform\u00e1ci\u00f3k szerint egy kijelz\u0151 n\u00e9lk\u00fcli, hordozhat\u00f3 AI-eszk\u00f6z lesz, amelyet Jony Ive, az Apple egykori vezet\u0151 formatervez\u0151je \u00e9s LoveFrom nev\u0171 st\u00fadi\u00f3ja k\u00f6zrem\u0171k\u00f6d\u00e9s\u00e9vel fejlesztenek. A k\u00e9sz\u00fcl\u00e9k v\u00e1rhat\u00f3an 2027-ben jelenik meg, vagyis az OpenAI eredeti, 2026-os terveihez k\u00e9pest cs\u00fasz\u00e1sban vannak.<\/p>\n<p>A legfrissebb besz\u00e1mol\u00f3k szerint j\u00e9gkorong m\u00e9ret\u0171, f\u00e1nkhoz hasonl\u00f3 t\u00e1rgyra lehet sz\u00e1m\u00edtani.<\/p>\n<p><a href=\"https:\/\/www.latimes.com\/business\/story\/2026-08-07\/openais-doughnut-shaped-ai-speaker-could-be-your-next-smartphone-replacement\" id=\"hyperlink_fcdc6f5755237a347c8d90193c0e6054\" rel=\"nofollow noopener\" target=\"_blank\">Nem lesz rajta kijelz\u0151,<\/a> lesznek viszont mikrofonok, hangsz\u00f3r\u00f3k, kamera, f\u00e9nyek \u00e9s egy\u00e9b \u00e9rz\u00e9kel\u0151k. Egyes r\u00e9szei mozoghatnak is, hogy a k\u00e9sz\u00fcl\u00e9k ne egyszer\u0171en v\u00e1laszoljon, hanem valamif\u00e9le \u201eszem\u00e9lyis\u00e9get\u201d k\u00f6zvet\u00edtsen.<\/p>\n<p>                        Mi\u00e9rt kell k\u00fcl\u00f6n eszk\u00f6z?<\/p>\n<p>Az OpenAI \u00e9s Ive a projektj\u00fckben nem kisebb telefont vagy jobb okoshangsz\u00f3r\u00f3t akarnak l\u00e9trehozni. A k\u00e9sz\u00fcl\u00e9k l\u00e9nyege, hogy az AI folyamatosan jelen legyen a k\u00f6rnyezet\u00fcnkben. A c\u00e9l, hogy ne kelljen el\u0151venni a mobilt, feloldani a k\u00e9perny\u0151t, megnyitni a ChatGPT-t, majd beg\u00e9pelni egy k\u00e9rd\u00e9st. A besz\u00e1mol\u00f3k szerint<\/p>\n<p>a t\u00e1rgy eg\u00e9sz nap el\u00e9rhet\u0151 lesz, \u00e9rz\u00e9keli a k\u00f6rnyezet\u00e9t, tanul a haszn\u00e1l\u00f3j\u00e1r\u00f3l.<\/p>\n<p>A kamera \u00e9s a szenzorok nem csup\u00e1n technikai extr\u00e1k. Arra szolg\u00e1lnak majd, hogy az AI a helyzetet is \u00e9rtse, ne csak a kimondott k\u00e9rd\u00e9st.<\/p>\n<p><a href=\"http:\/\/mediafuture.hu\/content\/2025\/10\/22\/jony-ive-portre-open-ai-apple-steve-jobs\/\" id=\"hyperlink_01d068a03259e3f6a9b44e222e5553a2\" target=\"_blank\" title=\"Jony Ive egy \u00fajabb technol\u00f3giai forradalomban lehet kulcsszerepl\u0151\" rel=\"nofollow noopener\">A MediaFuture m\u00e1r 2025 okt\u00f3ber\u00e9ben \u00edrt<\/a> egy ehhez k\u00f6zel \u00e1ll\u00f3 elk\u00e9pzel\u00e9sr\u0151l: a cikk szerint Ive \u00e9s az OpenAI megv\u00e1ltoztatn\u00e1, hogyan l\u00e9p\u00fcnk kapcsolatba a mesters\u00e9ges intelligenci\u00e1val. Az AI nem a k\u00e9perny\u0151n megnyitott szolg\u00e1ltat\u00e1sk\u00e9nt jelenne meg, hanem mindennapi t\u00e1rgyk\u00e9nt.<\/p>\n<p>                        Jony Ive neve a garancia<\/p>\n<p>Az ikonikus designer neve az\u00e9rt fontos, mert az Apple-n\u00e9l olyan term\u00e9kek form\u00e1j\u00e1t tervezte, mint az iPhone, az iPod, az iPad, az Apple Watch \u00e9s az iMac. Ive tervez\u00e9si filoz\u00f3fi\u00e1j\u00e1nak k\u00f6zponti eleme, hogy<\/p>\n<p>a felhaszn\u00e1l\u00f3 ne \u00e9rezze a technol\u00f3gia bonyolults\u00e1g\u00e1t, az eszk\u00f6znek term\u00e9szetesen kell m\u0171k\u00f6dnie.<\/p>\n<p>Ez az AI eset\u00e9ben k\u00fcl\u00f6n\u00f6sen fontos. A jelenlegi chatbotok haszn\u00e1lat\u00e1hoz fel\u00fclet, k\u00e9perny\u0151 \u00e9s utas\u00edt\u00e1s sz\u00fcks\u00e9ges. Ive feladata az lehet, hogy ezt a \u201er\u00e9teget\u201d min\u00e9l ink\u00e1bb elt\u00fcntesse.<\/p>\n<p>                        Megfizethet\u0151 lesz, de nem olcs\u00f3<\/p>\n<p>A k\u00e9sz\u00fcl\u00e9k nem olcs\u00f3 t\u00f6megterm\u00e9knek k\u00e9sz\u00fcl. Az OpenAI <a href=\"https:\/\/techcrunch.com\/2026\/08\/06\/openais-new-ai-smart-speaker-will-reportedly-sell-for-between-300-and-400\/\" id=\"hyperlink_93553c6ca62b0cfb31a11cf4839e28bd\" rel=\"nofollow noopener\" target=\"_blank\">300\u2013400 doll\u00e1ros \u00e1rral sz\u00e1mol,<\/a> ami dr\u00e1g\u00e1bb a hagyom\u00e1nyos okoshangsz\u00f3r\u00f3kn\u00e1l, de kevesebb egy pr\u00e9mium okostelefon \u00e1r\u00e1n\u00e1l.<\/p>\n<p>Az OpenAI azonban nem \u00fcres piacra \u00e9rkezik. <a href=\"https:\/\/www.parksassociates.com\/blogs\/home-systems-and-controls\/ai-redefines-the-smart-speaker-market-creating-new-opportunities-across-the-connected-home\" id=\"hyperlink_f60f501c89698a2f5fe28dd588642b34\" rel=\"nofollow noopener\" target=\"_blank\">A Parks Associates augusztusi elemz\u00e9se<\/a> szerint:<\/p>\n<p>                        az amerikai internetes h\u00e1ztart\u00e1sok 50 sz\u00e1zal\u00e9k\u00e1ban van okoshangsz\u00f3r\u00f3 vagy okoskijelz\u0151;<br \/>\n                        az elm\u00falt id\u0151szakban v\u00e1s\u00e1rolt okoskijelz\u0151k 78 sz\u00e1zal\u00e9ka Amazon-term\u00e9k volt;<br \/>\n                        az AI \u00faj n\u00f6veked\u00e9si lehet\u0151s\u00e9get teremthet ezen a piacon.<\/p>\n<p>                        Ink\u00e1bb sz\u00e1m\u00edt\u00f3g\u00e9p, mint hangsz\u00f3r\u00f3<\/p>\n<p>A Reuters szerint az eszk\u00f6z hordozhat\u00f3, kijelz\u0151 n\u00e9lk\u00fcli okoshangsz\u00f3r\u00f3 lesz, de az OpenAI t\u00f6bbet akar. <\/p>\n<p>A tervez\u0151k AI-t\u00e1rsat, a mindennapi feladatok elv\u00e9gz\u00e9s\u00e9re alkalmas k\u00fcty\u00fct k\u00e9pzelnek el.<\/p>\n<p>A v\u00e1llalat hosszabb t\u00e1von eg\u00e9sz eszk\u00f6zcsal\u00e1dot \u00e9p\u00edtene. Ez\u00e9rt k\u00f6lt\u00f6tt az OpenAI 6,5 milli\u00e1rd doll\u00e1rt az Ive \u00e1ltal alap\u00edtott io felv\u00e1s\u00e1rl\u00e1s\u00e1ra 2025-ben. Nem hangsz\u00f3r\u00f3t akarnak eladni. Saj\u00e1t fizikai eszk\u00f6z\u00f6kkel helyezn\u00e9k \u00faj alapra az AI haszn\u00e1lat\u00e1t.<\/p>\n<p>                        Tudj meg mindent a mesters\u00e9ges intelligenci\u00e1r\u00f3l!<\/p>\n<p>2026. szeptember 7\u20138-\u00e1n negyedik alkalommal rendezik meg az AI Summit Budapestet, K\u00f6z\u00e9p-Eur\u00f3pa egyik legnagyobb mesters\u00e9ges intelligencia konferenci\u00e1j\u00e1t.\u00a0<\/p>\n<p>                        <img decoding=\"async\" src=\"https:\/\/www.europesays.com\/hu\/wp-content\/uploads\/2026\/08\/70824007_b4ce4df85736ca8508772d8476904c79_wm.jpg\" border=\"0\" alt=\"AI widget 728x400\" style=\"line-height: 1.5; outline: rgba(0, 0, 0, 0) none 0px;\"\/><\/p>\n<p>2 nap, 3 helysz\u00edn, 10 sz\u00ednpad 300+ el\u0151ad\u00f3 \u00e9s t\u00f6bb ezer l\u00e1togat\u00f3! Jegyv\u00e1s\u00e1rl\u00e1s \u00e9s tov\u00e1bbi inform\u00e1ci\u00f3k: <a href=\"https:\/\/www.aisummit.hu\/hu?utm_source=mediafuture&amp;utm_medium=cikk14&amp;utm_campaign=aisummit&amp;utm_term=augusztus#tickets\" id=\"hyperlink_45bcfe56dd1d3e09a3817a720f17ac29\" rel=\"nofollow noopener\" target=\"_blank\">aisummit.hu<\/a><\/p>\n<p>                        Az Apple-lel is \u00f6sszecsaptak<\/p>\n<p>A projektet jogvita k\u00eds\u00e9ri. <a href=\"https:\/\/techcrunch.com\/2026\/08\/06\/openais-new-ai-smart-speaker-will-reportedly-sell-for-between-300-and-400\/\" id=\"hyperlink_93553c6ca62b0cfb31a11cf4839e28bd\" rel=\"nofollow noopener\" target=\"_blank\">Az Apple azt \u00e1ll\u00edtja,<\/a> hogy<\/p>\n<p>az OpenAI kor\u00e1bbi Apple-alkalmazottak r\u00e9v\u00e9n \u00fczleti titkokhoz juthatott hozz\u00e1<\/p>\n<p>a fejleszt\u00e9s sor\u00e1n. Az OpenAI <a href=\"https:\/\/index.hu\/techtud\/2026\/07\/11\/apple-openai-birosag-per\/\" id=\"hyperlink_2a664a6a7cad8298c9e9af222bbbd700\" rel=\"nofollow noopener\" target=\"_blank\" title=\"Kirobban\u00f3ban az \u00e9vtized pere: durv\u00e1n egym\u00e1snak megy a k\u00e9t tech\u00f3ri\u00e1s\">tagadja a v\u00e1dakat.<\/a> Az Apple szerint tizenegy volt alkalmazott szerep\u00e9t vizsg\u00e1lj\u00e1k.<\/p>\n<p>A helyzet pik\u00e1ns. Jony Ive egy olyan term\u00e9ken dolgozik emellett, amely <a href=\"http:\/\/mediafuture.hu\/content\/2025\/09\/18\/openai-gpt-5-befektetes-bongeszo-jovo\/\" id=\"hyperlink_f0850c67aff794dabd6b9fc04aaccf91\" target=\"_blank\" title=\"Az OpenAI g\u0151zer\u0151vel t\u00f6r el\u0151re, de neh\u00e9z probl\u00e9m\u00e1kkal is k\u00fczd\" data-recommendation=\"bekezdes_utan\" data-recommendation-preview=\"{&quot;og:title&quot;:&quot;Az OpenAI g\\u0151zer\\u0151vel t\u00f6r el\\u0151re, de neh\u00e9z probl\u00e9m\u00e1kkal is k\u00fczd&quot;,&quot;og:description&quot;:&quot;M\u00e1r heti 700 milli\u00f3 felhaszn\u00e1l\u00f3val rendelkezik a ChatGPT, \u00e9s mindenki sz\u00e1m\u00e1ra el\u00e9rhet\\u0151v\u00e9 tette a GPT-5-\u00f6t. Bennfentes inform\u00e1ci\u00f3k szerint saj\u00e1t b\u00f6ng\u00e9sz\\u0151t is ind\u00edtanak, \u00e9s k\u00fcsz\u00f6b\u00f6n egy nagy befektet\u00e9s.&quot;,&quot;og:image&quot;:&quot;\\\/\\\/kep.cdn.indexvas.hu\\\/1\\\/0\\\/6379\\\/63792\\\/637924\\\/63792409_4717477_3cbac9803afcfa86b9d4a21adee3534c_wm.jpg&quot;}\" data-recommendation-id=\"6052599\" rel=\"nofollow noopener\">hosszabb t\u00e1von<\/a> a k\u00e9perny\u0151k\u00f6zpont\u00fa sz\u00e1m\u00edt\u00e1stechnik\u00e1t is \u00e1talak\u00edthatja.<\/p>\n<p><a href=\"https:\/\/dex.hu\/x.php?id=googlepref_desktop_mediafuture&amp;url=https:\/\/google.com\/preferences\/source?q=https:\/\/mediafuture.hu\/\" class=\"google-pref-banner \" id=\"googlePrefBanner\" rel=\"nofollow noopener\" target=\"_blank\"><\/p>\n<p>        \u00c1ll\u00edtsd be a Google keres\u0151j\u00e9t, hogy a tal\u00e1latok k\u00f6z\u00f6tt biztos ott legyen a MediaFuture!    <\/p>\n<p><\/a><\/p>\n","protected":false},"excerpt":{"rendered":"A k\u00fcty\u00fc nem akar \u00fajabb telefon lenni, az AI haszn\u00e1lat\u00e1t vinn\u00e9 m\u00e1sik ir\u00e1nyba. M\u00e9g \u201eszem\u00e9lyis\u00e9get\u201d is adn\u00e1nak neki.&hellip;\n","protected":false},"author":2,"featured_media":227104,"comment_status":"","ping_status":"","sticky":false,"template":"","format":"standard","meta":{"footnotes":"","_share_on_mastodon":"0"},"categories":[12],"tags":[282,1022,44,42,40,37358,43,41,1888,121,120,125,122,124,123],"class_list":["post-227103","post","type-post","status-publish","format-standard","has-post-thumbnail","category-tudomany-es-technologia","tag-ai","tag-content","tag-hu","tag-hungarian","tag-hungary","tag-jony-ive","tag-magyar","tag-magyarorszag","tag-openai","tag-science","tag-science-technology","tag-technologia","tag-technology","tag-tudomany","tag-tudomany-es-technologia"],"share_on_mastodon":{"url":"https:\/\/pubeurope.com\/@hu\/117189036792257111","error":""},"_links":{"self":[{"href":"https:\/\/www.europesays.com\/hu\/wp-json\/wp\/v2\/posts\/227103","targetHints":{"allow":["GET"]}}],"collection":[{"href":"https:\/\/www.europesays.com\/hu\/wp-json\/wp\/v2\/posts"}],"about":[{"href":"https:\/\/www.europesays.com\/hu\/wp-json\/wp\/v2\/types\/post"}],"author":[{"embeddable":true,"href":"https:\/\/www.europesays.com\/hu\/wp-json\/wp\/v2\/users\/2"}],"replies":[{"embeddable":true,"href":"https:\/\/www.europesays.com\/hu\/wp-json\/wp\/v2\/comments?post=227103"}],"version-history":[{"count":0,"href":"https:\/\/www.europesays.com\/hu\/wp-json\/wp\/v2\/posts\/227103\/revisions"}],"wp:featuredmedia":[{"embeddable":true,"href":"https:\/\/www.europesays.com\/hu\/wp-json\/wp\/v2\/media\/227104"}],"wp:attachment":[{"href":"https:\/\/www.europesays.com\/hu\/wp-json\/wp\/v2\/media?parent=227103"}],"wp:term":[{"taxonomy":"category","embeddable":true,"href":"https:\/\/www.europesays.com\/hu\/wp-json\/wp\/v2\/categories?post=227103"},{"taxonomy":"post_tag","embeddable":true,"href":"https:\/\/www.europesays.com\/hu\/wp-json\/wp\/v2\/tags?post=227103"}],"curies":[{"name":"wp","href":"https:\/\/api.w.org\/{rel}","templated":true}]}}