{"id":227109,"date":"2026-08-31T07:54:09","date_gmt":"2026-08-31T07:54:09","guid":{"rendered":"https:\/\/www.europesays.com\/hu\/227109\/"},"modified":"2026-08-31T07:54:09","modified_gmt":"2026-08-31T07:54:09","slug":"harman-meghaltak-linzben-a-hat-hete-tarto-legionariusbetegseg-jarvanyban","status":"publish","type":"post","link":"https:\/\/www.europesays.com\/hu\/227109\/","title":{"rendered":"H\u00e1rman meghaltak Linzben a hat hete tart\u00f3 legion\u00e1riusbetegs\u00e9g-j\u00e1rv\u00e1nyban"},"content":{"rendered":"<p class=\"\">\n    K\u00f6zel hat hete ad okot aggodalomra Fels\u0151-Ausztria f\u0151v\u00e1ros\u00e1ban, Linzben egy legion\u00e1riusbetegs\u00e9g-j\u00e1rv\u00e1ny. Eddig 32 ember betegedett meg, h\u00e1rman pedig \u00e9let\u00fcket vesztett\u00e9k. A j\u00e1rv\u00e1ny kit\u00f6r\u00e9s\u00e9nek okait m\u00e9g nem siker\u00fclt marad\u00e9ktalanul tiszt\u00e1zni. Helmut Salzer, linzi infektol\u00f3gus azt mondta a ZiB 2 c\u00edm\u0171 m\u0171sorban, hogy jelenleg a linzi Kepler Egyetemi Klinik\u00e1n h\u00e1rom beteget \u00e1polnak, egy szem\u00e9ly pedig az intenz\u00edv oszt\u00e1lyon fekszik.\n  <\/p>\n<p class=\"\">\n    A betegs\u00e9get okoz\u00f3 legionella bakt\u00e9riumok apr\u00f3 v\u00edzcseppeken kereszt\u00fcl jutnak a t\u00fcd\u0151be. A legionell\u00e1k teh\u00e1t nem egyszer\u0171 cseppfert\u0151z\u00e9ssel, hanem \u00fagynevezett aeroszolok r\u00e9v\u00e9n terjednek. Ezek a finom v\u00edzcseppek a leveg\u0151ben mozognak, \u00e9s a sz\u00e9l ak\u00e1r t\u00f6bb kilom\u00e9teres t\u00e1vols\u00e1gba is elsz\u00e1ll\u00edthatja \u0151ket.\n  <\/p>\n<p class=\"\">\n    A v\u00e1rosban azt gyan\u00edtj\u00e1k, hogy nagy, ipari h\u0171t\u0151- \u00e9s kl\u00edmaberendez\u00e9sek okozt\u00e1k a j\u00e1rv\u00e1nyt. Salzer ezt nagyon is hihet\u0151nek tartja, elv\u00e9gre ezek \u201ehatalmas aeroszolfelh\u0151ket\u201d bocs\u00e1tanak ki.\n  <\/p>\n<p class=\"\">\n    Salzer hangs\u00falyozta, hogy az \u201eegy\u00e9ni kock\u00e1zat\u201d alacsony. A kit\u00f6r\u00e9st term\u00e9szetesen \u201enagyon-nagyon komolyan\u201d veszik. Amennyiben t\u00fcd\u0151gyullad\u00e1sra utal\u00f3 t\u00fcnetek jelentkeznek, mint p\u00e9ld\u00e1ul l\u00e1z, k\u00f6h\u00f6g\u00e9s \u00e9s l\u00e9gz\u00e9si neh\u00e9zs\u00e9g, azonnal orvoshoz kell fordulni.\n  <\/p>\n<p class=\"\">\n    A megbeteged\u00e9sek elm\u00falt t\u00edz \u00e9vben tapasztalhat\u00f3 meredek emelked\u00e9se Salzer szerint t\u00f6bb okra vezethet\u0151 vissza:\n  <\/p>\n<p>    El\u00f6reged\u0151 t\u00e1rsadalom: A lakoss\u00e1g egyre id\u0151sebb, \u00edgy fog\u00e9konyabb\u00e1 v\u00e1lik az ilyen t\u00edpus\u00fa k\u00f3rokoz\u00f3kra.Kl\u00edma \u00e9s technol\u00f3gia: Az \u00e9ghajlati v\u00e1ltoz\u00e1sok, valamint a h\u0171t\u0151berendez\u00e9sek \u00e9s l\u00e9gkondicion\u00e1l\u00f3k egyre gyakoribb telep\u00edt\u00e9se is potenci\u00e1lis fert\u0151z\u00e9sforr\u00e1st jelent.H\u0151hull\u00e1mok: A hosszabb \u00e9s intenz\u00edvebb meleg id\u0151szakok kedvez\u0151bb felt\u00e9teleket biztos\u00edtanak a legionell\u00e1knak a h\u0171t\u0151tornyokban val\u00f3 szaporod\u00e1shoz.<\/p>\n<p class=\"\">\n    Salzer szerint a fert\u0151z\u00e9skit\u00f6r\u00e9sek megel\u0151z\u00e9s\u00e9nek egyik konkr\u00e9t int\u00e9zked\u00e9se \u201eaz ipari kl\u00edmaberendez\u00e9sek regisztr\u00e1l\u00e1sa \u00e9s nyilv\u00e1ntart\u00e1sba v\u00e9tele\u201d lenne. Jelenleg ez nincs \u00edgy: egy legionella-kit\u00f6r\u00e9s eset\u00e9n a berendez\u00e9seket el\u0151sz\u00f6r fel kell kutatni. Emellett a kl\u00edmaberendez\u00e9sek karbantart\u00e1s\u00e1nak t\u00f6rv\u00e9nyi r\u00f6gz\u00edt\u00e9se is \u00e9szszer\u0171 l\u00e9p\u00e9s lenne. (<a href=\"https:\/\/www.derstandard.at\/story\/3000000336932\/legionellen-ausbruch-infektiologe-warnt-vor-risiken-im-privaten-haushalt?ref=niewidget&amp;rank=4\" target=\"_blank\" rel=\"nofollow noopener\">Der Standard<\/a>)\n  <\/p>\n","protected":false},"excerpt":{"rendered":"K\u00f6zel hat hete ad okot aggodalomra Fels\u0151-Ausztria f\u0151v\u00e1ros\u00e1ban, Linzben egy legion\u00e1riusbetegs\u00e9g-j\u00e1rv\u00e1ny. Eddig 32 ember betegedett meg, h\u00e1rman pedig&hellip;\n","protected":false},"author":2,"featured_media":227110,"comment_status":"","ping_status":"","sticky":false,"template":"","format":"standard","meta":{"footnotes":"","_share_on_mastodon":"0"},"categories":[8],"tags":[60434,60432,42,60435,64,54734,60433,13698,43,34,94,93,92],"class_list":["post-227109","post","type-post","status-publish","format-standard","has-post-thumbnail","category-vilag","tag-aeroszol","tag-felso-ausztria","tag-hungarian","tag-ipari-klimaberendezesek","tag-kulfold","tag-legionariusbetegseg","tag-legionella","tag-linz","tag-magyar","tag-news","tag-vilag","tag-world","tag-world-news"],"share_on_mastodon":{"url":"https:\/\/pubeurope.com\/@hu\/117189047968989268","error":""},"_links":{"self":[{"href":"https:\/\/www.europesays.com\/hu\/wp-json\/wp\/v2\/posts\/227109","targetHints":{"allow":["GET"]}}],"collection":[{"href":"https:\/\/www.europesays.com\/hu\/wp-json\/wp\/v2\/posts"}],"about":[{"href":"https:\/\/www.europesays.com\/hu\/wp-json\/wp\/v2\/types\/post"}],"author":[{"embeddable":true,"href":"https:\/\/www.europesays.com\/hu\/wp-json\/wp\/v2\/users\/2"}],"replies":[{"embeddable":true,"href":"https:\/\/www.europesays.com\/hu\/wp-json\/wp\/v2\/comments?post=227109"}],"version-history":[{"count":0,"href":"https:\/\/www.europesays.com\/hu\/wp-json\/wp\/v2\/posts\/227109\/revisions"}],"wp:featuredmedia":[{"embeddable":true,"href":"https:\/\/www.europesays.com\/hu\/wp-json\/wp\/v2\/media\/227110"}],"wp:attachment":[{"href":"https:\/\/www.europesays.com\/hu\/wp-json\/wp\/v2\/media?parent=227109"}],"wp:term":[{"taxonomy":"category","embeddable":true,"href":"https:\/\/www.europesays.com\/hu\/wp-json\/wp\/v2\/categories?post=227109"},{"taxonomy":"post_tag","embeddable":true,"href":"https:\/\/www.europesays.com\/hu\/wp-json\/wp\/v2\/tags?post=227109"}],"curies":[{"name":"wp","href":"https:\/\/api.w.org\/{rel}","templated":true}]}}