{"id":227129,"date":"2026-08-31T08:11:09","date_gmt":"2026-08-31T08:11:09","guid":{"rendered":"https:\/\/www.europesays.com\/hu\/227129\/"},"modified":"2026-08-31T08:11:09","modified_gmt":"2026-08-31T08:11:09","slug":"vajon-naby-keita-kontrollalta-a-labdat-vagy-csak-rugott-egy-kacskat-ezert-ervenytelenitettek-a-puskas-akademia-goljat-a-fradi-ellen","status":"publish","type":"post","link":"https:\/\/www.europesays.com\/hu\/227129\/","title":{"rendered":"Vajon Naby Keita kontroll\u00e1lta a labd\u00e1t vagy csak r\u00fagott egy kacsk\u00e1t? \u2013 ez\u00e9rt \u00e9rv\u00e9nytelen\u00edtett\u00e9k a Pusk\u00e1s Akad\u00e9mia g\u00f3lj\u00e1t a Fradi ellen"},"content":{"rendered":"<p>\u201eHogy mi hi\u00e1nyzott? Az az egy g\u00f3l, amir\u0151l a v\u00e9g\u00e9n kider\u00fclt, hogy les. Nem tudom, nem l\u00e1ttam a szitu\u00e1ci\u00f3t. Egy\u00e9bk\u00e9nt az els\u0151 f\u00e9lid\u0151 hi\u00e1nyzik a ponthoz\u2026\u201d \u2013 <a target=\"_blank\" rel=\"nofollow noopener\" href=\"https:\/\/m4sport.hu\/magyar-foci\/cikk\/2026\/08\/30\/borbely-balazs-az-eto-elleni-talalkozorol-ugyanolyan-merkozest-varok-mint-az-osszes-tobbinel\">nyilatkozta az M4 Sportnak<\/a> Bab\u00f3 Levente, a Pusk\u00e1s Akad\u00e9mia edz\u0151je.<\/p>\n<p>A Nemzeti Sportnak <a target=\"_blank\" rel=\"nofollow noopener\" href=\"https:\/\/www.nemzetisport.hu\/labdarugo-nb-i\/2026\/08\/babo-levente-meltatlan-ez-a-helyzet-a-jatekosokhoz-es-a-szurkolokhoz\">m\u00e1r sokkal besz\u00e9desebb volt<\/a>, \u00fagy fogalmazott, nem tud ezekkel a dolgokkal mit kezdeni, m\u00e9ltatlan ez a helyzet a j\u00e1t\u00e9kosokhoz \u00e9s a szurkol\u00f3khoz is.<\/p>\n<p>Mit kellene ilyenkor tenni, megk\u00e9rdezni Naby Keit\u00e1t, hogy mit szeretett volna csin\u00e1lni, letenni a labd\u00e1t a t\u00e1rs\u00e1nak, vagy csak r\u00fagott egy kacsk\u00e1t? Szerintem van olyan j\u00f3 j\u00e1t\u00e9kos, hogy ha labd\u00e1hoz \u00e9r, kontroll\u00e1lja is<\/p>\n<p>\u2013 mondta.<\/p>\n<p>De mi is t\u00f6rt\u00e9nt val\u00f3j\u00e1ban?<\/p>\n<p>Golla el\u0151re fejelt labd\u00e1j\u00e1ba Keita bele\u00e9rt, \u00edgy az a lesr\u0151l visszal\u00e9p\u0151 Soisal\u00f3hoz ker\u00fclt, \u00e9s ugyan a lepattan\u00f3 bead\u00e1s\u00e1t k\u00f6vet\u0151en Farkas bead\u00e1s\u00e1t Colley a kapuba fejelte, a videob\u00edr\u00f3 lest jelzett.<\/p>\n<p>Antal P\u00e9ter j\u00e1t\u00e9kvezet\u0151 megn\u00e9zte az esetet, \u00e9s \u00fagy v\u00e9lte, Keita reflexszer\u0171en \u00e9rt bele az \u00e1tad\u00e1sba, \u00e9s nem sz\u00e1nd\u00e9kosan j\u00e1tszotta meg, azaz a szab\u00e1lyok szerint nem lehet ellenf\u00e9lt\u0151l kapott labd\u00e1nak tekinteni.\t<\/p>\n","protected":false},"excerpt":{"rendered":"\u201eHogy mi hi\u00e1nyzott? Az az egy g\u00f3l, amir\u0151l a v\u00e9g\u00e9n kider\u00fclt, hogy les. Nem tudom, nem l\u00e1ttam a&hellip;\n","protected":false},"author":2,"featured_media":227130,"comment_status":"","ping_status":"","sticky":false,"template":"","format":"standard","meta":{"footnotes":"","_share_on_mastodon":"0"},"categories":[33],"tags":[60437,46,378,38,377,500,35,37,44,42,40,502,43,1067,41,16990,1068,3369,34,7323,45,36,39],"class_list":["post-227129","post","type-post","status-publish","format-standard","has-post-thumbnail","category-hirek","tag-ervenytelenitett-gol","tag-ferencvaros","tag-foci","tag-focimek","tag-fradi","tag-ftc","tag-headlines","tag-hirek","tag-hu","tag-hungarian","tag-hungary","tag-labdarugas","tag-magyar","tag-magyar-foci","tag-magyarorszag","tag-nb-1","tag-nb-i","tag-nb1","tag-news","tag-puskas-akademia","tag-sport","tag-top-stories","tag-vezeto-hirek"],"share_on_mastodon":{"url":"https:\/\/pubeurope.com\/@hu\/117189115105486251","error":""},"_links":{"self":[{"href":"https:\/\/www.europesays.com\/hu\/wp-json\/wp\/v2\/posts\/227129","targetHints":{"allow":["GET"]}}],"collection":[{"href":"https:\/\/www.europesays.com\/hu\/wp-json\/wp\/v2\/posts"}],"about":[{"href":"https:\/\/www.europesays.com\/hu\/wp-json\/wp\/v2\/types\/post"}],"author":[{"embeddable":true,"href":"https:\/\/www.europesays.com\/hu\/wp-json\/wp\/v2\/users\/2"}],"replies":[{"embeddable":true,"href":"https:\/\/www.europesays.com\/hu\/wp-json\/wp\/v2\/comments?post=227129"}],"version-history":[{"count":0,"href":"https:\/\/www.europesays.com\/hu\/wp-json\/wp\/v2\/posts\/227129\/revisions"}],"wp:featuredmedia":[{"embeddable":true,"href":"https:\/\/www.europesays.com\/hu\/wp-json\/wp\/v2\/media\/227130"}],"wp:attachment":[{"href":"https:\/\/www.europesays.com\/hu\/wp-json\/wp\/v2\/media?parent=227129"}],"wp:term":[{"taxonomy":"category","embeddable":true,"href":"https:\/\/www.europesays.com\/hu\/wp-json\/wp\/v2\/categories?post=227129"},{"taxonomy":"post_tag","embeddable":true,"href":"https:\/\/www.europesays.com\/hu\/wp-json\/wp\/v2\/tags?post=227129"}],"curies":[{"name":"wp","href":"https:\/\/api.w.org\/{rel}","templated":true}]}}