{"id":227217,"date":"2026-08-31T09:35:13","date_gmt":"2026-08-31T09:35:13","guid":{"rendered":"https:\/\/www.europesays.com\/hu\/227217\/"},"modified":"2026-08-31T09:35:13","modified_gmt":"2026-08-31T09:35:13","slug":"itthon-lannert-judit-megigerte-hogy-hamarosan-bejelentik-az-iskolai-dolgozok-beremeleset","status":"publish","type":"post","link":"https:\/\/www.europesays.com\/hu\/227217\/","title":{"rendered":"Itthon: Lannert Judit meg\u00edg\u00e9rte, hogy hamarosan bejelentik az iskolai dolgoz\u00f3k b\u00e9remel\u00e9s\u00e9t"},"content":{"rendered":"<p>\u201eHamarosan bejelentj\u00fck az oktat\u00e1st \u00e9s nevel\u00e9st seg\u00edt\u0151k b\u00e9remel\u00e9s\u00e9t\u201d \u2013 <a href=\"https:\/\/www.facebook.com\/watch\/live\/?ref=watch_permalink&amp;v=1086387040531556\" target=\"_blank\" rel=\"nofollow noopener\">mondta Lannert Judit<\/a> oktat\u00e1si \u00e9s gyermek\u00fcgyi miniszter h\u00e9tf\u0151 reggel az orsz\u00e1gos tan\u00e9vnyit\u00f3n a nagykanizsai Dr. Mez\u0151 Ferenc Gimn\u00e1ziumban. <\/p>\n<p>Vas\u00e1rnap sz\u00e1molt be arr\u00f3l az RTL H\u00edrad\u00f3, hogy egyel\u0151re k\u00e9sik a Tisza P\u00e1rt \u00e1ltal a v\u00e1laszt\u00e1si programban meg\u00edg\u00e9rt 25 sz\u00e1zal\u00e9kos b\u00e9remel\u00e9s, amely hi\u00e1ny\u00e1ban <a href=\"https:\/\/hvg.hu\/itthon\/20260830_sztrajkkal-indulhat-a-tanev-ha-nem-rendezik-az-iskolai-dolgozok-beret\" target=\"_self\" rel=\"nofollow noopener\">sztr\u00e1jkkal indulhat a tan\u00e9v<\/a>.<\/p>\n<p>A miniszter most azzal kezdte a besz\u00e9d\u00e9t, hogy di\u00e1kk\u00e9nt nem szerette az \u00e9vnyit\u00f3kat, hiszen az a ny\u00e1r v\u00e9g\u00e9t jelentette, igaz, a bar\u00e1tokkal val\u00f3 \u00fajra tal\u00e1lkoz\u00e1st is. Majd azzal folytatta: elhat\u00e1rozt\u00e1k, hogy megv\u00e1ltoztatj\u00e1k az oktat\u00e1st, olyan k\u00f6z\u00f6s fejl\u0151d\u00e9si utat akarnak bej\u00e1rni, amelynek v\u00e9g\u00e9n az iskola a kreativit\u00e1s tere, illetve egyszerre szolg\u00e1lja a di\u00e1kot, a sz\u00fcl\u0151t \u00e9s a tan\u00e1rt.<\/p>\n<p> <a href=\"https:\/\/hvg.hu\/itthon\/20260830_sztrajkkal-indulhat-a-tanev-ha-nem-rendezik-az-iskolai-dolgozok-beret\" target=\"_self\" rel=\"nofollow noopener\"> <\/p>\n<p>https:\/\/hvg.hu\/itthon\/20260830_sztrajkkal-indulhat-a-tanev-ha-nem-rendezik-az-iskolai-dolgozok-beret<\/p>\n<p>Elmond\u00e1sa szerint azon dolgoznak, hogy az iskol\u00e1k nagyobb \u00f6n\u00e1ll\u00f3s\u00e1got kapjanak, \u00e9s gyermekk\u00f6zpont\u00fa oktat\u00e1st tudjanak biztos\u00edtani. Eg\u00e9sz ny\u00e1ron pedag\u00f3gus-szakszervezetekkel, di\u00e1kokkal \u00e9s sz\u00fcl\u0151kkel egyeztetett, a tal\u00e1lkoz\u00f3k sor\u00e1n pedig szomor\u00faan tapasztalta, hogy ez a h\u00e1rom f\u00e9l az elm\u00falt \u00e9vekben ellen\u00e9rdekeltt\u00e9 v\u00e1lt.<\/p>\n<p>Sokan akarnak viszont tenni a j\u00f3 oktat\u00e1s\u00e9rt \u2013 folytatta \u2013 \u00e9s, ha mindenki megteszi a maga ter\u00fclet\u00e9n, amit tud, akkor ezt a c\u00e9lt el is fogj\u00e1k \u00e9rni. Bejelentette, hogy bevezetnek egy \u00faj t\u00e9manapot, amely sor\u00e1n a di\u00e1kok is elmondhatj\u00e1k a v\u00e9lem\u00e9ny\u00fcket. Hangs\u00falyozta, hogy a sz\u00e1z napja kit\u0171z\u00f6tt c\u00e9lhoz egy ny\u00e1r kev\u00e9s volt, de m\u00e1r vannak ak\u00e1r holnapt\u00f3l is \u00e9rezhet\u0151 v\u00e1ltoz\u00e1sok \u2013 a kevesebb k\u00f6telez\u0151 m\u00e9r\u00e9st vagy a sz\u00ednesebb taneszk\u00f6z\u00f6ket eml\u00edtette p\u00e9ldak\u00e9nt.<\/p>\n<p>Magyar P\u00e9ter: a leg\u00e9rdekesebb dolgok nincsenek le\u00edrva a tank\u00f6nyvekben<\/p>\n<p>Az oktat\u00e1si miniszter ut\u00e1n Magyar P\u00e9ter minisztereln\u00f6k is besz\u00e9det mondott, \u0151 is azzal kezdte, hogy di\u00e1kk\u00e9nt nem szerette a tan\u00e9vnyit\u00f3t \u201ek\u00fcl\u00f6n\u00f6sen, ha azt egy nappal az iskolakezd\u00e9s el\u0151tt, valamikor a hajnali \u00f3r\u00e1kban\u201d tartj\u00e1k.<\/p>\n<p>Mindennek ellen\u00e9re nagy \u00f6r\u00f6mmel l\u00e1togatott el a mostani esem\u00e9nyre, m\u00e9g ha p\u00e9ldak\u00e9pnek nem is tudja mag\u00e1t mutatni, hiszen di\u00e1kk\u00e9nt volt \u00e9v, amikor ak\u00e1r 20-25 int\u0151je is volt. Majd r\u00e1t\u00e9rt arra, hogy a megfelel\u0151 tan\u00e1rokkal k\u00f6nnyen megv\u00e1ltozhat a tanul\u00f3 hozz\u00e1\u00e1ll\u00e1sa az iskol\u00e1hoz. Vele is ez t\u00f6rt\u00e9nt p\u00e9ld\u00e1ul a t\u00f6rt\u00e9nelem tant\u00e1rgy ter\u00e9n, amelyet egyik tan\u00e1r\u00e1nak k\u00f6sz\u00f6nhet\u0151en szeretett meg.<\/p>\n<p>Magyar is besz\u00e9lt arr\u00f3l, hogy az iskola nem csak t\u00e1rgyi tud\u00e1st ad \u00e1t, hiszen annak j\u00f3 r\u00e9sz\u00e9t k\u00e9s\u0151bb egy\u00e9bk\u00e9nt is elfelejtik a tanul\u00f3k, hanem a kritikus gondolkod\u00e1sra, embers\u00e9gre is tan\u00edt, amit viszont senki nem felejt el k\u00e9s\u0151bb sem.<\/p>\n<p><img decoding=\"async\" class=\"wp-block-hvg-custom-image__image\" src=\"https:\/\/www.europesays.com\/hu\/wp-content\/uploads\/2026\/08\/f8567494-38a1-4fe7-99a8-0acb79f4c0b5.jpg\" data-size=\"https:\/\/www.europesays.com\/hu\/wp-content\/uploads\/2026\/08\/f8567494-38a1-4fe7-99a8-0acb79f4c0b5.jpg\"\/><\/p>\n<p>Magyar P\u00e9ter besz\u00e9det mond a nagykanizsai tan\u00e9vnyit\u00f3n<\/p>\n<p>Facebook \/ Magyar P\u00e9ter<\/p>\n<p>K\u00f6sz\u00f6netet mondott a tan\u00e1roknak a munk\u00e1juk\u00e9rt, kitart\u00e1suk\u00e9rt, amit eddig tan\u00fas\u00edtottak, \u00e9s azt is megk\u00f6sz\u00f6nte, hogy tov\u00e1bbra is kitartanak. K\u00fcl\u00f6n megk\u00f6sz\u00f6nte, hogy gyakran a tan\u00e1r az, aki el\u0151sz\u00f6r \u00e9szreveszi, ha baj van, ak\u00e1r otthon, ak\u00e1r az iskol\u00e1ban. \u201eEgy j\u00f3 tan\u00e1r sokkal t\u00f6bbet ad szimpla tud\u00e1sn\u00e1l\u201d \u2013 jelentette ki.<\/p>\n<p>A di\u00e1kokhoz fordulva arr\u00f3l besz\u00e9lt, rem\u00e9li, hogy mindenkinek az \u00e9let\u00e9ben lesz legal\u00e1bb egy olyan tan\u00e1r, akire majd harminc \u00e9v t\u00e1vlat\u00e1b\u00f3l is h\u00e1l\u00e1val \u00e9s b\u00fcszkes\u00e9ggel gondol. Dics\u00e9rte Lannert Juditot is, aki szerinte \u201ekem\u00e9ny t\u00e1rgyal\u00f3partner\u201d, \u00e9s aki az\u00e9rt dolgozik t\u00f6bbek k\u00f6z\u00f6tt, hogy \u00e9lhet\u0151 legyen a koll\u00e9gium \u00e9s ehet\u0151 az \u00e9tel a menz\u00e1n.<\/p>\n<p>Meger\u0151s\u00edtette, hogy hamarosan bejelentik az oktat\u00e1st \u00e9s nevel\u00e9st seg\u00edt\u0151k b\u00e9remel\u00e9s\u00e9t, illetve besz\u00e9lt arr\u00f3l is, hogy meg kell v\u00e1ltoztatni az iskolarendszert. \u201eRengeteg teend\u0151nk van, szerencs\u00e9re a miniszter asszonynak v\u00e9t\u00f3joga van, amit p\u00e1rszor be is lengetett\u201d \u2013 mondta.<\/p>\n<p>Magyar ezut\u00e1n h\u00e1rom k\u00e9r\u00e9st, tan\u00e1csot fogalmazott meg a di\u00e1koknak. Els\u0151k\u00e9nt azt k\u00e9rte t\u0151l\u00fck, hogy k\u00e9rdezzenek sokat \u00e9s b\u00e1tran. A m\u00e1sodik k\u00e9r\u00e9se az volt, hogy \u2013 b\u00e1r tudja, ez \u201enem hangzik szexin\u201d \u2013 mindenki v\u00e1lasszon mag\u00e1nak egy k\u00f6nyvet, amelyik \u00e9rdekli, \u00e9s olvassa v\u00e9gig. V\u00e9g\u00fcl azt javasolta a tanul\u00f3knak, hogy seg\u00edts\u00e9k egym\u00e1st, \u00e1lljanak ki egym\u00e1s\u00e9rt, azok\u00e9rt, akiket b\u00e1ntanak, akik mag\u00e1nyosak, ha pedig valaki bajban van, neh\u00e9zs\u00e9ggel tal\u00e1lkozik, b\u00e1tran k\u00e9rjen seg\u00edts\u00e9get otthon vagy az iskol\u00e1ban.<\/p>\n<p>Besz\u00e9de v\u00e9g\u00e9n pedig mindenkinek azt k\u00edv\u00e1nta, legyen k\u00edv\u00e1ncsi Magyarorsz\u00e1gra, szeresse az orsz\u00e1got. Besz\u00e9lt arr\u00f3l is, hogy ebben sokat seg\u00edt, ha keresnek egy olyan embert, akinek \u00e9rdemes v\u00e9gigk\u00f6vetni az \u00e9let\u00e9t, meg\u00e9rteni a motiv\u00e1ci\u00f3it, c\u00e9ljait. P\u00e9ldak\u00e9nt eml\u00edtette K\u0151r\u00f6si Csoma S\u00e1ndort \u00e9s Hugonnai Vilm\u00e1t, ugyanakkor hozz\u00e1tette: k\u00e9rdezz\u00e9k ki a sz\u00fcleiket, nagysz\u00fcleiket is a csal\u00e1di t\u00f6rt\u00e9netekr\u0151l, mert \u201ea leg\u00e9rdekesebb dolgok nincsenek le\u00edrva a tank\u00f6nyvekben\u201d.<\/p>\n<p>Z\u00e1r\u00e1sk\u00e9nt arr\u00f3l besz\u00e9lt, hogy lesznek majd j\u00f3 \u00e9s kev\u00e9sb\u00e9 j\u00f3 napok is a tan\u00e9v sor\u00e1n, lesz dolgozat, amelyik nem \u00fagy siker\u00fcl, ahogy tervezik, \u00e9s lesznek majd bar\u00e1ts\u00e1gok, szerelmek, \u00f6sszevesz\u00e9sek, kib\u00e9k\u00fcl\u00e9sek. Mindez\u00e9rt nem t\u00f6k\u00e9letes tan\u00e9vet k\u00edv\u00e1n, hiszen olyan nincs is, csak azt, hogy ha lehet, \u00e9lvezz\u00e9k.<\/p>\n<p>Nyit\u00f3k\u00e9p: Lannert Judit oktat\u00e1si miniszter besz\u00e9det mond a nagykanizsai tan\u00e9vnyit\u00f3n. Forr\u00e1s: Facebook \/ Magyar P\u00e9ter<\/p>\n","protected":false},"excerpt":{"rendered":"\u201eHamarosan bejelentj\u00fck az oktat\u00e1st \u00e9s nevel\u00e9st seg\u00edt\u0151k b\u00e9remel\u00e9s\u00e9t\u201d \u2013 mondta Lannert Judit oktat\u00e1si \u00e9s gyermek\u00fcgyi miniszter h\u00e9tf\u0151 reggel&hellip;\n","protected":false},"author":2,"featured_media":227218,"comment_status":"","ping_status":"","sticky":false,"template":"","format":"standard","meta":{"footnotes":"","_share_on_mastodon":"0"},"categories":[33],"tags":[38,35,37,44,42,40,27465,43,944,41,7719,34,3479,59970,36,39],"class_list":["post-227217","post","type-post","status-publish","format-standard","has-post-thumbnail","category-hirek","tag-focimek","tag-headlines","tag-hirek","tag-hu","tag-hungarian","tag-hungary","tag-lannert-judit","tag-magyar","tag-magyar-peter","tag-magyarorszag","tag-nagykanizsa","tag-news","tag-oktatas","tag-tanevnyito","tag-top-stories","tag-vezeto-hirek"],"share_on_mastodon":{"url":"https:\/\/pubeurope.com\/@hu\/117189445780099804","error":""},"_links":{"self":[{"href":"https:\/\/www.europesays.com\/hu\/wp-json\/wp\/v2\/posts\/227217","targetHints":{"allow":["GET"]}}],"collection":[{"href":"https:\/\/www.europesays.com\/hu\/wp-json\/wp\/v2\/posts"}],"about":[{"href":"https:\/\/www.europesays.com\/hu\/wp-json\/wp\/v2\/types\/post"}],"author":[{"embeddable":true,"href":"https:\/\/www.europesays.com\/hu\/wp-json\/wp\/v2\/users\/2"}],"replies":[{"embeddable":true,"href":"https:\/\/www.europesays.com\/hu\/wp-json\/wp\/v2\/comments?post=227217"}],"version-history":[{"count":0,"href":"https:\/\/www.europesays.com\/hu\/wp-json\/wp\/v2\/posts\/227217\/revisions"}],"wp:featuredmedia":[{"embeddable":true,"href":"https:\/\/www.europesays.com\/hu\/wp-json\/wp\/v2\/media\/227218"}],"wp:attachment":[{"href":"https:\/\/www.europesays.com\/hu\/wp-json\/wp\/v2\/media?parent=227217"}],"wp:term":[{"taxonomy":"category","embeddable":true,"href":"https:\/\/www.europesays.com\/hu\/wp-json\/wp\/v2\/categories?post=227217"},{"taxonomy":"post_tag","embeddable":true,"href":"https:\/\/www.europesays.com\/hu\/wp-json\/wp\/v2\/tags?post=227217"}],"curies":[{"name":"wp","href":"https:\/\/api.w.org\/{rel}","templated":true}]}}