{"id":227224,"date":"2026-08-31T09:43:15","date_gmt":"2026-08-31T09:43:15","guid":{"rendered":"https:\/\/www.europesays.com\/hu\/227224\/"},"modified":"2026-08-31T09:43:15","modified_gmt":"2026-08-31T09:43:15","slug":"index-futball-futball-1130","status":"publish","type":"post","link":"https:\/\/www.europesays.com\/hu\/227224\/","title":{"rendered":"Index &#8211; Futball &#8211; Futball"},"content":{"rendered":"<p>                <a href=\"https:\/\/index.hu\/szerzo\/borbely_laszlo\" rel=\"nofollow noopener\" target=\"_blank\"><br \/>\n                        <img decoding=\"async\" class=\"szerzo-kep\" src=\"https:\/\/www.europesays.com\/hu\/wp-content\/uploads\/2026\/08\/1788169392_762_36250517_2770519_39ff35a56125eb86cdcab5b48845ab2f_wm.png\" alt=\"- bl\u00e1 -\"\/><br \/>\n                <\/a><\/p>\n<p>\n                Az \u00fajonc Deportivo A Coruna hazai k\u00f6rnyezetben 3\u20131-re nyert a Valencia ellen a spanyol labdar\u00fag\u00f3-bajnoks\u00e1g harmadik fordul\u00f3j\u00e1nak vas\u00e1rnapi j\u00e1t\u00e9knapj\u00e1n \u2013 adta h\u00edr\u00fcl az MTI.            <\/p>\n<p>A h\u00e1zigazd\u00e1kn\u00e1l a harmadik bajnokij\u00e1n is betal\u00e1lt a 37 \u00e9ves Pierre-Emerick Aubameyang, aki ny\u00e1ron ker\u00fclt az egy\u00fctteshez. A klub j\u00e1t\u00e9kosak\u00e9nt legut\u00f3bb Walter Pandiani kezdte \u00edgy a szezont m\u00e9g a 2004\u201305-\u00f6s id\u00e9nyben.<\/p>\n<p>A Deportivo k\u00e9t d\u00f6ntetlen ut\u00e1n el\u0151sz\u00f6r nyert a La Liga mostani id\u00e9ny\u00e9ben, az \u00e9lvonalban pedig t\u00f6bb mint nyolc \u00e9v ut\u00e1n diadalmaskodott ism\u00e9t.<\/p>\n<p>A k\u00e9s\u0151 esti tal\u00e1lkoz\u00f3n a k\u00e9t veres\u00e9ggel rajtol\u00f3 Athletic Bilbao 2\u20130-ra nyert a Celta Vigo vend\u00e9gek\u00e9nt, \u00edgy m\u00e1r nincs pont n\u00e9lk\u00fcl \u00e1ll\u00f3 egy\u00fcttes a h\u00faszcsapatos mez\u0151nyben.<\/p>\n<p>                        La Liga, 3. fordul\u00f3:<\/p>\n<p>                        Deportivo A Coruna\u2013Valencia 3\u20131 (2\u20131)<br \/>\n                        Celta Vigo\u2013Athletic Bilbao 0\u20132 (0\u20132)<br \/>\n                        Real Madrid\u2013M\u00e1laga 4\u20130 (3\u20130)<\/p>\n<p>\n                          szombaton j\u00e1tszott\u00e1k:\n                        <\/p>\n<p>                        Levante\u2013Real Betis 5\u20132 (2\u20132)<br \/>\n                        Real Sociedad\u2013Espanyol 2\u20131 (1\u20131)<br \/>\n                        Sevilla\u2013Atl\u00e9tico Madrid 1\u20133 (0\u20133)<\/p>\n<p>\n                          p\u00e9nteken j\u00e1tszott\u00e1k:\n                        <\/p>\n<p>                        Racing Santander\u2013Elche 3\u20132 (3\u20130)<br \/>\n                        Alav\u00e9s\u2013Villarreal 1\u20130 (1\u20130)<\/p>\n<p>\n                          h\u00e9tf\u0151n j\u00e1tssz\u00e1k:\n                        <\/p>\n<p>                        Osasusna\u2013Getafe 19.30<br \/>\n                        FC Barcelona\u2013Rayo Vallecano 21.30<\/p>\n<p>                        A tabella:<\/p>\n<p>                        1. Real Madrid 3 3 0 0 10\u2013 2 9<br \/>\n                        2. Atl\u00e9tico Madrid 3 2 1 0 7\u2013 3 7<br \/>\n                        3. Alav\u00e9s 3 2 1 0 5\u2013 1 7<br \/>\n                        4. FC Barcelona 2 2 0 0 7\u2013 0 6<br \/>\n                        5. Sevilla 3 2 0 1 6\u2013 5 6<br \/>\n                        6. Real Betis 3 2 0 1 4\u2013 5 6<br \/>\n                        7. Deportivo A Coruna 3 1 2 0 5\u2013 3 5<br \/>\n                        8. Osasuna 2 1 1 0 2\u2013 1 4<br \/>\n                        9. Levante 3 1 1 1 5\u2013 5 4<br \/>\n                        Racing Santander 3 1 1 1 5\u2013 5 4<br \/>\n                        11. Espanyol 3 1 0 2 5\u2013 4 3<br \/>\n                        12. Athletic Bilbao 3 1 0 2 3\u2013 5 3<br \/>\n                        13. Getafe 2 1 0 1 1\u2013 3 3<br \/>\n                        14. Real Sociedad 3 1 0 2 3\u2013 6 3<br \/>\n                        15. Villarreal 3 0 2 1 4\u2013 5 2<br \/>\n                        16. Rayo Vallecano 2 0 1 1 2\u2013 3 1<br \/>\n                        17. Celta Vigo 3 0 1 2 1\u2013 4 1<br \/>\n                        Valencia 3 0 1 2 1\u2013 4 1<br \/>\n                        19. Elche 3 0 1 2 3\u2013 9 1<br \/>\n                        20. M\u00e1laga 3 0 1 2 1\u2013 7 1<\/p>\n<p><a href=\"https:\/\/dex.hu\/x.php?id=googlepref_desktop&amp;url=https:\/\/google.com\/preferences\/source?q=https:\/\/index.hu\" class=\"google-pref-banner \" id=\"googlePrefBanner\" rel=\"nofollow noopener\" target=\"_blank\"><\/p>\n<p>    Itt \u00e1ll\u00edtsa be, hogy az Index az els\u0151k k\u00f6z\u00f6tt legyen a Google-tal\u00e1latokban!<\/p>\n<p><\/a><\/p>\n<p>                <a href=\"https:\/\/konyvek.index.hu\/\" target=\"_blank\" rel=\"nofollow noopener\"><br \/>\n                <img decoding=\"async\" src=\"https:\/\/index.hu\/assets\/images\/konyvajanlo\/book_indapress\/book_indapress_logo.svg\" loading=\"lazy\" alt=\"Inda Press Kiad\u00f3\"\/><br \/>\n                <\/a><\/p>\n<p>                <img decoding=\"async\" src=\"https:\/\/www.europesays.com\/hu\/wp-content\/uploads\/2026\/08\/1788169393_864_rossi.png\" loading=\"lazy\" alt=\"Rossi\"\/><\/p>\n<p>Ismerd meg a magyar labdar\u00fag\u00e1s h\u0151s\u00e9nek eml\u00e9kezetes pillanatait!<br \/>Folytassa, Mister!<\/p>\n<p>                <a class=\"book_index_btn\" href=\"https:\/\/indexadhu.hit.gemius.pl\/hitredir\/id=nSCbubuYpDWJZLZs0TssLrbt33Lk5kbipuiZrkg89G3.g7\/stparam=uciklwjurk\/fastid=efdamtuhsxcjschvtzobuxredglq\/nc=0\/url=https:\/\/www.indapresskiado.hu\/products\/marco-rossi?_pos=1&amp;_psq=rossi&amp;_ss=e&amp;_v=1.0\" target=\"_blank\" rel=\"nofollow noopener\">MEGVESZEM<\/a><\/p>\n<p>    <img loading=\"lazy\" decoding=\"async\" src=\"https:\/\/www.europesays.com\/hu\/wp-content\/uploads\/2026\/08\/1788169395_112_nc=0.gif\" border=\"0\" height=\"0\" width=\"0\"\/><\/p>\n<p>    <img decoding=\"async\" src=\"https:\/\/index.hu\/assets\/images\/social-follow\/logo-big.svg\" alt=\"Index.hu logo\"\/><\/p>\n<p>K\u00f6vesse az Indexet Facebookon is!<\/p>\n<p>    <a href=\"https:\/\/facebook.com\/Indexhu\" target=\"_blank\" rel=\"nofollow noopener\"><\/p>\n<p>        K\u00f6vetem!<br \/>\n    <\/a><\/p>\n","protected":false},"excerpt":{"rendered":"Az \u00fajonc Deportivo A Coruna hazai k\u00f6rnyezetben 3\u20131-re nyert a Valencia ellen a spanyol labdar\u00fag\u00f3-bajnoks\u00e1g harmadik fordul\u00f3j\u00e1nak vas\u00e1rnapi&hellip;\n","protected":false},"author":2,"featured_media":227225,"comment_status":"","ping_status":"","sticky":false,"template":"","format":"standard","meta":{"footnotes":"","_share_on_mastodon":"0"},"categories":[14],"tags":[60468,60470,60469,44,42,40,2466,43,41,45,131,8912],"class_list":["post-227224","post","type-post","status-publish","format-standard","has-post-thumbnail","category-sport","tag-deportivo","tag-deportivo-a-coruna","tag-deportivo-la-coruna","tag-hu","tag-hungarian","tag-hungary","tag-la-liga","tag-magyar","tag-magyarorszag","tag-sport","tag-sports","tag-valencia"],"share_on_mastodon":{"url":"https:\/\/pubeurope.com\/@hu\/117189477149961406","error":""},"_links":{"self":[{"href":"https:\/\/www.europesays.com\/hu\/wp-json\/wp\/v2\/posts\/227224","targetHints":{"allow":["GET"]}}],"collection":[{"href":"https:\/\/www.europesays.com\/hu\/wp-json\/wp\/v2\/posts"}],"about":[{"href":"https:\/\/www.europesays.com\/hu\/wp-json\/wp\/v2\/types\/post"}],"author":[{"embeddable":true,"href":"https:\/\/www.europesays.com\/hu\/wp-json\/wp\/v2\/users\/2"}],"replies":[{"embeddable":true,"href":"https:\/\/www.europesays.com\/hu\/wp-json\/wp\/v2\/comments?post=227224"}],"version-history":[{"count":0,"href":"https:\/\/www.europesays.com\/hu\/wp-json\/wp\/v2\/posts\/227224\/revisions"}],"wp:featuredmedia":[{"embeddable":true,"href":"https:\/\/www.europesays.com\/hu\/wp-json\/wp\/v2\/media\/227225"}],"wp:attachment":[{"href":"https:\/\/www.europesays.com\/hu\/wp-json\/wp\/v2\/media?parent=227224"}],"wp:term":[{"taxonomy":"category","embeddable":true,"href":"https:\/\/www.europesays.com\/hu\/wp-json\/wp\/v2\/categories?post=227224"},{"taxonomy":"post_tag","embeddable":true,"href":"https:\/\/www.europesays.com\/hu\/wp-json\/wp\/v2\/tags?post=227224"}],"curies":[{"name":"wp","href":"https:\/\/api.w.org\/{rel}","templated":true}]}}