{"id":227263,"date":"2026-08-31T10:18:15","date_gmt":"2026-08-31T10:18:15","guid":{"rendered":"https:\/\/www.europesays.com\/hu\/227263\/"},"modified":"2026-08-31T10:18:15","modified_gmt":"2026-08-31T10:18:15","slug":"a-halott-penz-az-mvm-dome-ot-is-meghoditja","status":"publish","type":"post","link":"https:\/\/www.europesays.com\/hu\/227263\/","title":{"rendered":"A Halott P\u00e9nz az MVM Dome-ot is megh\u00f3d\u00edtja!"},"content":{"rendered":"<p>\n                        A Pusk\u00e1s Ar\u00e9na, h\u00e1rom telth\u00e1zas Budapest Ar\u00e9na \u00e9s tizenn\u00e9gy telth\u00e1zas Budapest Park ut\u00e1n most az MVM Dome-ot veszi be a Halott P\u00e9nz: a zenekar december 29-\u00e9n els\u0151 alkalommal l\u00e9p fel a helysz\u00ednen, ezzel z\u00e1rva egy fergeteges \u00e9vet.                    <\/p>\n<p><img decoding=\"async\" src=\"https:\/\/www.europesays.com\/hu\/wp-content\/uploads\/2026\/08\/1788171494_437_032.webp\" alt=\"\" caption=\"true\" captiontext=\"Forr\u00e1s: Live Nation\"\/>&#13;<br \/>\nForr\u00e1s: Live Nation&#13;<br \/>\n&#13;<\/p>\n<p>A 2004-ben m\u00e9g Marsalk\u00f3 D\u00e1vid sz\u00f3l\u00f3 projektjek\u00e9nt alakult Halott P\u00e9nz az elm\u00falt t\u00f6bb mint h\u00fasz \u00e9vben olyan dalokkal v\u00e1lt az orsz\u00e1g egyik legn\u00e9pszer\u0171bb zenekar\u00e1v\u00e1, mint a Feneked a gyeng\u00e9m, a Valami van a leveg\u0151ben, a Darabokra t\u00f6rted a sz\u00edvem vagy az Amikor feladn\u00e1d. F\u00fclbem\u00e1sz\u00f3 sz\u00f6vegeikkel nemcsak a sl\u00e1gerlist\u00e1kat h\u00f3d\u00edtott\u00e1k meg, de az emberek sz\u00edv\u00e9t is. A sl\u00e1gerek sora id\u00e9n tavasszal a Gyerekekkel gazdagodott: a dalhoz k\u00e9sz\u00fclt klipet m\u00e1r 4,5 milli\u00f3an l\u00e1tt\u00e1k, \u00e9s r\u00f6vid id\u0151 alatt igazi koncertkedvencc\u00e9 v\u00e1lt.<\/p>\n<p>&#13;<br \/>\n<img decoding=\"async\" src=\"https:\/\/www.europesays.com\/hu\/wp-content\/uploads\/2026\/08\/034.webp\" alt=\"\" caption=\"true\" captiontext=\"Forr\u00e1s: Live Nation\"\/>&#13;<br \/>\nForr\u00e1s: Live Nation&#13;<br \/>\n&#13;<\/p>\n<p>Kev\u00e9s hazai zenekar mondhatja el mag\u00e1r\u00f3l, hogy p\u00e1lyafut\u00e1sa sor\u00e1n szinte az \u00f6sszes jelent\u0151s magyarorsz\u00e1gi koncerthelysz\u00ednt megt\u00f6lt\u00f6tte. A <a href=\"https:\/\/port.hu\/adatlap\/zenekar\/halott-penz\/group-133759\" rel=\"nofollow noopener\" target=\"_blank\">Halott P\u00e9nz<\/a> zsin\u00f3rban tizenn\u00e9gyszer adott telth\u00e1zas koncertet a Budapest Parkban, h\u00e1romszor t\u00f6lt\u00f6tte meg a Budapest Ar\u00e9n\u00e1t, 20. sz\u00fclet\u00e9snapj\u00e1t pedig a Pusk\u00e1s Ar\u00e9n\u00e1ban \u00fcnnepelte. Az idei \u00e9vet Eur\u00f3pa-turn\u00e9val ind\u00edtott\u00e1k, m\u00e1jusban a Parkban \u00fcnnepelt\u00e9k az \u00dclni. \u00d6r\u00fclni. Meg\u0151r\u00fclni. lemez 10. sz\u00fclet\u00e9snapj\u00e1t, ny\u00e1ron pedig a legnagyobb hazai fesztiv\u00e1lokon j\u00e1tszottak \u00e9s telth\u00e1zas koncertet adtak a Pl\u00e1zson \u00e9s a Gy\u00e1rkertben is. Erre az izgalmas \u00e9vre teszik fel a koron\u00e1t egy nagyszab\u00e1s\u00fa <a href=\"https:\/\/port.hu\/esemeny\/zene\/halott-penz-evzaro\/event-6273760?section=koncert&amp;title=halott-penz-evzaro&amp;id=event-6273760\" rel=\"nofollow noopener\" target=\"_blank\">\u00e9vz\u00e1r\u00f3 koncerttel<\/a> december 29-\u00e9n az <a href=\"https:\/\/port.hu\/helyszin\/koncert\/mvm-dome\/place-25158\" rel=\"nofollow noopener\" target=\"_blank\">MVM Dome<\/a>-ban.<\/p>\n<p>&#13;<\/p>\n<p>A koncertre els\u0151k\u00e9nt a regisztr\u00e1lt Live Nation tagok v\u00e1lthatnak jegyet szeptember 4-\u00e9n, 10 \u00f3r\u00e1t\u00f3l, m\u00edg a teljes k\u00f6r\u0171 jegy\u00e9rt\u00e9kes\u00edt\u00e9s szeptember 7-\u00e9n, 10 \u00f3rakor indul a <a href=\"https:\/\/www.livenation.hu\/\" target=\"_blank\" rel=\"noopener nofollow\">www.livenation.hu<\/a> \u00e9s a <a href=\"https:\/\/funcode.hu\/hu\" target=\"_blank\" rel=\"noopener nofollow\">www.funcode.hu<\/a> oldalakon.<\/p>\n<p>                <a href=\"https:\/\/google.com\/preferences\/source?q=https:\/\/port.hu\" target=\"_blank\" class=\"google-pref-banner\" id=\"googlePrefBanner\" rel=\"nofollow noopener\"><br \/>\n                    <img loading=\"lazy\" decoding=\"async\" src=\"https:\/\/port.hu\/img\/svg\/google-logo.svg\" width=\"52\" height=\"52\"\/><br \/>\n                    Itt \u00e1ll\u00edtsa be, hogy a Port az els\u0151k k\u00f6z\u00f6tt legyen a Google-tal\u00e1latokban!<\/p>\n<p>                <\/a><\/p>\n","protected":false},"excerpt":{"rendered":"A Pusk\u00e1s Ar\u00e9na, h\u00e1rom telth\u00e1zas Budapest Ar\u00e9na \u00e9s tizenn\u00e9gy telth\u00e1zas Budapest Park ut\u00e1n most az MVM Dome-ot veszi&hellip;\n","protected":false},"author":2,"featured_media":227264,"comment_status":"","ping_status":"","sticky":false,"template":"","format":"standard","meta":{"footnotes":"","_share_on_mastodon":"0"},"categories":[22],"tags":[73,9360,44,42,40,213,43,41,6317,177],"class_list":["post-227263","post","type-post","status-publish","format-standard","has-post-thumbnail","category-budapest","tag-budapest","tag-halott-penz","tag-hu","tag-hungarian","tag-hungary","tag-koncert","tag-magyar","tag-magyarorszag","tag-mvm-dome","tag-zene"],"share_on_mastodon":{"url":"https:\/\/pubeurope.com\/@hu\/117189614524802368","error":""},"_links":{"self":[{"href":"https:\/\/www.europesays.com\/hu\/wp-json\/wp\/v2\/posts\/227263","targetHints":{"allow":["GET"]}}],"collection":[{"href":"https:\/\/www.europesays.com\/hu\/wp-json\/wp\/v2\/posts"}],"about":[{"href":"https:\/\/www.europesays.com\/hu\/wp-json\/wp\/v2\/types\/post"}],"author":[{"embeddable":true,"href":"https:\/\/www.europesays.com\/hu\/wp-json\/wp\/v2\/users\/2"}],"replies":[{"embeddable":true,"href":"https:\/\/www.europesays.com\/hu\/wp-json\/wp\/v2\/comments?post=227263"}],"version-history":[{"count":0,"href":"https:\/\/www.europesays.com\/hu\/wp-json\/wp\/v2\/posts\/227263\/revisions"}],"wp:featuredmedia":[{"embeddable":true,"href":"https:\/\/www.europesays.com\/hu\/wp-json\/wp\/v2\/media\/227264"}],"wp:attachment":[{"href":"https:\/\/www.europesays.com\/hu\/wp-json\/wp\/v2\/media?parent=227263"}],"wp:term":[{"taxonomy":"category","embeddable":true,"href":"https:\/\/www.europesays.com\/hu\/wp-json\/wp\/v2\/categories?post=227263"},{"taxonomy":"post_tag","embeddable":true,"href":"https:\/\/www.europesays.com\/hu\/wp-json\/wp\/v2\/tags?post=227263"}],"curies":[{"name":"wp","href":"https:\/\/api.w.org\/{rel}","templated":true}]}}