{"id":227287,"date":"2026-08-31T10:43:10","date_gmt":"2026-08-31T10:43:10","guid":{"rendered":"https:\/\/www.europesays.com\/hu\/227287\/"},"modified":"2026-08-31T10:43:10","modified_gmt":"2026-08-31T10:43:10","slug":"telex-mar-messze-jarhatnak-akik-a-tomegbe-lottek-a-svajci-rave-partyn","status":"publish","type":"post","link":"https:\/\/www.europesays.com\/hu\/227287\/","title":{"rendered":"Telex: M\u00e1r messze j\u00e1rhatnak, akik a t\u00f6megbe l\u0151ttek a sv\u00e1jci rave partyn"},"content":{"rendered":"<p><a href=\"https:\/\/telex.hu\/szerzo\/bakro-nagy-ferenc\" class=\"author__avatar\" rel=\"nofollow noopener\" target=\"_blank\"><img decoding=\"async\" src=\"https:\/\/www.europesays.com\/hu\/wp-content\/uploads\/2026\/08\/1788172990_581__JO_4826_avatar@4x.jpeg\" alt=\"Bakr\u00f3-Nagy Ferenc\" class=\"avatar\" loading=\"lazy\"\/><\/a><\/p>\n<p>\u00c1ll\u00edtsd be a Telexet megb\u00edzhat\u00f3 forr\u00e1snak!<\/p>\n<p>T\u00f6bb mint 24 \u00f3ra telt el az\u00f3ta, hogy <a href=\"https:\/\/telex.hu\/kulfold\/2026\/08\/30\/svajc-aarau-lovoldozes-rendorseg-rave-party\" class=\"\" rel=\"nofollow noopener\" target=\"_blank\">a t\u00f6megbe l\u0151ttek egy sv\u00e1jci rave partyn<\/a>. A l\u00f6v\u00f6ld\u00f6z\u00e9sben meghalt egy Sv\u00e1jcban \u00e9l\u0151 22 \u00e9ves olasz n\u0151, \u00f6t m\u00e1sik ember megs\u00e9r\u00fclt, k\u00f6z\u00fcl\u00fck n\u00e9h\u00e1nyan s\u00falyosan. Minden \u00e1ldozat rendelkezett Sv\u00e1jcban lak\u00f3hellyel \u2013 k\u00f6z\u00f6lte a <a href=\"https:\/\/x.com\/Kapo_Aargau\" target=\"_blank\" rel=\"nofollow\">rend\u0151rs\u00e9g<\/a>.<\/p>\n<p>Az elk\u00f6vet\u0151k tov\u00e1bbra is sz\u00f6k\u00e9sben vannak, a rend\u0151rs\u00e9g nagy er\u0151kkel kutat ut\u00e1nuk, t\u00f6bb mint sz\u00e1z rend\u0151r vesz r\u00e9szt a bevet\u00e9sben. Hozz\u00e1juk csatlakoztak a ment\u0151alakulatok, k\u00f6zt\u00fck a t\u0171zolt\u00f3s\u00e1g, a ment\u0151szolg\u00e1lat, a katasztr\u00f3faelh\u00e1r\u00edt\u00e1s, valamint a hadsereg egy Super Puma helikoptere. A ter\u00fcletet lez\u00e1rt\u00e1k, \u00e9s a r\u00e9gi\u00f3 \u00f6sszes hat\u00e1rpontj\u00e1n\u00e1l szem\u00e9lyellen\u0151rz\u00e9seket hajtottak v\u00e9gre. A lez\u00e1r\u00e1sok ellen\u00e9re a sajt\u00f3 arr\u00f3l \u00edr, hogy az elk\u00f6vet\u0151k m\u00e1r elmenek\u00fclhettek.<\/p>\n<p>A sv\u00e1jci hat\u00f3s\u00e1gok ugyanis t\u00e1j\u00e9koztatt\u00e1k n\u00e9met koll\u00e9g\u00e1ikat az ismeretlen elk\u00f6vet\u0151kr\u0151l \u00e9s a folyamatban l\u00e9v\u0151 nyomoz\u00e1sr\u00f3l. Aaraut\u00f3l a n\u00e9met hat\u00e1rig aut\u00f3val kevesebb mint egy \u00f3ra alatt el lehet jutni.<\/p>\n<p>\u201eAz ilyen esetekben a siker sz\u00e1mos t\u00e9nyez\u0151t\u0151l f\u00fcgg\u201d \u2013 mondta a <a href=\"https:\/\/www.blick.ch\/schweiz\/mittelland\/aargau\/schnelle-entwarnung-grossfahndung-offene-fragen-diese-faktoren-praegten-die-polizeiarbeit-in-den-ersten-24-stunden-nach-der-rave-schiesserei-id22222910.html\" target=\"_blank\" rel=\"nofollow noopener\">Blicknek<\/a> egy volt rend\u0151rparancsnok. P\u00e9ldak\u00e9nt eml\u00edti a tan\u00fak kihallgat\u00e1s\u00e1t, a haszn\u00e1lt fegyverek \u00e9s l\u0151szerek vizsg\u00e1lat\u00e1t, valamint a kamer\u00e1k felv\u00e9teleit.<\/p>\n<p>Jelenleg t\u00f6bb dolog is a gyors letart\u00f3ztat\u00e1s ellen sz\u00f3l: m\u00e9g mindig nem vil\u00e1gos, hogy egy vagy t\u00f6bb elk\u00f6vet\u0151 volt-e, \u00e9s hogy egy vagy t\u00f6bb szem\u00e9ly l\u0151tt-e. A tett ind\u00edt\u00e9ka is teljesen ismeretlen. Az elk\u00f6vet\u0151knek b\u0151ven volt idej\u00fck, hogy a lehet\u0151 legt\u00e1volabb ker\u00fcljenek a tetthelyt\u0151l, \u00e9s a tart\u00f3zkod\u00e1si hely\u00fckr\u0151l sincs inform\u00e1ci\u00f3.<\/p>\n<p>A 22 \u00e9ves \u00e1ldozat rajongott a techn\u00f3\u00e9rt. K\u00fclf\u00f6ldre ment tanulni, majd pinc\u00e9rn\u0151k\u00e9nt helyezkedett el. A csal\u00e1dnak r\u00e9szv\u00e9t\u00e9t fejezte ki Giorgia Meloni olasz minisztereln\u00f6k is \u2013 \u00edrja az <a href=\"https:\/\/www.ansa.it\/sito\/notizie\/cronaca\/2026\/08\/30\/maria-la-passione-per-la-techno-e-il-sogno-in-svizzera_4ad54132-5890-4a65-909a-5ddc5ee1b1ce.html\" target=\"_blank\" rel=\"nofollow noopener\">Ansa<\/a>.<\/p>\n<p>Partnereinkt\u0151l<\/p>\n<p>\u00c1ll\u00edtsd be a Telexet megb\u00edzhat\u00f3 forr\u00e1snak!<\/p>\n<p>K\u00f6vess minket Facebookon is!<\/p>\n","protected":false},"excerpt":{"rendered":"\u00c1ll\u00edtsd be a Telexet megb\u00edzhat\u00f3 forr\u00e1snak! T\u00f6bb mint 24 \u00f3ra telt el az\u00f3ta, hogy a t\u00f6megbe l\u0151ttek egy&hellip;\n","protected":false},"author":2,"featured_media":227288,"comment_status":"","ping_status":"","sticky":false,"template":"","format":"standard","meta":{"footnotes":"","_share_on_mastodon":"0"},"categories":[8],"tags":[42,64,1884,43,212,34,1511,12331,269,1564,94,93,92],"class_list":["post-227287","post","type-post","status-publish","format-standard","has-post-thumbnail","category-vilag","tag-hungarian","tag-kulfold","tag-lovoldozes","tag-magyar","tag-meghalt","tag-news","tag-nyomozas","tag-rave","tag-rendorseg","tag-svajc","tag-vilag","tag-world","tag-world-news"],"share_on_mastodon":{"url":"https:\/\/pubeurope.com\/@hu\/117189712925537832","error":""},"_links":{"self":[{"href":"https:\/\/www.europesays.com\/hu\/wp-json\/wp\/v2\/posts\/227287","targetHints":{"allow":["GET"]}}],"collection":[{"href":"https:\/\/www.europesays.com\/hu\/wp-json\/wp\/v2\/posts"}],"about":[{"href":"https:\/\/www.europesays.com\/hu\/wp-json\/wp\/v2\/types\/post"}],"author":[{"embeddable":true,"href":"https:\/\/www.europesays.com\/hu\/wp-json\/wp\/v2\/users\/2"}],"replies":[{"embeddable":true,"href":"https:\/\/www.europesays.com\/hu\/wp-json\/wp\/v2\/comments?post=227287"}],"version-history":[{"count":0,"href":"https:\/\/www.europesays.com\/hu\/wp-json\/wp\/v2\/posts\/227287\/revisions"}],"wp:featuredmedia":[{"embeddable":true,"href":"https:\/\/www.europesays.com\/hu\/wp-json\/wp\/v2\/media\/227288"}],"wp:attachment":[{"href":"https:\/\/www.europesays.com\/hu\/wp-json\/wp\/v2\/media?parent=227287"}],"wp:term":[{"taxonomy":"category","embeddable":true,"href":"https:\/\/www.europesays.com\/hu\/wp-json\/wp\/v2\/categories?post=227287"},{"taxonomy":"post_tag","embeddable":true,"href":"https:\/\/www.europesays.com\/hu\/wp-json\/wp\/v2\/tags?post=227287"}],"curies":[{"name":"wp","href":"https:\/\/api.w.org\/{rel}","templated":true}]}}