{"id":227295,"date":"2026-08-31T10:47:18","date_gmt":"2026-08-31T10:47:18","guid":{"rendered":"https:\/\/www.europesays.com\/hu\/227295\/"},"modified":"2026-08-31T10:47:18","modified_gmt":"2026-08-31T10:47:18","slug":"megszolalt-a-meggyilkolt-rob-reiner-legidosebb-fia","status":"publish","type":"post","link":"https:\/\/www.europesays.com\/hu\/227295\/","title":{"rendered":"Megsz\u00f3lalt a meggyilkolt Rob Reiner legid\u0151sebb fia"},"content":{"rendered":"<p>\n                        \u00cdgy pr\u00f3b\u00e1lja feldolgozni a trag\u00e9di\u00e1t.                    <\/p>\n<p>2025. december 14-\u00e9n a 78 \u00e9ves Rob Reinert \u00e9s\u00a0 feles\u00e9g\u00e9t, Michele Singer-Reinert holtan tal\u00e1lt\u00e1k Los Angeles-i otthonukban. Nem sokkal ezut\u00e1n a h\u00e1zasp\u00e1r fi\u00e1t, Nick Reinert letart\u00f3ztatt\u00e1k, majd k\u00e9s\u0151bb min\u0151s\u00edtett k\u00f6r\u00fclm\u00e9nyek k\u00f6z\u00f6tt elk\u00f6vetett, k\u00e9trendbeli els\u0151fok\u00fa ember\u00f6l\u00e9ssel v\u00e1dolt\u00e1k meg. A febru\u00e1ri b\u00edr\u00f3s\u00e1gi meghallgat\u00e1s\u00e1n \u00e1rtatlannak vallotta mag\u00e1t a v\u00e1dakban, a t\u00e1rgyal\u00e1st megel\u0151z\u0151 meghallgat\u00e1s\u00e1t pedig szeptember 15-re t\u0171zt\u00e9k ki.<\/p>\n<p>&#13;<br \/>\n&#13;<\/p>\n<p>A h\u00e1zasp\u00e1r legid\u0151sebb fia, Jake az ABC7 Los Angeles csatorn\u00e1nak adott interj\u00faban id\u00e9zte fel a megr\u00e1z\u00f3 id\u0151szakot:<\/p>\n<p>&#13;<\/p>\n<p>\u201eVal\u00f3j\u00e1ban senki sem tudhatja, milyen egy ilyen trag\u00e9dia, am\u00edg maga \u00e1t nem \u00e9li. Nyolc h\u00f3nap telt el. Egyszerre t\u0171nik nyolc \u00e9vnek, \u00e9s nyolc percnek is. Mert minden egyes pillanatban, amikor fel\u00e9bredek, szembes\u00fcl\u00f6k a val\u00f3s\u00e1gommal\u201d \u2013 fogalmazott Jake, aki felid\u00e9zte azt a pillanatot is, amikor a h\u00faga, Romy december 14-\u00e9n r\u00e1tal\u00e1lt \u00e9desapjuk holttest\u00e9re a brentwoodi h\u00e1zban. Miut\u00e1n t\u00e1rcs\u00e1zta a 911-et, felh\u00edvta Jake-et: \u201eRomy elmondta, hogy apa meghalt, majd azt mondta: \u00bbNem tal\u00e1lom any\u00e1t.\u00ab Azonnal sokkot kaptam.\u201d<\/p>\n<p>&#13;<\/p>\n<p><a href=\"https:\/\/port.hu\/cikk\/mozi\/erdekessegek-a-zsenialis-rob-reiner-rendezorol-aki-ma-lenne-79-eves\/article-123360\" rel=\"nofollow noopener\" target=\"_blank\"><img decoding=\"async\" src=\"https:\/\/www.europesays.com\/hu\/wp-content\/uploads\/2026\/08\/859.webp\" width=\"300\"\/><\/a><a href=\"https:\/\/port.hu\/cikk\/mozi\/erdekessegek-a-zsenialis-rob-reiner-rendezorol-aki-ma-lenne-79-eves\/article-123360\" rel=\"nofollow noopener\" target=\"_blank\">\u00c9rdekess\u00e9gek a zseni\u00e1lis Rob Reiner rendez\u0151r\u0151l, aki ma lenne 79 \u00e9ves<\/a><\/p>\n<p>A tragikus k\u00f6r\u00fclm\u00e9nyek k\u00f6z\u00f6tt elhunyt filmesre \u00e9lete leg\u00e9rdekesebb momentumaival eml\u00e9kez\u00fcnk.<\/p>\n<p><a class=\"article-btn\" href=\"https:\/\/port.hu\/cikk\/mozi\/erdekessegek-a-zsenialis-rob-reiner-rendezorol-aki-ma-lenne-79-eves\/article-123360\" rel=\"nofollow noopener\" target=\"_blank\">Tov\u00e1bb<\/a><\/p>\n<p>&#13;<\/p>\n<p>Jake nem t\u00e9rt ki a fiv\u00e9re b\u00edr\u00f3s\u00e1gi elj\u00e1r\u00e1s\u00e1ra, ink\u00e1bb a vesztes\u00e9gr\u0151l besz\u00e9lt:<\/p>\n<p>&#13;<br \/>\n[Nick] b\u00f6rt\u00f6nben van. Olyan, mintha fizikailag elvesz\u00edtettem volna a sz\u00fcleimet, azt\u00e1n Nicket letart\u00f3ztatt\u00e1k. Most m\u00e1r csak \u00e9n vagyok \u00e9s Romy, \u00e9s alapvet\u0151en magunknak kell ebben eligazodnunk.\u201d&#13;<\/p>\n<p>A legid\u0151sebb Reiner besz\u00e9lt arr\u00f3l is, hogy a gy\u00e1sza d\u00fchben nyilv\u00e1nul meg, amiatt, hogy mennyire igazs\u00e1gtalan, hogy nem volt belesz\u00f3l\u00e1sa a t\u00f6rt\u00e9ntekbe, \u00e9s meg sem tudta akad\u00e1lyozni.<\/p>\n<p>&#13;<br \/>\n&#13;<br \/>\nEgyszer\u0171en el kell fogadnom a val\u00f3s\u00e1got. \u00c9s sz\u00e1momra pont ez az egyik legink\u00e1bb felb\u0151sz\u00edt\u0151 r\u00e9sze ennek az eg\u00e9sznek.\u201d&#13;<\/p>\n<p>N\u00e9h\u00e1ny nappal a sz\u00fcleik hal\u00e1la ut\u00e1n Jake \u00e9s Romy k\u00f6z\u00f6s nyilatkozatot tettek k\u00f6zz\u00e9, amelyben \u00fagy fogalmaztak:<\/p>\n<p>&#13;<\/p>\n<p>\u201eSz\u00fcleink, Rob \u00e9s Michele Reiner sz\u00f6rny\u0171 \u00e9s felfoghatatlan elveszt\u00e9se olyasmi, amit senkinek sem kellene \u00e1t\u00e9lnie. Nem csup\u00e1n a sz\u00fcleink voltak, \u0151k voltak a legjobb bar\u00e1taink is.\u201d<\/p>\n<p>&#13;<\/p>\n<p><a href=\"https:\/\/port.hu\/cikk\/mozi\/8-nagyszeru-film-rob-reinertol-amit-egyszer-mindenkinek-latnia-kell\/article-120617\" rel=\"nofollow noopener\" target=\"_blank\"><img decoding=\"async\" src=\"https:\/\/www.europesays.com\/hu\/wp-content\/uploads\/2026\/08\/417.webp\" width=\"300\"\/><\/a><a href=\"https:\/\/port.hu\/cikk\/mozi\/8-nagyszeru-film-rob-reinertol-amit-egyszer-mindenkinek-latnia-kell\/article-120617\" rel=\"nofollow noopener\" target=\"_blank\">8 nagyszer\u0171 film Rob Reinert\u0151l, amit egyszer mindenkinek l\u00e1tnia kell <\/a><\/p>\n<p>Neki k\u00f6sz\u00f6nhetj\u00fck minden id\u0151k egyik legjobb romantikus v\u00edgj\u00e1t\u00e9k\u00e1t, a Harry \u00e9s Sallyt is.<\/p>\n<p><a class=\"article-btn\" href=\"https:\/\/port.hu\/cikk\/mozi\/8-nagyszeru-film-rob-reinertol-amit-egyszer-mindenkinek-latnia-kell\/article-120617\" rel=\"nofollow noopener\" target=\"_blank\">Tov\u00e1bb<\/a><\/p>\n<p>&#13;<\/p>\n<p>via: <a href=\"https:\/\/faroutmagazine.co.uk\/rob-reiners-eldest-son-rage-public-interview\/\" target=\"_blank\" rel=\"noopener nofollow\">Far Out<\/a><\/p>\n<p>                <a href=\"https:\/\/google.com\/preferences\/source?q=https:\/\/port.hu\" target=\"_blank\" class=\"google-pref-banner\" id=\"googlePrefBanner\" rel=\"nofollow noopener\"><br \/>\n                    <img loading=\"lazy\" decoding=\"async\" src=\"https:\/\/port.hu\/img\/svg\/google-logo.svg\" width=\"52\" height=\"52\"\/><br \/>\n                    Itt \u00e1ll\u00edtsa be, hogy a Port az els\u0151k k\u00f6z\u00f6tt legyen a Google-tal\u00e1latokban!<\/p>\n<p>                <\/a><\/p>\n","protected":false},"excerpt":{"rendered":"\u00cdgy pr\u00f3b\u00e1lja feldolgozni a trag\u00e9di\u00e1t. 2025. december 14-\u00e9n a 78 \u00e9ves Rob Reinert \u00e9s\u00a0 feles\u00e9g\u00e9t, Michele Singer-Reinert holtan&hellip;\n","protected":false},"author":2,"featured_media":227296,"comment_status":"","ping_status":"","sticky":false,"template":"","format":"standard","meta":{"footnotes":"","_share_on_mastodon":"0"},"categories":[21],"tags":[198,137,199,409,44,42,40,101,60480,715,43,41,3854,3093,3853,138,1089],"class_list":["post-227295","post","type-post","status-publish","format-standard","has-post-thumbnail","category-hiressegek","tag-celebrities","tag-entertainment","tag-hiressegek","tag-hollywood","tag-hu","tag-hungarian","tag-hungary","tag-interju","tag-jake-reiner","tag-magazin","tag-magyar","tag-magyarorszag","tag-nick-reiner","tag-rendezo","tag-rob-reiner","tag-szorakozas","tag-tragedia"],"share_on_mastodon":{"url":"https:\/\/pubeurope.com\/@hu\/117189728894032301","error":""},"_links":{"self":[{"href":"https:\/\/www.europesays.com\/hu\/wp-json\/wp\/v2\/posts\/227295","targetHints":{"allow":["GET"]}}],"collection":[{"href":"https:\/\/www.europesays.com\/hu\/wp-json\/wp\/v2\/posts"}],"about":[{"href":"https:\/\/www.europesays.com\/hu\/wp-json\/wp\/v2\/types\/post"}],"author":[{"embeddable":true,"href":"https:\/\/www.europesays.com\/hu\/wp-json\/wp\/v2\/users\/2"}],"replies":[{"embeddable":true,"href":"https:\/\/www.europesays.com\/hu\/wp-json\/wp\/v2\/comments?post=227295"}],"version-history":[{"count":0,"href":"https:\/\/www.europesays.com\/hu\/wp-json\/wp\/v2\/posts\/227295\/revisions"}],"wp:featuredmedia":[{"embeddable":true,"href":"https:\/\/www.europesays.com\/hu\/wp-json\/wp\/v2\/media\/227296"}],"wp:attachment":[{"href":"https:\/\/www.europesays.com\/hu\/wp-json\/wp\/v2\/media?parent=227295"}],"wp:term":[{"taxonomy":"category","embeddable":true,"href":"https:\/\/www.europesays.com\/hu\/wp-json\/wp\/v2\/categories?post=227295"},{"taxonomy":"post_tag","embeddable":true,"href":"https:\/\/www.europesays.com\/hu\/wp-json\/wp\/v2\/tags?post=227295"}],"curies":[{"name":"wp","href":"https:\/\/api.w.org\/{rel}","templated":true}]}}