{"id":227317,"date":"2026-08-31T11:07:07","date_gmt":"2026-08-31T11:07:07","guid":{"rendered":"https:\/\/www.europesays.com\/hu\/227317\/"},"modified":"2026-08-31T11:07:07","modified_gmt":"2026-08-31T11:07:07","slug":"ilyenre-korabban-meg-nem-volt-pelda-a-hungarian-darts-trophy-versenyen","status":"publish","type":"post","link":"https:\/\/www.europesays.com\/hu\/227317\/","title":{"rendered":"Ilyenre kor\u00e1bban m\u00e9g nem volt p\u00e9lda a Hungarian Darts Trophy versenyen"},"content":{"rendered":"<p>A vil\u00e1g legjobb j\u00e1t\u00e9kosait t\u00f6m\u00f6r\u00edt\u0151 PDC szervezet European Tour-sorozat\u00e1ba tartoz\u00f3 budapesti viadal vas\u00e1rnapi v\u00e9gj\u00e1t\u00e9k\u00e1t t\u00f6bb mint hatezer szurkol\u00f3 k\u00f6vette figyelemmel a helysz\u00ednen, ilyenre kor\u00e1bban m\u00e9g nem volt p\u00e9lda ezen a versenyen.<\/p>\n<p>A szervez\u0151k k\u00f6zlem\u00e9nye szerint a h\u00e1rom nap alatt k\u00f6zel 24 ezren l\u00e1togattak ki az MVM Dome-ba.<\/p>\n<p>N\u00e9gy magyar versenyz\u0151 indult, \u00e9s most el\u0151sz\u00f6r <a target=\"_blank\" href=\"https:\/\/24.hu\/sport\/foci\/2026\/08\/29\/hungarian-darts-trophy-ket-magyar-gyozelem\/\" rel=\"nofollow noopener\">ketten is sikerrel vett\u00e9k az els\u0151 fordul\u00f3<\/a>t: K\u00e1d\u00e1r L\u00e1szl\u00f3 az \u00e9szak\u00edr Daryl Gurney-t, Major N\u00e1ndor pedig a holland Niels Zonneveldet gy\u0151zte le egyform\u00e1n 6-5-re. Bir\u00f3 Mil\u00e1n a 2023-as UK Open gy\u0151ztes\u00e9vel, Andrew Gildinggel tal\u00e1lkozott, \u00e9s 6-0-s veres\u00e9ggel b\u00facs\u00fazott.<\/p>\n<p>Borb\u00e9ly Andr\u00e1s viszont remek\u00fcl kezdett a kor\u00e1bbi budapesti gy\u0151ztes Dave Chisnall ellen, 2-0-ra is vezetett, \u00e9s \u0151 dobta a magyarok els\u0151 180-as k\u00f6r\u00e9t a torn\u00e1n, de v\u00e9g\u00fcl az angol ford\u00edtott \u00e9s 6-3-ra nyert.<\/p>\n<p>A m\u00e1sodik k\u00f6rben K\u00e1d\u00e1r 6-3-as veres\u00e9get szenvedett a vil\u00e1granglist\u00e1n \u00f6t\u00f6dik walesi Jonny Claytont\u00f3l, Major pedig 6-0-ra kapott ki az id\u00e9n vb-d\u00f6nt\u0151s holland Gian van Veent\u0151l.<\/p>\n<p>\ufeff<\/p>\n<p>A budapesti verseny az angol Ross Smith <a target=\"_blank\" href=\"https:\/\/24.hu\/sport\/2026\/08\/30\/hungarian-darts-trophy-ross-smith-gary-anderson\/\" rel=\"nofollow noopener\">siker\u00e9vel \u00e9rt v\u00e9get<\/a>, a vil\u00e1granglista 17. helyezettje a fin\u00e1l\u00e9ban 8-2-re gy\u0151zte le a k\u00e9tszeres vil\u00e1gbajnok sk\u00f3t Gary Andersont.<\/p>\n<p>(MTI)<\/p>\n","protected":false},"excerpt":{"rendered":"A vil\u00e1g legjobb j\u00e1t\u00e9kosait t\u00f6m\u00f6r\u00edt\u0151 PDC szervezet European Tour-sorozat\u00e1ba tartoz\u00f3 budapesti viadal vas\u00e1rnapi v\u00e9gj\u00e1t\u00e9k\u00e1t t\u00f6bb mint hatezer szurkol\u00f3&hellip;\n","protected":false},"author":2,"featured_media":227318,"comment_status":"","ping_status":"","sticky":false,"template":"","format":"standard","meta":{"footnotes":"","_share_on_mastodon":"0"},"categories":[14],"tags":[4445,44,42,53871,40,43,41,6317,60481,45,131],"class_list":["post-227317","post","type-post","status-publish","format-standard","has-post-thumbnail","category-sport","tag-darts","tag-hu","tag-hungarian","tag-hungarian-darts-trophy","tag-hungary","tag-magyar","tag-magyarorszag","tag-mvm-dome","tag-nezocsucs","tag-sport","tag-sports"],"share_on_mastodon":{"url":"https:\/\/pubeurope.com\/@hu\/117189807655876894","error":""},"_links":{"self":[{"href":"https:\/\/www.europesays.com\/hu\/wp-json\/wp\/v2\/posts\/227317","targetHints":{"allow":["GET"]}}],"collection":[{"href":"https:\/\/www.europesays.com\/hu\/wp-json\/wp\/v2\/posts"}],"about":[{"href":"https:\/\/www.europesays.com\/hu\/wp-json\/wp\/v2\/types\/post"}],"author":[{"embeddable":true,"href":"https:\/\/www.europesays.com\/hu\/wp-json\/wp\/v2\/users\/2"}],"replies":[{"embeddable":true,"href":"https:\/\/www.europesays.com\/hu\/wp-json\/wp\/v2\/comments?post=227317"}],"version-history":[{"count":0,"href":"https:\/\/www.europesays.com\/hu\/wp-json\/wp\/v2\/posts\/227317\/revisions"}],"wp:featuredmedia":[{"embeddable":true,"href":"https:\/\/www.europesays.com\/hu\/wp-json\/wp\/v2\/media\/227318"}],"wp:attachment":[{"href":"https:\/\/www.europesays.com\/hu\/wp-json\/wp\/v2\/media?parent=227317"}],"wp:term":[{"taxonomy":"category","embeddable":true,"href":"https:\/\/www.europesays.com\/hu\/wp-json\/wp\/v2\/categories?post=227317"},{"taxonomy":"post_tag","embeddable":true,"href":"https:\/\/www.europesays.com\/hu\/wp-json\/wp\/v2\/tags?post=227317"}],"curies":[{"name":"wp","href":"https:\/\/api.w.org\/{rel}","templated":true}]}}