{"id":227321,"date":"2026-08-31T11:09:20","date_gmt":"2026-08-31T11:09:20","guid":{"rendered":"https:\/\/www.europesays.com\/hu\/227321\/"},"modified":"2026-08-31T11:09:20","modified_gmt":"2026-08-31T11:09:20","slug":"index-tech-tudomany-tizenot-ev-utan-lekoszon-tim-cook-john-ternus-veszi-at-az-apple-iranyitasat","status":"publish","type":"post","link":"https:\/\/www.europesays.com\/hu\/227321\/","title":{"rendered":"Index &#8211; Tech-Tudom\u00e1ny &#8211; Tizen\u00f6t \u00e9v ut\u00e1n lek\u00f6sz\u00f6n Tim Cook: John Ternus veszi \u00e1t az Apple ir\u00e1ny\u00edt\u00e1s\u00e1t"},"content":{"rendered":"<p>Szeptember elsej\u00e9t\u0151l, keddt\u0151l \u00faj vez\u00e9rigazgat\u00f3 ir\u00e1ny\u00edtja az Apple-t: a 51 \u00e9ves <a href=\"https:\/\/index.hu\/techtud\/2026\/04\/21\/apple-tim-cook-vezerigazgato-tavozas-john-ternus-uj-ceo\/\" id=\"hyperlink_2e36acf44ba8f695f90ce3a92a42424c\" target=\"_blank\" title=\"Tim Cook t\u00e1vozik az Apple \u00e9l\u00e9r\u0151l, megvan az \u00faj vez\u00e9rigazgat\u00f3\" data-recommendation=\"bekezdes_utan\" data-recommendation-preview=\"{&quot;og:title&quot;:&quot;Tim Cook t\u00e1vozik az Apple \u00e9l\u00e9r\\u0151l, megvan az \u00faj vez\u00e9rigazgat\u00f3&quot;,&quot;og:description&quot;:&quot;Szeptembert\\u0151l John Ternus ir\u00e1ny\u00edtja a vil\u00e1g egyik leg\u00e9rt\u00e9kesebb v\u00e1llalat\u00e1t.&quot;,&quot;og:image&quot;:&quot;\\\/\\\/kep.cdn.indexvas.hu\\\/1\\\/0\\\/6897\\\/68976\\\/689765\\\/68976553_5091071_a8564750fe9fe666617e3729b119114c_wm.jpg&quot;}\" data-recommendation-id=\"6198785\" rel=\"nofollow noopener\">John Ternus<\/a> veszi \u00e1t a technol\u00f3giai \u00f3ri\u00e1sc\u00e9g vezet\u00e9s\u00e9t Tim Cookt\u00f3l, aki 15 \u00e9ve Steve Jobs c\u00e9galap\u00edt\u00f3 ut\u00f3djak\u00e9nt ker\u00fclt a v\u00e1llalat \u00e9l\u00e9re. Az \u00faj vez\u00e9rigazgat\u00f3nak a mesters\u00e9ges intelligencia korszak\u00e1ba kell \u00e1tvezetnie a c\u00e9get\u00a0\u2212 \u00edrja az MTI.<\/p>\n<p>Ternus eddig az Apple hardverfejleszt\u00e9s\u00e9\u00e9rt felelt, \u00e9s kulcsszerepet j\u00e1tszott az iPhone, valamint m\u00e1s k\u00e9sz\u00fcl\u00e9kek siker\u00e9ben. Tim Cook val\u00f3sz\u00edn\u0171leg az igazgat\u00f3tan\u00e1cs eln\u00f6kek\u00e9nt tov\u00e1bbra is szerepet v\u00e1llalhat a c\u00e9g strat\u00e9giai \u00fcgyeiben.<\/p>\n<p><a href=\"https:\/\/index.hu\/techtud\/2026\/04\/27\/apple-tim-cook-vezerigazgato-legnagyobb-baki\/\" id=\"hyperlink_c3df270a9f6ccb44884e4b3f46b4fbea\" target=\"_blank\" title=\"Tim Cook el\u00e1rulta, mi volt a legnagyobb bakl\u00f6v\u00e9se vez\u00e9rigazgat\u00f3k\u00e9nt\" data-recommendation=\"bekezdes_utan\" data-recommendation-preview=\"{&quot;og:title&quot;:&quot;Tim Cook el\u00e1rulta, mi volt a legnagyobb bakl\u00f6v\u00e9se vez\u00e9rigazgat\u00f3k\u00e9nt&quot;,&quot;og:description&quot;:&quot;A lek\u00f6sz\u00f6n\\u0151 c\u00e9gvez\u00e9r meglep\\u0151 \\u0151szintes\u00e9ggel besz\u00e9lt.&quot;,&quot;og:image&quot;:&quot;\\\/\\\/kep.cdn.indexvas.hu\\\/1\\\/0\\\/6905\\\/69051\\\/690519\\\/69051919_5096539_c9b5f2e95b38ad619f4c881bab2aa007_wm.jpg&quot;}\" data-recommendation-id=\"6201097\" rel=\"nofollow noopener\">Cook<\/a> vezet\u00e9se alatt az Apple az iPhone mellett olyan \u00faj term\u00e9kkateg\u00f3ri\u00e1kban is piacvezet\u0151v\u00e9 v\u00e1lt, mint az okos\u00f3r\u00e1k \u00e9s a vezet\u00e9k n\u00e9lk\u00fcli f\u00fclhallgat\u00f3k piaca. A c\u00e9g jelent\u0151s technol\u00f3giai sikere volt saj\u00e1t fejleszt\u00e9s\u0171 chipjeinek bevezet\u00e9se is, amelyek egys\u00e9ges alapot teremtenek az Apple k\u00fcl\u00f6nb\u00f6z\u0151 eszk\u00f6zei sz\u00e1m\u00e1ra.<\/p>\n<p>                        A mesters\u00e9ges intelligencia jelenti a legnagyobb kih\u00edv\u00e1st<\/p>\n<p>Ternusnak mindenekel\u0151tt arra kell v\u00e1laszt tal\u00e1lnia, mik\u00e9nt alkalmazkodjon a v\u00e1llalat a mesters\u00e9ges intelligencia gyors t\u00e9rnyer\u00e9s\u00e9hez. Az <a href=\"https:\/\/index.hu\/techtud\/2026\/06\/08\/apple-wwdc-2026-macos-watchos-ios-27-bejelentes\/\" id=\"hyperlink_c93be8e7ee82e14d296acab2dc3d5b55\" target=\"_blank\" title=\"Mindenki felk\u00f6theti a gaty\u00e1j\u00e1t: brut\u00e1lis \u00fajdons\u00e1gokkal t\u00e1mad az iOS 27 \u00e9s az \u00faj Siri AI\" data-recommendation=\"bekezdes_utan\" data-recommendation-preview=\"{&quot;og:title&quot;:&quot;Mindenki felk\u00f6theti a gaty\u00e1j\u00e1t: brut\u00e1lis \u00fajdons\u00e1gokkal t\u00e1mad az iOS 27 \u00e9s az \u00faj Siri AI&quot;,&quot;og:description&quot;:&quot;Bemutatkozott az Apple oper\u00e1ci\u00f3s rendszereinek k\u00f6vetkez\\u0151 gener\u00e1ci\u00f3ja, k\u00f6zt\u00fck a teljesen \u00faj, mesters\u00e9ges intelligenci\u00e1val tuningolt Sirivel.&quot;,&quot;og:image&quot;:&quot;\\\/\\\/kep.cdn.indexvas.hu\\\/1\\\/0\\\/6984\\\/69846\\\/698461\\\/69846155_5153465_b64c0cbc941860a825adf72dc64a3339_wm.jpg&quot;}\" data-recommendation-id=\"6223083\" rel=\"nofollow noopener\">Apple<\/a> eddigi strat\u00e9gi\u00e1ja abb\u00f3l indul ki, hogy a felhaszn\u00e1l\u00f3k tov\u00e1bbra is iPhone-okon, Mac sz\u00e1m\u00edt\u00f3g\u00e9peken \u00e9s m\u00e1s eszk\u00f6z\u00f6k\u00f6n kereszt\u00fcl haszn\u00e1lj\u00e1k majd a mesters\u00e9ges intelligenci\u00e1n alapul\u00f3 szolg\u00e1ltat\u00e1sokat.<\/p>\n<p>A versenyt\u00e1rsak egy r\u00e9sze viszont \u00fagy v\u00e9li, hogy a mesters\u00e9ges intelligencia teljesen \u00faj eszk\u00f6zkateg\u00f3ri\u00e1kat tehet sz\u00fcks\u00e9gess\u00e9. Az OpenAI p\u00e9ld\u00e1ul az egykori Apple-f\u0151tervez\u0151t, Jony Ive-ot is bevonta saj\u00e1t hardverprojektj\u00e9be, \u00e9s az Apple szerint m\u00e1r t\u00f6bb mint 400 kor\u00e1bbi alkalmazottj\u00e1t foglalkoztatja. Az Apple t\u00f6bb t\u00e1voz\u00f3 munkat\u00e1rs ellen b\u00edr\u00f3s\u00e1ghoz fordult \u00fczleti titkok \u00e1ll\u00edt\u00f3lagos eltulajdon\u00edt\u00e1sa miatt.<\/p>\n<p>Ternusnak emellett a mesters\u00e9gesintelligencia-boom miatt <a href=\"https:\/\/index.hu\/tech\/cellanaplo\/2026\/06\/30\/apple-iphone-memoriavalsag-ai-aremeles\/\" id=\"hyperlink_593249989ce461175c381a00f3637c5d\" target=\"_blank\" title=\"Az iPhone-ok sem \u00fassz\u00e1k meg a mem\u00f3riav\u00e1ls\u00e1g miatti \u00e1remel\u00e9st\" rel=\"nofollow noopener\">megdr\u00e1gul\u00f3 mem\u00f3ri\u00e1k<\/a> k\u00f6vetkezt\u00e9ben emelked\u0151 gy\u00e1rt\u00e1si k\u00f6lts\u00e9gekkel \u00e9s az \u00e1tszervez\u00e9sekkel is szembe kell n\u00e9znie.<\/p>\n<p><a href=\"https:\/\/dex.hu\/x.php?id=googlepref_desktop&amp;url=https:\/\/google.com\/preferences\/source?q=https:\/\/index.hu\" class=\"google-pref-banner \" id=\"googlePrefBanner\" rel=\"nofollow noopener\" target=\"_blank\"><\/p>\n<p>    Itt \u00e1ll\u00edtsa be, hogy az Index az els\u0151k k\u00f6z\u00f6tt legyen a Google-tal\u00e1latokban!<\/p>\n<p><\/a><\/p>\n<p>      <a class=\"\" href=\"https:\/\/indexadhu.hit.gemius.pl\/hitredir?id=d7.rQk91pCyMn7AhP950spbfLW9UV09Vz2WGFmgcDGv.N7&amp;stparam=ubqqhsgonq&amp;fastid=iaaimdmjgovrqxgmpnrdbsbmcajp&amp;nc=0&amp;url=https:\/\/aisummitbudapest.hu\/\" target=\"_blank\" rel=\"nofollow noopener\"><img decoding=\"async\" src=\"https:\/\/www.europesays.com\/hu\/wp-content\/uploads\/2026\/08\/1788174557_55_69486391_58fec5c1ccb7a721181e512a7783d891_wm.jpg\" width=\"100%\"\/><\/a><\/p>\n<p><img loading=\"lazy\" decoding=\"async\" src=\"https:\/\/www.europesays.com\/hu\/wp-content\/uploads\/2026\/08\/1788174559_870_redot.gif\" border=\"0\" height=\"0\" width=\"0\"\/><\/p>\n<p>                <a href=\"https:\/\/konyvek.index.hu\/\" target=\"_blank\" rel=\"nofollow noopener\"><br \/>\n                <img decoding=\"async\" src=\"https:\/\/index.hu\/assets\/images\/konyvajanlo\/book_indapress\/book_indapress_logo.svg\" loading=\"lazy\" alt=\"Inda Press Kiad\u00f3\"\/><br \/>\n                <\/a><\/p>\n<p>                <img decoding=\"async\" src=\"https:\/\/www.europesays.com\/hu\/wp-content\/uploads\/2026\/08\/1788174560_665_whatsnext.png\" loading=\"lazy\" alt=\"What's next is now!\"\/><\/p>\n<p>Mi lenne, ha a j\u00f6v\u0151 nem csak t\u00f6rt\u00e9nne veled, hanem te alak\u00edtan\u00e1d? Ez a k\u00f6nyv seg\u00edt felk\u00e9sz\u00fclni, sosem tapasztalt m\u00f3don. Tedd meg az els\u0151 l\u00e9p\u00e9st most.  <\/p>\n<p>                <a class=\"book_index_btn\" href=\"https:\/\/indexadhu.hit.gemius.pl\/hitredir?id=nSCbubuYpDWJZLZs0TssLrbt33Lk5kbipuiZrkg89G3.g7&amp;stparam=vcfjpqgmbf&amp;fastid=lplbwtajxrtlabdtadgtgveqxwlp&amp;nc=0&amp;url=https:\/\/www.indapresskiado.hu\/products\/whats-next-is-now-tervezd-a-jelent\" target=\"_blank\" rel=\"nofollow noopener\">MEGVESZEM<\/a><\/p>\n<p>    <img decoding=\"async\" src=\"https:\/\/www.europesays.com\/hu\/wp-content\/uploads\/2026\/08\/1788174560_309_redot.gif\"\/><\/p>\n<p>    <img decoding=\"async\" src=\"https:\/\/index.hu\/assets\/images\/social-follow\/logo-big.svg\" alt=\"Index.hu logo\"\/><\/p>\n<p>K\u00f6vesse az Indexet Facebookon is!<\/p>\n<p>    <a href=\"https:\/\/facebook.com\/Indexhu\" target=\"_blank\" rel=\"nofollow noopener\"><\/p>\n<p>        K\u00f6vetem!<br \/>\n    <\/a><\/p>\n","protected":false},"excerpt":{"rendered":"Szeptember elsej\u00e9t\u0151l, keddt\u0151l \u00faj vez\u00e9rigazgat\u00f3 ir\u00e1ny\u00edtja az Apple-t: a 51 \u00e9ves John Ternus veszi \u00e1t a technol\u00f3giai \u00f3ri\u00e1sc\u00e9g&hellip;\n","protected":false},"author":2,"featured_media":227322,"comment_status":"","ping_status":"","sticky":false,"template":"","format":"standard","meta":{"footnotes":"","_share_on_mastodon":"0"},"categories":[10],"tags":[282,35068,1019,110,8416,44,42,40,6159,4794,20226,20227,43,41,283,357,20225,3037,111,7979],"class_list":["post-227321","post","type-post","status-publish","format-standard","has-post-thumbnail","category-vallalkozas","tag-ai","tag-ai-summit","tag-apple","tag-business","tag-ceo","tag-hu","tag-hungarian","tag-hungary","tag-ipad","tag-iphone","tag-john-ternus","tag-mac","tag-magyar","tag-magyarorszag","tag-mesterseges-intelligencia","tag-tech-tudomany","tag-tim-cook","tag-vallalat","tag-vallalkozas","tag-vezerigazgato"],"share_on_mastodon":{"url":"https:\/\/pubeurope.com\/@hu\/117189815038353033","error":""},"_links":{"self":[{"href":"https:\/\/www.europesays.com\/hu\/wp-json\/wp\/v2\/posts\/227321","targetHints":{"allow":["GET"]}}],"collection":[{"href":"https:\/\/www.europesays.com\/hu\/wp-json\/wp\/v2\/posts"}],"about":[{"href":"https:\/\/www.europesays.com\/hu\/wp-json\/wp\/v2\/types\/post"}],"author":[{"embeddable":true,"href":"https:\/\/www.europesays.com\/hu\/wp-json\/wp\/v2\/users\/2"}],"replies":[{"embeddable":true,"href":"https:\/\/www.europesays.com\/hu\/wp-json\/wp\/v2\/comments?post=227321"}],"version-history":[{"count":0,"href":"https:\/\/www.europesays.com\/hu\/wp-json\/wp\/v2\/posts\/227321\/revisions"}],"wp:featuredmedia":[{"embeddable":true,"href":"https:\/\/www.europesays.com\/hu\/wp-json\/wp\/v2\/media\/227322"}],"wp:attachment":[{"href":"https:\/\/www.europesays.com\/hu\/wp-json\/wp\/v2\/media?parent=227321"}],"wp:term":[{"taxonomy":"category","embeddable":true,"href":"https:\/\/www.europesays.com\/hu\/wp-json\/wp\/v2\/categories?post=227321"},{"taxonomy":"post_tag","embeddable":true,"href":"https:\/\/www.europesays.com\/hu\/wp-json\/wp\/v2\/tags?post=227321"}],"curies":[{"name":"wp","href":"https:\/\/api.w.org\/{rel}","templated":true}]}}