{"id":227379,"date":"2026-08-31T11:56:17","date_gmt":"2026-08-31T11:56:17","guid":{"rendered":"https:\/\/www.europesays.com\/hu\/227379\/"},"modified":"2026-08-31T11:56:17","modified_gmt":"2026-08-31T11:56:17","slug":"index-belfold-molnar-aronnal-elszakadt-a-cerna-ezt-a-pusztito-brigadot-csak-egyetlen-dolog-rettenti-vissza","status":"publish","type":"post","link":"https:\/\/www.europesays.com\/hu\/227379\/","title":{"rendered":"Index &#8211; Belf\u00f6ld &#8211; Moln\u00e1r \u00c1ronn\u00e1l elszakadt a c\u00e9rna: Ezt a puszt\u00edt\u00f3 brig\u00e1dot csak egyetlen dolog rettenti vissza"},"content":{"rendered":"<p>Moln\u00e1r \u00c1ron a hivatalos <a href=\"https:\/\/www.facebook.com\/photo\/?fbid=1687864126675630&amp;set=a.469627721832616\" id=\"hyperlink_77aaad90fd686da252730e03cf4d6499\" rel=\"nofollow noopener\" target=\"_blank\">Facebook-oldal\u00e1n<\/a> k\u00f6zz\u00e9tett bejegyz\u00e9s\u00e9ben heves frusztr\u00e1ci\u00f3j\u00e1nak adott hangot amiatt, hogy megl\u00e1t\u00e1sa szerint a gyermekv\u00e9delmi rendszerben elk\u00f6vetett s\u00falyos vissza\u00e9l\u00e9sek \u00e9s rendszerszint\u0171 hib\u00e1k ellen\u00e9re a felel\u0151s\u00f6k tov\u00e1bbra is b\u00fcntetlen\u00fcl \u00e9lnek, mik\u00f6zben az \u00e1ldozatok\u00e9rt ki\u00e1ll\u00f3kat fogj\u00e1k <a href=\"https:\/\/index.hu\/belfold\/2025\/12\/18\/molnar-aron-szinesz-fot-gyermekbantalmazas-video-magyar-peter-tisza-part\/\" id=\"hyperlink_cce806936abc7f55b11e8c5c9edf2894\" target=\"_blank\" title=\"S\u00falyos gyermekb\u00e1ntalmaz\u00e1sr\u00f3l tett k\u00f6zz\u00e9 vide\u00f3t Moln\u00e1r \u00c1ron\" data-recommendation=\"bekezdes_utan\" data-recommendation-preview=\"{&quot;og:title&quot;:&quot;S\u00falyos gyermekb\u00e1ntalmaz\u00e1sr\u00f3l tett k\u00f6zz\u00e9 vide\u00f3t Moln\u00e1r \u00c1ron&quot;,&quot;og:description&quot;:&quot;A f\u00f3ti gyermekotthon egyik fel\u00fcgyel\\u0151je egy f\u00f6ld\u00f6n fekv\\u0151, fogyat\u00e9kkal \u00e9l\\u0151 fi\u00fat fojtogat.&quot;,&quot;og:image&quot;:&quot;\\\/\\\/kep.cdn.indexvas.hu\\\/1\\\/0\\\/3667\\\/36670\\\/366708\\\/36670899_2801139_d75a3df0fe20da6ed4a1544fc4ac344a_wm.jpg&quot;}\" data-recommendation-id=\"6132181\" rel=\"nofollow noopener\">perbe<\/a>.<\/p>\n<p>A sz\u00edn\u00e9sz felid\u00e9zte, hogy hamarosan szem\u00e9lyesen is b\u00edr\u00f3s\u00e1g el\u00e9 kell \u00e1llnia:<\/p>\n<p>Frusztr\u00e1lt vagyok, \u00e9s t\u00fcrelmetlen, mert naponta foglalkozom a Fidesz itt hagyott rendszerszint\u0171 gyermekv\u00e9delmi kudarcaival, a Hank\u00f3-botr\u00e1nnyal, \u00e9s semmi m\u00e1sra nem tudok gondolni, mint hogy a felel\u0151s\u00f6k szabadl\u00e1bon vannak, nekem pedig szerd\u00e1n lesz az els\u0151 perem, amiben a F\u00f3ti Gyermekotthon volt igazgat\u00f3ja jelentett fel, akir\u0151l hemzsegnek a bizony\u00edt\u00e9kok, hogy miket k\u00f6vetett el a legkiszolg\u00e1ltatottabb gyerekek ellen. Konkr\u00e9tan nevel\u0151k \u00e9s gyerekek tettek feljelent\u00e9st, vagy jelezt\u00e9k a Szoci\u00e1lis \u00e9s Gyermekv\u00e9delmi Hat\u00f3s\u00e1gnak, a Nemzeti V\u00e9delmi Szolg\u00e1latnak, a rend\u0151rs\u00e9gnek\u2026 semmi nem t\u00f6rt\u00e9nt. Semmi.<\/p>\n<p>                        B\u00edr\u00e1latok a kor\u00e1bbi politikai garnit\u00far\u00e1val szemben<\/p>\n<p>Moln\u00e1r \u00c1ron bejegyz\u00e9s\u00e9ben n\u00e9v szerint sorolta fel a <a href=\"https:\/\/index.hu\/belfold\/2026\/08\/29\/molnar-aron-elszamoltatas-tisza-part-unger-anna-magyar-peter\/\" id=\"hyperlink_7d85d8b6fd7f1d7d1c148fdc1cf12a4a\" target=\"_blank\" title=\"Moln\u00e1r \u00c1ron: K*rv\u00e1ra elegem van abb\u00f3l, hogy azt n\u00e9zem, hogy Orb\u00e1n hogyan tesped Horv\u00e1torsz\u00e1gban egy jachton\" data-recommendation=\"bekezdes_utan\" data-recommendation-preview=\"{&quot;og:title&quot;:&quot;Moln\u00e1r \u00c1ron: K*rv\u00e1ra elegem van abb\u00f3l, hogy azt n\u00e9zem, hogy Orb\u00e1n hogyan tesped Horv\u00e1torsz\u00e1gban egy jachton&quot;,&quot;og:description&quot;:&quot;A sz\u00edn\u00e9sz szerint a fideszes politikusoknak rettegni\u00fck kellene, ehelyett \u201ea pof\u00e1nkba r\u00f6h\u00f6gnek\u201d.&quot;,&quot;og:image&quot;:&quot;\\\/\\\/kep.cdn.indexvas.hu\\\/1\\\/0\\\/6957\\\/69578\\\/695789\\\/69578901_5134369_b8f6deee004af0fae21df20358c821c1_wm.jpg&quot;}\" data-recommendation-id=\"6269701\" rel=\"nofollow noopener\">Fidesz-korm\u00e1nyzat<\/a> kor\u00e1bbi <a href=\"https:\/\/index.hu\/kultur\/2026\/08\/04\/molnar-aron-hanko-balazs-nka-botrany-nyilatkozat-letartoztatas\/\" id=\"hyperlink_1526f9885f47541e772653f3dc1632d9\" target=\"_blank\" title=\"Moln\u00e1r \u00c1ron \u00faj vide\u00f3t \u00edg\u00e9r Hank\u00f3 Bal\u00e1zsr\u00f3l: Nyilv\u00e1nosan kamuzol az \u00e1rtatlans\u00e1godr\u00f3l\" rel=\"nofollow noopener\">vezet\u0151it<\/a> \u00e9s tiszts\u00e9gvisel\u0151it, \u00e9les kritik\u00e1val illetve azt a t\u00e9nyt, hogy a jogi \u00e9s politikai k\u00f6vetkezm\u00e9nyek elmaradtak.<\/p>\n<p>Hogy mer Tuzson Bence belen\u00e9zni b\u00e1rkinek a szem\u00e9be, miut\u00e1n azt hazudta, hogy a Sz\u0151l\u0151 utc\u00e1ban nincs kiskor\u00fa s\u00e9rtett? Hogy mer Hank\u00f3 be\u00fclni a parlamentbe? Hogy lehet az, a ny\u00edlt utc\u00e1n fenyegetnek meg egy \u00fajs\u00e1g\u00edr\u00f3t Kubatov emberei rend\u0151ri jelenl\u00e9t k\u00f6zben, hogy lehet, hogy akik sz\u00e9tbaszt\u00e1k az orsz\u00e1got, nyaralnak?<\/p>\n<p>\u2212 \u00edrja a bejegyz\u00e9sben.<\/p>\n<p>V\u00e9lem\u00e9nye szerint a jelenlegi igazs\u00e1gszolg\u00e1ltat\u00e1si \u00e9s \u00fcgy\u00e9szs\u00e9gi strukt\u00fara m\u00e9g mindig a kor\u00e1bbi rendszer kulcsfigur\u00e1it v\u00e9di, ami megg\u00e1tolja a val\u00f3di elsz\u00e1moltat\u00e1st \u00e9s a t\u00e1rsadalmi biztons\u00e1g\u00e9rzet megteremt\u00e9s\u00e9t:<\/p>\n<p>Nem vagyunk biztons\u00e1gban, m\u00e9g mindig nem. Mert a biztons\u00e1gunk z\u00e1loga a k\u00f6vetkezm\u00e9nyek lenn\u00e9nek. Kubatov ver\u0151emberei szabadl\u00e1bon, Orb\u00e1n, Hank\u00f3, Rog\u00e1n, L\u00e1z\u00e1r \u00e9s a t\u00f6bbi szabadl\u00e1bon. A K\u00faria eln\u00f6ke m\u00e9g mindig Varga Zs. Andr\u00e1s, a volt legf\u0151bb \u00fcgy\u00e9sznek, Nagy G\u00e1bor B\u00e1lintnak mentelmi joga van, az \u00fcgy\u00e9szs\u00e9gen mai napig vezet\u0151 beoszt\u00e1st t\u00f6lt be. Csak ez j\u00e1r a fejemben: ki v\u00e9d meg minket?<\/p>\n<p>\u2212 tette hozz\u00e1.<\/p>\n<p>                        Reformok \u00e9s az igazs\u00e1gszolg\u00e1ltat\u00e1s f\u00fcggetlen\u00edt\u00e9s\u00e9nek elv\u00e1r\u00e1sa<\/p>\n<p>A kritikai hangv\u00e9tel mellett Moln\u00e1r \u00c1ron elismer\u0151en sz\u00f3lt a <a href=\"https:\/\/index.hu\/kultur\/2026\/08\/29\/molnar-aron-magyar-peter-nvvh-unger-anna-fidesz-szakmai-dontes-orban-balazs-opponens\/\" id=\"hyperlink_a0369454db2ea994e225a6fe222f5038\" target=\"_blank\" title=\"Kommentben csapott \u00f6ssze Moln\u00e1r \u00c1ron \u00e9s Magyar P\u00e9ter az NVVH kinevez\u00e9sei miatt\" data-recommendation=\"bekezdes_utan\" data-recommendation-preview=\"{&quot;og:title&quot;:&quot;Kommentben csapott \u00f6ssze Moln\u00e1r \u00c1ron \u00e9s Magyar P\u00e9ter az NVVH kinevez\u00e9sei miatt&quot;,&quot;og:description&quot;:&quot;A sz\u00edn\u00e9sz egy meglep\\u0151 r\u00e9szletre is felh\u00edvta a figyelmet Unger Anna m\u00faltj\u00e1b\u00f3l.&quot;,&quot;og:image&quot;:&quot;\\\/\\\/kep.cdn.indexvas.hu\\\/1\\\/0\\\/6705\\\/67057\\\/670570\\\/67057093_4951107_12285fa6586b78616a5f6749aa344ba7_wm.jpg&quot;}\" data-recommendation-id=\"6269787\" rel=\"nofollow noopener\">Tisza-korm\u00e1ny<\/a> \u00e1ltal elind\u00edtott int\u00e9zked\u00e9sekr\u0151l. Kiemelte az oktat\u00e1si, szoci\u00e1lis \u00e9s eg\u00e9szs\u00e9g\u00fcgyi reformokat, Iv\u00e1nyi G\u00e1bor iskol\u00e1inak \u00fcgy\u00e9t, valamint a civilek \u00e9s szakszervezetek bevon\u00e1s\u00e1t az \u00e1llamigazgat\u00e1si folyamatokba.<\/p>\n<p>Ugyanakkor hangs\u00falyozta, hogy a szoci\u00e1lis \u00e9s politikai fordulat \u00f6nmag\u00e1ban nem elegend\u0151, ha nem k\u00eds\u00e9ri az igazs\u00e1gszolg\u00e1ltat\u00e1si szervek teljes f\u00fcggetlen\u00edt\u00e9se:<\/p>\n<p>\u00d6r\u00f6m n\u00e9zni, hogy milyen temp\u00f3ban \u00e9s milyen radik\u00e1lis d\u00f6nt\u00e9sek sz\u00fclettek a Tisza korm\u00e1nyz\u00e1sa alatt. Tiszta sz\u00edvemb\u0151l mondom. Lannert Judit \u00e9s miniszt\u00e9riuma oktat\u00e1si reformtervei, Iv\u00e1nyi G\u00e1bor visszakapta az iskol\u00e1it, v\u00edzmegtart\u00e1si rendelet, az EU-s p\u00e9nzek hazahozatal\u00e1\u00e9rt tett d\u00f6nt\u00e9sek, eg\u00e9szs\u00e9g\u00fcgyi reformok, szoci\u00e1lis miniszt\u00e9riumi tervek, szakszervezetek \u00e9s civilek bevon\u00e1sa\u2026 soha nem l\u00e1tott v\u00e1ltoz\u00e1sok, egy visszaford\u00edthatatlannak t\u0171n\u0151 rombol\u00e1s ut\u00e1n. Pont emiatt szeretn\u00e9m \u00e9s k\u00e9rem a Tisza-korm\u00e1nyt\u00f3l a hat\u00f3s\u00e1gi \u00e9s igazs\u00e1gszolg\u00e1ltat\u00e1si szervek f\u00fcggetlen\u00edt\u00e9s\u00e9t.<\/p>\n<p>A bejegyz\u00e9s z\u00e1r\u00e1sak\u00e9nt kinyilv\u00e1n\u00edtotta: a j\u00f6v\u0151beni vissza\u00e9l\u00e9sek megakad\u00e1lyoz\u00e1s\u00e1nak \u00e9s a visszat\u00e9r\u00e9s\u00fck megel\u0151z\u00e9s\u00e9nek egyetlen hat\u00e9kony eszk\u00f6ze a jogi k\u00f6vetkezm\u00e9nyek kik\u00e9nyszer\u00edt\u00e9se.<\/p>\n<p>Azoknak, akik okozt\u00e1k ezt a felbecs\u00fclhetetlen k\u00e1rt az orsz\u00e1gnak, b\u0171nh\u0151dni\u00fck kell, hogy soha, de soha ne t\u00e9rhessenek vissza. Ezt a puszt\u00edt\u00f3 brig\u00e1dot, Orb\u00e1nnal az \u00e9len, pedig csak egyetlen dolog rettenti vissza, azok pedig a k\u00f6vetkezm\u00e9nyek.<\/p>\n<p>\u2212\u00a0z\u00e1rta a bejegyz\u00e9s\u00e9t.<\/p>\n<p>\n                          (Bor\u00edt\u00f3k\u00e9p:\u00a0Moln\u00e1r \u00c1ron 2024. szeptember 3-\u00e1n. Fot\u00f3:\u00a0Papajcsik P\u00e9ter \/ Index)\n                        <\/p>\n<p><a href=\"https:\/\/dex.hu\/x.php?id=googlepref_desktop&amp;url=https:\/\/google.com\/preferences\/source?q=https:\/\/index.hu\" class=\"google-pref-banner \" id=\"googlePrefBanner\" rel=\"nofollow noopener\" target=\"_blank\"><\/p>\n<p>    Itt \u00e1ll\u00edtsa be, hogy az Index az els\u0151k k\u00f6z\u00f6tt legyen a Google-tal\u00e1latokban!<\/p>\n<p><\/a><\/p>\n<p>    <img decoding=\"async\" src=\"https:\/\/index.hu\/assets\/images\/social-follow\/logo-big.svg\" alt=\"Index.hu logo\"\/><\/p>\n<p>K\u00f6vesse az Indexet Facebookon is!<\/p>\n<p>    <a href=\"https:\/\/facebook.com\/Indexhu\" target=\"_blank\" rel=\"nofollow noopener\"><\/p>\n<p>        K\u00f6vetem!<br \/>\n    <\/a><\/p>\n","protected":false},"excerpt":{"rendered":"Moln\u00e1r \u00c1ron a hivatalos Facebook-oldal\u00e1n k\u00f6zz\u00e9tett bejegyz\u00e9s\u00e9ben heves frusztr\u00e1ci\u00f3j\u00e1nak adott hangot amiatt, hogy megl\u00e1t\u00e1sa szerint a gyermekv\u00e9delmi rendszerben&hellip;\n","protected":false},"author":2,"featured_media":227380,"comment_status":"","ping_status":"","sticky":false,"template":"","format":"standard","meta":{"footnotes":"","_share_on_mastodon":"0"},"categories":[33],"tags":[80,898,89,38,32031,35,37,44,42,40,43,41,1017,34,3654,4277,144,945,16925,36,39],"class_list":["post-227379","post","type-post","status-publish","format-standard","has-post-thumbnail","category-hirek","tag-belfold","tag-birosag","tag-fidesz","tag-focimek","tag-foti-gyermekotthon","tag-headlines","tag-hirek","tag-hu","tag-hungarian","tag-hungary","tag-magyar","tag-magyarorszag","tag-molnar-aron","tag-news","tag-orban-kormany","tag-per","tag-szinesz","tag-tisza-part","tag-tisza-kormany","tag-top-stories","tag-vezeto-hirek"],"share_on_mastodon":{"url":"https:\/\/pubeurope.com\/@hu\/117189999750783020","error":""},"_links":{"self":[{"href":"https:\/\/www.europesays.com\/hu\/wp-json\/wp\/v2\/posts\/227379","targetHints":{"allow":["GET"]}}],"collection":[{"href":"https:\/\/www.europesays.com\/hu\/wp-json\/wp\/v2\/posts"}],"about":[{"href":"https:\/\/www.europesays.com\/hu\/wp-json\/wp\/v2\/types\/post"}],"author":[{"embeddable":true,"href":"https:\/\/www.europesays.com\/hu\/wp-json\/wp\/v2\/users\/2"}],"replies":[{"embeddable":true,"href":"https:\/\/www.europesays.com\/hu\/wp-json\/wp\/v2\/comments?post=227379"}],"version-history":[{"count":0,"href":"https:\/\/www.europesays.com\/hu\/wp-json\/wp\/v2\/posts\/227379\/revisions"}],"wp:featuredmedia":[{"embeddable":true,"href":"https:\/\/www.europesays.com\/hu\/wp-json\/wp\/v2\/media\/227380"}],"wp:attachment":[{"href":"https:\/\/www.europesays.com\/hu\/wp-json\/wp\/v2\/media?parent=227379"}],"wp:term":[{"taxonomy":"category","embeddable":true,"href":"https:\/\/www.europesays.com\/hu\/wp-json\/wp\/v2\/categories?post=227379"},{"taxonomy":"post_tag","embeddable":true,"href":"https:\/\/www.europesays.com\/hu\/wp-json\/wp\/v2\/tags?post=227379"}],"curies":[{"name":"wp","href":"https:\/\/api.w.org\/{rel}","templated":true}]}}