{"id":227399,"date":"2026-08-31T12:10:08","date_gmt":"2026-08-31T12:10:08","guid":{"rendered":"https:\/\/www.europesays.com\/hu\/227399\/"},"modified":"2026-08-31T12:10:08","modified_gmt":"2026-08-31T12:10:08","slug":"vilag-villamarviz-ontotte-el-a-grand-canyont-egy-ember-meghalt-sokan-eltuntek","status":"publish","type":"post","link":"https:\/\/www.europesays.com\/hu\/227399\/","title":{"rendered":"Vil\u00e1g: Vill\u00e1m\u00e1rv\u00edz \u00f6nt\u00f6tte el a Grand Canyont, egy ember meghalt, sokan elt\u0171ntek"},"content":{"rendered":"<p>Nagyj\u00e1b\u00f3l 15 embert keresnek az amerikai Grand Canyon Nemzeti Parkban, miut\u00e1n szombaton vill\u00e1m\u00e1rv\u00edz s\u00fajtotta a Bright Angel Canyont \u00e9s a Phantom Ranch k\u00f6rny\u00e9k\u00e9t \u2013 k\u00f6z\u00f6lte az amerikai nemzeti parkok szolg\u00e1lata (NPS).<\/p>\n<p>A hat\u00f3s\u00e1gok kor\u00e1bban m\u00e9g t\u00f6bb mint 20 elt\u0171ntr\u0151l sz\u00e1moltak be, k\u00e9s\u0151bb azonban k\u00f6r\u00fclbel\u00fcl 15-re cs\u00f6kkentett\u00e9k azok sz\u00e1m\u00e1t, akikr\u0151l a vill\u00e1m\u00e1rv\u00edz \u00f3ta nem \u00e9rkezett h\u00edr. Az NPS \u00e9s Arizona \u00e1llam hat\u00f3s\u00e1gai folytatj\u00e1k az \u00e9rintettek felkutat\u00e1s\u00e1t \u00e9s a ment\u00e9st.<\/p>\n<p>A szombaton helyi id\u0151 szerint d\u00e9lut\u00e1n f\u00e9l h\u00e1romkor bek\u00f6vetkezett \u00e1rad\u00e1s jelent\u0151s k\u00e1rokat okozott a Bright Angel Canyon infrastrukt\u00far\u00e1j\u00e1ban: a Bright Angel Creek felett \u00e1t\u00edvel\u0151 gyaloghidak csaknem mindegyike megsemmis\u00fclt, \u00edgy a patak t\u00f6bb helyen nem j\u00e1rhat\u00f3 \u00e1t.<\/p>\n<p> <a href=\"https:\/\/x.com\/BNONews\/status\/2094165136470675610\" target=\"_blank\" rel=\"nofollow\"> <\/p>\n<p>https:\/\/x.com\/BNONews\/status\/2094165136470675610<\/p>\n<p>Az NPS szerint h\u00e9tf\u0151ig tov\u00e1bbi zivatarok \u00e9s heves es\u0151z\u00e9sek v\u00e1rhat\u00f3k a t\u00e9rs\u00e9gben, amelyek \u00fajabb vill\u00e1m\u00e1rad\u00e1sokat, illetve a t\u00fara\u00fatvonalakon sziklaoml\u00e1sokat okozhatnak.<\/p>\n<p>A ment\u00e9si munk\u00e1latok sor\u00e1n vas\u00e1rnap este egy 46 \u00e9ves f\u00e9rfi holttest\u00e9t tal\u00e1lt\u00e1k meg a Colorado foly\u00f3 Crystal Rapids nev\u0171 szakasz\u00e1n\u00e1l. A hat\u00f3s\u00e1gok tov\u00e1bbi r\u00e9szleteket egyel\u0151re nem k\u00f6z\u00f6ltek.<\/p>\n<p>A vill\u00e1m\u00e1rad\u00e1s a Grand Canyon v\u00edzell\u00e1t\u00e1s\u00e1t biztos\u00edt\u00f3 egyetlen f\u0151 v\u00edzvezet\u00e9ket is megrong\u00e1lta. Emiatt h\u00e9tf\u0151t\u0151l a nemzeti park ter\u00fclet\u00e9n m\u0171k\u00f6d\u0151 sz\u00e1ll\u00e1shelyeken nem lehet \u00e9jszak\u00e1zni, az \u00e1lland\u00f3 lakosokat pedig v\u00edztakar\u00e9koss\u00e1gra k\u00e9rt\u00e9k. A v\u00edzvezet\u00e9k 2023-ban kezdett, 208 milli\u00f3 doll\u00e1ros korszer\u0171s\u00edt\u00e9se v\u00e1rhat\u00f3an j\u00f6v\u0151re fejez\u0151dne be.<\/p>\n<p>A nagy erej\u0171 \u00e1rv\u00edz jelent\u0151sen \u00e1talak\u00edtotta a Bright Angel Creek medr\u00e9t is, \u00e9s nagy sziklat\u00f6mb\u00f6ket sodort a Colorado foly\u00f3ba. A Bright Angel Campground, a North Kaibab Trail \u00e9s a Phantom Ranch vas\u00e1rnap is z\u00e1rva tartott.<\/p>\n<p>Nyit\u00f3k\u00e9p\u00fcnk\u00f6n egy megsemmis\u00fclt gyalogh\u00edd. Fot\u00f3: AFP \/ NPS \/ J. Thompson<\/p>\n","protected":false},"excerpt":{"rendered":"Nagyj\u00e1b\u00f3l 15 embert keresnek az amerikai Grand Canyon Nemzeti Parkban, miut\u00e1n szombaton vill\u00e1m\u00e1rv\u00edz s\u00fajtotta a Bright Angel Canyont&hellip;\n","protected":false},"author":2,"featured_media":227400,"comment_status":"","ping_status":"","sticky":false,"template":"","format":"standard","meta":{"footnotes":"","_share_on_mastodon":"0"},"categories":[33],"tags":[38,52278,35,37,44,42,40,43,41,34,48274,36,39,59939,44666],"class_list":["post-227399","post","type-post","status-publish","format-standard","has-post-thumbnail","category-hirek","tag-focimek","tag-grand-canyon","tag-headlines","tag-hirek","tag-hu","tag-hungarian","tag-hungary","tag-magyar","tag-magyarorszag","tag-news","tag-termeszeti-katasztrofak","tag-top-stories","tag-vezeto-hirek","tag-villamaradas","tag-villamarviz"],"share_on_mastodon":{"url":"https:\/\/pubeurope.com\/@hu\/117190054583068396","error":""},"_links":{"self":[{"href":"https:\/\/www.europesays.com\/hu\/wp-json\/wp\/v2\/posts\/227399","targetHints":{"allow":["GET"]}}],"collection":[{"href":"https:\/\/www.europesays.com\/hu\/wp-json\/wp\/v2\/posts"}],"about":[{"href":"https:\/\/www.europesays.com\/hu\/wp-json\/wp\/v2\/types\/post"}],"author":[{"embeddable":true,"href":"https:\/\/www.europesays.com\/hu\/wp-json\/wp\/v2\/users\/2"}],"replies":[{"embeddable":true,"href":"https:\/\/www.europesays.com\/hu\/wp-json\/wp\/v2\/comments?post=227399"}],"version-history":[{"count":0,"href":"https:\/\/www.europesays.com\/hu\/wp-json\/wp\/v2\/posts\/227399\/revisions"}],"wp:featuredmedia":[{"embeddable":true,"href":"https:\/\/www.europesays.com\/hu\/wp-json\/wp\/v2\/media\/227400"}],"wp:attachment":[{"href":"https:\/\/www.europesays.com\/hu\/wp-json\/wp\/v2\/media?parent=227399"}],"wp:term":[{"taxonomy":"category","embeddable":true,"href":"https:\/\/www.europesays.com\/hu\/wp-json\/wp\/v2\/categories?post=227399"},{"taxonomy":"post_tag","embeddable":true,"href":"https:\/\/www.europesays.com\/hu\/wp-json\/wp\/v2\/tags?post=227399"}],"curies":[{"name":"wp","href":"https:\/\/api.w.org\/{rel}","templated":true}]}}