{"id":227458,"date":"2026-08-31T13:06:12","date_gmt":"2026-08-31T13:06:12","guid":{"rendered":"https:\/\/www.europesays.com\/hu\/227458\/"},"modified":"2026-08-31T13:06:12","modified_gmt":"2026-08-31T13:06:12","slug":"index-kultur-elo-adasban-jelentette-be-a-tavozasat-az-rtl-nepszeru-musorvezetoje","status":"publish","type":"post","link":"https:\/\/www.europesays.com\/hu\/227458\/","title":{"rendered":"Index &#8211; Kult\u00far &#8211; \u00c9l\u0151 ad\u00e1sban jelentette be a t\u00e1voz\u00e1s\u00e1t az RTL n\u00e9pszer\u0171 m\u0171sorvezet\u0151je"},"content":{"rendered":"<p>                <a href=\"https:\/\/index.hu\/szerzo\/olah_zsanett\" rel=\"nofollow noopener\" target=\"_blank\"><br \/>\n                        <img decoding=\"async\" class=\"szerzo-kep\" src=\"https:\/\/www.europesays.com\/hu\/wp-content\/uploads\/2026\/08\/1788181572_904_68042483_5023425_6c25dbf93ee8e9917e996ebccc7002db_wm.jpg\" alt=\"Ol\u00e1h Zsanett\"\/><br \/>\n                <\/a><\/p>\n<p>\n                Nyolc \u00e9s f\u00e9l \u00e9v ut\u00e1n b\u00facs\u00fat vesz az RTL Reggelij\u00e9t\u0151l Papp Gergely, a m\u0171sorvezet\u0151 h\u00e9tf\u0151 reggel, ad\u00e1s k\u00f6zben jelentette be t\u00e1voz\u00e1s\u00e1t. Egy internetes port\u00e1ln\u00e1l folytatja p\u00e1lyafut\u00e1s\u00e1t, ahol h\u00e1zigazda lesz, \u00e9s riportokat k\u00e9sz\u00edt majd.            <\/p>\n<p>\u201eSzeretn\u00e9k m\u00e9g utolj\u00e1ra elb\u00facs\u00fazni a kedves t\u00e9v\u00e9n\u00e9z\u0151inkt\u0151l a Reggeliben, mert nyolc \u00e9s f\u00e9l \u00e9v ut\u00e1n elj\u00f6tt egy olyan pillanat, amikor\u2026 Im\u00e1dlak titeket, im\u00e1dom ezt a m\u0171sort, de j\u00f6tt egy olyan lehet\u0151s\u00e9g, ami picit felr\u00e1zza az embert\u201d\u00a0\u2013 b\u00facs\u00fazott Papp Gergely h\u00e9tf\u0151 reggel az RTL Reggeli ad\u00e1s\u00e1ban, amit <a href=\"https:\/\/www.instagram.com\/stories\/papp.gergo.pimaszur\/3975718673477871136\/\" id=\"hyperlink_8986522d7486d6e46ae346abff69f9f5\" rel=\"nofollow noopener\" target=\"_blank\">Instagram-t\u00f6rt\u00e9net\u00e9ben<\/a> is megosztott.<\/p>\n<p>\u00dajra terepre menni, mostant\u00f3l az egyik legdinamikusabban fejl\u0151d\u0151 internetes port\u00e1ln\u00e1l kaptam lehet\u0151s\u00e9get. \u00dajra riportokat k\u00e9sz\u00edtek, h\u00e1zigazda leszek, szerkesztek, a kreat\u00edv agyamat megdolgoztatja. Ugyanakkor fantasztikus h\u00e1l\u00e1val tartozom az eg\u00e9sz csatorn\u00e1nak \u00e9s a Reggelinek! Nyolc \u00e9s f\u00e9l \u00e9v baromi sok id\u0151<\/p>\n<p>\u2013 fogalmazott a m\u0171sorvezet\u0151.<\/p>\n<p>Azt pontosan nem \u00e1rulta el, hol folytatja karrierj\u00e9t, de a n\u00e9z\u0151knek \u00e9s a koll\u00e9g\u00e1knak is neh\u00e9z ilyen hossz\u00fa id\u0151 ut\u00e1n b\u00facs\u00fat venni a telev\u00edzi\u00f3st\u00f3l. Ennek ellen\u00e9re Papp optimista a j\u00f6v\u0151t tekint\u0151en, egy \u00faj fejezet veszi hamarosan kezdet\u00e9t a sz\u00e1m\u00e1ra.<\/p>\n<p>                        M\u00e1sok is t\u00e1voztak m\u00e1r a m\u0171sorb\u00f3l<\/p>\n<p>Ahogy arr\u00f3l besz\u00e1moltunk, k\u00f6zel egy \u00e9vtizednyi k\u00f6z\u00f6s munka ut\u00e1n <a href=\"https:\/\/index.hu\/fomo\/2026\/04\/29\/rtl-reggeli-peller-anna-peller-mariann-bucsu\/\" id=\"hyperlink_d6880ba2e957744845614424bf180517\" target=\"_blank\" title=\"Egy korszak v\u00e9get \u00e9rt, ikonikus m\u0171sorvezet\u0151k t\u00e1voznak az RTL Reggelit\u0151l\" rel=\"nofollow noopener\">vesz b\u00facs\u00fat az RTL Reggelit\u0151l Peller Anna \u00e9s Peller Mariann<\/a>. A m\u0171sorvezet\u0151k utols\u00f3 k\u00f6z\u00f6s ad\u00e1sukban tett\u00e9k meg a szomor\u00fa bejelent\u00e9st, azonban tov\u00e1bbi r\u00e9szleteket is el\u00e1rulnak d\u00f6nt\u00e9s\u00fckr\u0151l a szerda esti F\u00f3kusz m\u0171sor\u00e1ban.<\/p>\n<p>\n                          Peller Mariann azonban elmondta, \u0151 m\u00e9g visszat\u00e9r a m\u0171sorba vend\u00e9gk\u00e9nt, valamint a n\u00e9z\u0151k tov\u00e1bbra is megtal\u00e1lj\u00e1k majd \u0151t a L\u00e9lekk\u00f6z\u00f6ss\u00e9g minden fel\u00fclet\u00e9n.\n                        <\/p>\n<p>Nem sokkal k\u00e9s\u0151bb kider\u00fclt, ki csatlakozik a st\u00e1bhoz:\u00a0<a href=\"https:\/\/index.hu\/mindekozben\/poszt\/2026\/05\/06\/rtl-reggeli-uj-musorvezeto-barabas-evi-visszateres\/\" id=\"hyperlink_9e5e99e0e20a6529666316271d0eb83b\" target=\"_blank\" title=\"Kider\u00fclt, ki \u00e9rkezik a Reggelibe Peller Mariann\u00e9k t\u00e1voz\u00e1sa ut\u00e1n, r\u00e9gi-\u00faj m\u0171sorvezet\u0151 t\u00e9r vissza\" rel=\"nofollow noopener\">Barab\u00e1s \u00c9v\u00e1t\u00a0l\u00e1thatj\u00e1k az\u00f3ta<\/a> \u00fajra a m\u0171sorvezet\u0151i sz\u00e9kben a csatorna n\u00e9z\u0151i h\u00e9tk\u00f6znap reggelenk\u00e9nt, de a F\u00f3kuszban bet\u00f6lt\u00f6tt szerepe sem v\u00e1ltozott.<\/p>\n<p><a href=\"https:\/\/dex.hu\/x.php?id=googlepref_desktop&amp;url=https:\/\/google.com\/preferences\/source?q=https:\/\/index.hu\" class=\"google-pref-banner \" id=\"googlePrefBanner\" rel=\"nofollow noopener\" target=\"_blank\"><\/p>\n<p>    Itt \u00e1ll\u00edtsa be, hogy az Index az els\u0151k k\u00f6z\u00f6tt legyen a Google-tal\u00e1latokban!<\/p>\n<p><\/a><\/p>\n<p>    <img decoding=\"async\" src=\"https:\/\/index.hu\/assets\/images\/social-follow\/logo-big.svg\" alt=\"Index.hu logo\"\/><\/p>\n<p>K\u00f6vesse az Indexet Facebookon is!<\/p>\n<p>    <a href=\"https:\/\/facebook.com\/Indexhu\" target=\"_blank\" rel=\"nofollow noopener\"><\/p>\n<p>        K\u00f6vetem!<br \/>\n    <\/a><\/p>\n<p>    <script async src=\"\/\/www.instagram.com\/embed.js\"><\/script><\/p>\n","protected":false},"excerpt":{"rendered":"Nyolc \u00e9s f\u00e9l \u00e9v ut\u00e1n b\u00facs\u00fat vesz az RTL Reggelij\u00e9t\u0151l Papp Gergely, a m\u0171sorvezet\u0151 h\u00e9tf\u0151 reggel, ad\u00e1s k\u00f6zben&hellip;\n","protected":false},"author":2,"featured_media":227459,"comment_status":"","ping_status":"","sticky":false,"template":"","format":"standard","meta":{"footnotes":"","_share_on_mastodon":"0"},"categories":[33],"tags":[1006,3699,152,38,35,37,44,42,40,150,43,41,2608,34,15277,26057,17280,36,39],"class_list":["post-227458","post","type-post","status-publish","format-standard","has-post-thumbnail","category-hirek","tag-ajanlat","tag-bucsu","tag-ce-napi","tag-focimek","tag-headlines","tag-hirek","tag-hu","tag-hungarian","tag-hungary","tag-kultur","tag-magyar","tag-magyarorszag","tag-munkahely","tag-news","tag-papp-gergely","tag-rtl-reggeli","tag-tavozas","tag-top-stories","tag-vezeto-hirek"],"share_on_mastodon":{"url":"https:\/\/pubeurope.com\/@hu\/117190275148476885","error":""},"_links":{"self":[{"href":"https:\/\/www.europesays.com\/hu\/wp-json\/wp\/v2\/posts\/227458","targetHints":{"allow":["GET"]}}],"collection":[{"href":"https:\/\/www.europesays.com\/hu\/wp-json\/wp\/v2\/posts"}],"about":[{"href":"https:\/\/www.europesays.com\/hu\/wp-json\/wp\/v2\/types\/post"}],"author":[{"embeddable":true,"href":"https:\/\/www.europesays.com\/hu\/wp-json\/wp\/v2\/users\/2"}],"replies":[{"embeddable":true,"href":"https:\/\/www.europesays.com\/hu\/wp-json\/wp\/v2\/comments?post=227458"}],"version-history":[{"count":0,"href":"https:\/\/www.europesays.com\/hu\/wp-json\/wp\/v2\/posts\/227458\/revisions"}],"wp:featuredmedia":[{"embeddable":true,"href":"https:\/\/www.europesays.com\/hu\/wp-json\/wp\/v2\/media\/227459"}],"wp:attachment":[{"href":"https:\/\/www.europesays.com\/hu\/wp-json\/wp\/v2\/media?parent=227458"}],"wp:term":[{"taxonomy":"category","embeddable":true,"href":"https:\/\/www.europesays.com\/hu\/wp-json\/wp\/v2\/categories?post=227458"},{"taxonomy":"post_tag","embeddable":true,"href":"https:\/\/www.europesays.com\/hu\/wp-json\/wp\/v2\/tags?post=227458"}],"curies":[{"name":"wp","href":"https:\/\/api.w.org\/{rel}","templated":true}]}}