{"id":227534,"date":"2026-08-31T14:15:06","date_gmt":"2026-08-31T14:15:06","guid":{"rendered":"https:\/\/www.europesays.com\/hu\/227534\/"},"modified":"2026-08-31T14:15:06","modified_gmt":"2026-08-31T14:15:06","slug":"modern-kori-rabszolgasag-vecsesen-ket-even-at-bantalmaztak-felelemben-tartottak-es-megallas-nelkul-dolgoztattak-ot-ferfit","status":"publish","type":"post","link":"https:\/\/www.europesays.com\/hu\/227534\/","title":{"rendered":"Modern kori rabszolgas\u00e1g Vecs\u00e9sen: k\u00e9t \u00e9ven \u00e1t b\u00e1ntalmaztak, f\u00e9lelemben tartottak \u00e9s meg\u00e1ll\u00e1s n\u00e9lk\u00fcl dolgoztattak \u00f6t f\u00e9rfit"},"content":{"rendered":"<p>T\u00f6bb ember s\u00e9relm\u00e9re elk\u00f6vetett emberkereskedelem \u00e9s k\u00e9nyszermunka b\u0171ntett\u00e9nek megalapozott gyan\u00faja miatt fogott el, majd hallgatott ki a rend\u0151rs\u00e9g egy 55 \u00e9ves f\u00e9rfit Pest v\u00e1rmegy\u00e9ben. A rend\u0151rs\u00e9gi k\u00f6zlem\u00e9ny szerint a f\u00e9rfihoz tartoz\u00f3 vecs\u00e9si ingatlanban \u00f6t f\u00e9rfit dolgoztathattak napi 10\u201312 \u00f3r\u00e1ban, ugyanakkor a helysz\u00edni adatgy\u0171jt\u00e9s, majd a s\u00e9rtettek kihallgat\u00e1sa sor\u00e1n egyre s\u00falyosabb r\u00e9szletek rajzol\u00f3dtak ki. Az \u00fcgy azut\u00e1n ker\u00fclt a hat\u00f3s\u00e1g l\u00e1t\u00f3k\u00f6r\u00e9be, hogy az egyik s\u00e9rtett augusztus 26-\u00e1n k\u00e9s\u0151 este feljelent\u00e9st tett a BRFK XVIII. Ker\u00fcleti Rend\u0151rkapit\u00e1nys\u00e1g\u00e1n. A jelz\u00e9sre a monori rend\u0151r\u00f6k nem sokkal \u00e9jf\u00e9l ut\u00e1n m\u00e1r a vecs\u00e9si ingatlann\u00e1l int\u00e9zkedtek.<\/p>\n<p>Mint \u00edrj\u00e1k, a nemr\u00e9giben elfogott f\u00e9rfi \u00e9s t\u00e1rsa munk\u00e1t \u00e9s sz\u00e1ll\u00e1st \u00edg\u00e9rtek, k\u00e9s\u0151bb azonban a gyan\u00fa szerint hossz\u00fa \u00f3r\u00e1kon \u00e1t, fenyeget\u00e9sek \u00e9s b\u00e1ntalmaz\u00e1sok k\u00f6zepette kellett dolgozniuk azoknak a f\u00e9rfiaknak, akiket egy vecs\u00e9si ingatlanban sz\u00e1ll\u00e1soltak el. Nekik h\u00e9tk\u00f6znapokon Budapesten \u00e9p\u00edt\u0151ipari \u00e9s villanyszerel\u00e9si feladatokat, Vecs\u00e9sen pedig \u00e1llattart\u00e1ssal kapcsolatos munk\u00e1kat kellett v\u00e9gezni\u00fck. Napi 10\u201312 \u00f3r\u00e1t dolgoztatt\u00e1k \u0151ket pihen\u0151id\u0151 vagy pihen\u0151nap n\u00e9lk\u00fcl, az elv\u00e9gzett munk\u00e1\u00e9rt pedig k\u00e9t \u00e9ve nem kaptak munkab\u00e9rt \u00e9s rendszeres anyagi juttat\u00e1st sem.<\/p>\n<p> F\u00e9lelemben tartott\u00e1k a f\u00e9rfiakat, \u00e9s ha nem voltak el\u00e9gedettek valakinek a teljes\u00edtm\u00e9ny\u00e9vel, akkor azt b\u00e1ntalmazt\u00e1k. Volt, akit mozg\u00e1sszervi s\u00e9r\u00fcl\u00e9se ellen\u00e9re is munk\u00e1ra k\u00e9nyszer\u00edtettek, egyik t\u00e1rsukat pedig t\u00f6bbsz\u00f6r \u00f6k\u00f6llel meg\u00fct\u00f6tt\u00e9k. A s\u00e9r\u00fclt f\u00e9rfi f\u00e9lelm\u00e9ben orvoshoz sem mert fordulni.<\/p>\n<p>A nyomoz\u00f3k r\u00f6vid id\u0151n bel\u00fcl elfogt\u00e1k az 55 \u00e9ves T. Lajost, akit \u0151rizetbe vettek, \u00e9s kezdem\u00e9nyezt\u00e9k letart\u00f3ztat\u00e1s\u00e1t is, amit a b\u00edr\u00f3s\u00e1g elrendelt. T\u00e1rs\u00e1t m\u00e9g keresik a rend\u0151r\u00f6k. A Pest V\u00e1rmegyei Rend\u0151r-f\u0151kapit\u00e1nys\u00e1g t\u00f6bb ember s\u00e9relm\u00e9re elk\u00f6vetett emberkereskedelem \u00e9s k\u00e9nyszermunka b\u0171ntette miatt folytatja az elj\u00e1r\u00e1st.<\/p>\n<p>A f\u00e9rfi tagadta a b\u0171ncselekm\u00e9nyt, panasszal \u00e9lt a gyan\u00fas\u00edt\u00e1s ellen.<\/p>\n","protected":false},"excerpt":{"rendered":"T\u00f6bb ember s\u00e9relm\u00e9re elk\u00f6vetett emberkereskedelem \u00e9s k\u00e9nyszermunka b\u0171ntett\u00e9nek megalapozott gyan\u00faja miatt fogott el, majd hallgatott ki a rend\u0151rs\u00e9g&hellip;\n","protected":false},"author":2,"featured_media":227535,"comment_status":"","ping_status":"","sticky":false,"template":"","format":"standard","meta":{"footnotes":"","_share_on_mastodon":"0"},"categories":[6],"tags":[78,7728,44,42,40,43,41,37235,269,11825],"class_list":["post-227534","post","type-post","status-publish","format-standard","has-post-thumbnail","category-magyarorszag","tag-bantalmazas","tag-emberkereskedelem","tag-hu","tag-hungarian","tag-hungary","tag-magyar","tag-magyarorszag","tag-rabszolgasag","tag-rendorseg","tag-vecses"],"share_on_mastodon":{"url":"https:\/\/pubeurope.com\/@hu\/117190546075136126","error":""},"_links":{"self":[{"href":"https:\/\/www.europesays.com\/hu\/wp-json\/wp\/v2\/posts\/227534","targetHints":{"allow":["GET"]}}],"collection":[{"href":"https:\/\/www.europesays.com\/hu\/wp-json\/wp\/v2\/posts"}],"about":[{"href":"https:\/\/www.europesays.com\/hu\/wp-json\/wp\/v2\/types\/post"}],"author":[{"embeddable":true,"href":"https:\/\/www.europesays.com\/hu\/wp-json\/wp\/v2\/users\/2"}],"replies":[{"embeddable":true,"href":"https:\/\/www.europesays.com\/hu\/wp-json\/wp\/v2\/comments?post=227534"}],"version-history":[{"count":0,"href":"https:\/\/www.europesays.com\/hu\/wp-json\/wp\/v2\/posts\/227534\/revisions"}],"wp:featuredmedia":[{"embeddable":true,"href":"https:\/\/www.europesays.com\/hu\/wp-json\/wp\/v2\/media\/227535"}],"wp:attachment":[{"href":"https:\/\/www.europesays.com\/hu\/wp-json\/wp\/v2\/media?parent=227534"}],"wp:term":[{"taxonomy":"category","embeddable":true,"href":"https:\/\/www.europesays.com\/hu\/wp-json\/wp\/v2\/categories?post=227534"},{"taxonomy":"post_tag","embeddable":true,"href":"https:\/\/www.europesays.com\/hu\/wp-json\/wp\/v2\/tags?post=227534"}],"curies":[{"name":"wp","href":"https:\/\/api.w.org\/{rel}","templated":true}]}}