{"id":227548,"date":"2026-08-31T14:29:07","date_gmt":"2026-08-31T14:29:07","guid":{"rendered":"https:\/\/www.europesays.com\/hu\/227548\/"},"modified":"2026-08-31T14:29:07","modified_gmt":"2026-08-31T14:29:07","slug":"index-belfold-elindult-a-kozhang-akkora-volt-a-roham-hogy-megbicsaklott-a-belepes","status":"publish","type":"post","link":"https:\/\/www.europesays.com\/hu\/227548\/","title":{"rendered":"Index &#8211; Belf\u00f6ld &#8211; Elindult a K\u00f6zhang, akkora volt a roham, hogy megbicsaklott a bel\u00e9p\u00e9s"},"content":{"rendered":"<p>Radnai M\u00e1rk, a Tisza P\u00e1rt aleln\u00f6ke, m\u0171k\u00f6d\u0151 \u00e9s embers\u00e9ges Magyarorsz\u00e1g\u00e9rt felel\u0151s korm\u00e1nybiztos h\u00e9tf\u0151n a Facebookon <a href=\"https:\/\/www.facebook.com\/tisza.komaromesztergommegye.02oevk\/posts\/pfbid09G4SQQbbML9vDZUdELxJ2grpBcD7BaPrHcaBQAyRsFJgMRuy4NECcq4MycjdW2Jpl\" id=\"hyperlink_94df7365df451ddff528ea1da18c8215\" rel=\"nofollow noopener\" target=\"_blank\">jelentette be<\/a>, hogy elindult a K\u00f6zhang. Szerinte a fel\u00fclet tal\u00e1n \u00e9pp a legjobbkor \u00e9rkezik.<\/p>\n<p>A start azonnal pr\u00f3b\u00e1ra tette a rendszert: az e-mail-c\u00edmmel t\u00f6rt\u00e9n\u0151 bel\u00e9p\u00e9s akadozni kezdett. Addig is anonim m\u00f3dban, regisztr\u00e1ci\u00f3 n\u00e9lk\u00fcl lehet kit\u00f6lteni a k\u00e9rd\u00e9seket, a profil k\u00e9s\u0151bb \u00f6sszekapcsolhat\u00f3 az e-mail-c\u00edmmel.<\/p>\n<p>A poszt legfontosabb mondata arr\u00f3l sz\u00f3lt, mi lesz a v\u00e9lem\u00e9nyekkel: \u201eA l\u00e9trej\u00f6v\u0151 t\u00e1rsadalmi tud\u00e1s \u00e9s az eredm\u00e9nyek egyenesen az illet\u00e9kes szakt\u00e1rc\u00e1khoz ker\u00fclnek\u201d \u2013 \u00edrta. Szakt\u00e1rc\u00e1n az adott ter\u00fclet\u00e9rt felel\u0151s miniszt\u00e9riumot kell \u00e9rteni.<\/p>\n<p>                        T\u00edz fejezet, k\u00e9t h\u00f3nap, egy k\u00e9rd\u00e9s<\/p>\n<p>A kozhang.hu oldalon egyel\u0151re az els\u0151, A k\u00f6zm\u00e9dia k\u00fcldet\u00e9se c\u00edm\u0171 blokk t\u00f6lthet\u0151 ki a t\u00edzb\u0151l, a m\u00e1sodik j\u00f6v\u0151 h\u00e9tf\u0151n ny\u00edlik meg. Az egyeztet\u00e9s k\u00e9t h\u00f3napig tart.<\/p>\n<p>Az els\u0151 fejezetben vide\u00f3k is szerepelnek: id\u0151sek \u00e9s fiatalok besz\u00e9lnek arr\u00f3l, milyen k\u00f6zm\u00e9di\u00e1t szeretn\u00e9nek. R\u00f6vid \u00f6sszefoglal\u00f3k olvashat\u00f3k k\u00fclf\u00f6ldi orsz\u00e1gok k\u00f6zm\u00e9di\u00e1j\u00e1r\u00f3l, saj\u00e1t v\u00e9lem\u00e9ny is bek\u00fcldhet\u0151.<\/p>\n<p>A korm\u00e1nybiztos elhat\u00e1rolta a fel\u00fcletet a megszokott v\u00e9lem\u00e9nygy\u0171jt\u00e9st\u0151l.<\/p>\n<p>Ez nem k\u00f6z\u00f6ss\u00e9gi m\u00e9dia, nem pet\u00edci\u00f3, \u00e9s nem egy \u00fajabb k\u00e9rd\u0151\u00edv<\/p>\n<p>\u2013 fogalmazott. Szerinte a technol\u00f3gia rendszerezi a be\u00e9rkez\u0151 gondolatokat, \u00e9s \u00e1tl\u00e1that\u00f3v\u00e1 teszi az eredm\u00e9nyeket.<\/p>\n<p>                        A t\u00f6rv\u00e9nym\u00f3dos\u00edt\u00e1s ut\u00e1n j\u00f6n a k\u00f6z\u00f6ns\u00e9g<\/p>\n<p>A t\u00e9ma nem v\u00e9letlen: a k\u00f6zm\u00e9dia \u00e1talak\u00edt\u00e1sa a ny\u00e1r egyik legnagyobb belpolitikai \u00fcgye volt. Az Orsz\u00e1ggy\u0171l\u00e9s <a href=\"https:\/\/index.hu\/belfold\/2026\/06\/23\/orszaggyules-parlament-kozmedia-mtva\/\" id=\"hyperlink_ca3145a8e5d12662d4adefb1e3c9c670\" target=\"_blank\" title=\"Teljesen \u00e1talakul a k\u00f6zm\u00e9dia, megszavazt\u00e1k a tisz\u00e1s k\u00e9pvisel\u0151k javaslat\u00e1t\" data-recommendation=\"bekezdes_utan\" data-recommendation-preview=\"{\" og:title=\"\" rel=\"nofollow noopener\">j\u00fanius 23-\u00e1n szavazta meg<\/a> a m\u00e9diat\u00f6rv\u00e9ny m\u00f3dos\u00edt\u00e1s\u00e1t, amely szerint az MTVA \u2013 a k\u00f6zm\u00e9dia vagyonkezel\u0151 h\u00e1tt\u00e9rint\u00e9zm\u00e9nye \u2013 beolvad a Duna M\u00e9diaszolg\u00e1ltat\u00f3ba, a fel\u00fcgyeletet pedig <a href=\"https:\/\/index.hu\/belfold\/2026\/07\/21\/kozmedia-mtva-fuggetlen-kozmedia-testulet-orszaggyules-parlament-tisza-part\/\" id=\"hyperlink_c0ce6d7d28024a4687873137d2ff195c\" target=\"_blank\" title=\"Itt a k\u00f6vetkez\u0151 d\u00f6nt\u00e9s a k\u00f6zm\u00e9dia \u00e1talak\u00edt\u00e1s\u00e1r\u00f3l\" rel=\"nofollow noopener\">a F\u00fcggetlen K\u00f6zm\u00e9dia Test\u00fclet veszi \u00e1t<\/a>.<\/p>\n<p>J\u00falius 7-\u00e9n ideiglenesen le\u00e1llt a h\u00edrszolg\u00e1ltat\u00e1s a k\u00f6zm\u00e9dia csatorn\u00e1in, ny\u00e1ron pedig lezajlott egy szakmai egyeztet\u00e9s is. A K\u00f6zhang a m\u00e1sodik k\u00f6r: most a n\u00e9z\u0151k \u00e9s hallgat\u00f3k j\u00f6nnek.<\/p>\n<p>Visszat\u00e9r\u0151 k\u00e9rd\u00e9s, hogy \u00e1llami vagy p\u00e1rtprojektr\u0151l van-e sz\u00f3. Radnai M\u00e1rk kor\u00e1bban azt k\u00f6z\u00f6lte, nem \u00e1llami p\u00e9nzb\u0151l fejlesztik a platformot, azt f\u00fcggetlen fejleszt\u0151k \u00e9s kutat\u00f3k m\u0171k\u00f6dtetik saj\u00e1t forr\u00e1sb\u00f3l. A k\u00f6zm\u00e9dia ut\u00e1n a KRESZ, a r\u00f6vid t\u00e1v\u00fa lak\u00e1skiad\u00e1s \u00e9s a magyar gazdas\u00e1g is sorra ker\u00fcl.<\/p>\n<p>\n                          (Bor\u00edt\u00f3k\u00e9p:\u00a0Radnai M\u00e1rk az Orsz\u00e1ggy\u0171l\u00e9s plen\u00e1ris \u00fcl\u00e9s\u00e9n 2026. j\u00fanius 15-\u00e9n. Fot\u00f3:\u00a0Papajcsik P\u00e9ter \/ Index)\n                        <\/p>\n<p><a href=\"https:\/\/dex.hu\/x.php?id=googlepref_desktop&amp;url=https:\/\/google.com\/preferences\/source?q=https:\/\/index.hu\" class=\"google-pref-banner \" id=\"googlePrefBanner\" rel=\"nofollow noopener\" target=\"_blank\"><\/p>\n<p>    Itt \u00e1ll\u00edtsa be, hogy az Index az els\u0151k k\u00f6z\u00f6tt legyen a Google-tal\u00e1latokban!<\/p>\n<p><\/a><\/p>\n<p>    <img decoding=\"async\" src=\"https:\/\/index.hu\/assets\/images\/social-follow\/logo-big.svg\" alt=\"Index.hu logo\"\/><\/p>\n<p>K\u00f6vesse az Indexet Facebookon is!<\/p>\n<p>    <a href=\"https:\/\/facebook.com\/Indexhu\" target=\"_blank\" rel=\"nofollow noopener\"><\/p>\n<p>        K\u00f6vetem!<br \/>\n    <\/a><\/p>\n","protected":false},"excerpt":{"rendered":"Radnai M\u00e1rk, a Tisza P\u00e1rt aleln\u00f6ke, m\u0171k\u00f6d\u0151 \u00e9s embers\u00e9ges Magyarorsz\u00e1g\u00e9rt felel\u0151s korm\u00e1nybiztos h\u00e9tf\u0151n a Facebookon jelentette be, hogy&hellip;\n","protected":false},"author":2,"featured_media":227549,"comment_status":"","ping_status":"","sticky":false,"template":"","format":"standard","meta":{"footnotes":"","_share_on_mastodon":"0"},"categories":[6],"tags":[80,152,2181,44,42,40,57240,43,41,12691,33139],"class_list":["post-227548","post","type-post","status-publish","format-standard","has-post-thumbnail","category-magyarorszag","tag-belfold","tag-ce-napi","tag-hiba","tag-hu","tag-hungarian","tag-hungary","tag-kozhang","tag-magyar","tag-magyarorszag","tag-radnai-mark","tag-tarsadalmi-egyeztetes"],"share_on_mastodon":{"url":"https:\/\/pubeurope.com\/@hu\/117190602001218648","error":""},"_links":{"self":[{"href":"https:\/\/www.europesays.com\/hu\/wp-json\/wp\/v2\/posts\/227548","targetHints":{"allow":["GET"]}}],"collection":[{"href":"https:\/\/www.europesays.com\/hu\/wp-json\/wp\/v2\/posts"}],"about":[{"href":"https:\/\/www.europesays.com\/hu\/wp-json\/wp\/v2\/types\/post"}],"author":[{"embeddable":true,"href":"https:\/\/www.europesays.com\/hu\/wp-json\/wp\/v2\/users\/2"}],"replies":[{"embeddable":true,"href":"https:\/\/www.europesays.com\/hu\/wp-json\/wp\/v2\/comments?post=227548"}],"version-history":[{"count":0,"href":"https:\/\/www.europesays.com\/hu\/wp-json\/wp\/v2\/posts\/227548\/revisions"}],"wp:featuredmedia":[{"embeddable":true,"href":"https:\/\/www.europesays.com\/hu\/wp-json\/wp\/v2\/media\/227549"}],"wp:attachment":[{"href":"https:\/\/www.europesays.com\/hu\/wp-json\/wp\/v2\/media?parent=227548"}],"wp:term":[{"taxonomy":"category","embeddable":true,"href":"https:\/\/www.europesays.com\/hu\/wp-json\/wp\/v2\/categories?post=227548"},{"taxonomy":"post_tag","embeddable":true,"href":"https:\/\/www.europesays.com\/hu\/wp-json\/wp\/v2\/tags?post=227548"}],"curies":[{"name":"wp","href":"https:\/\/api.w.org\/{rel}","templated":true}]}}