{"id":227550,"date":"2026-08-31T14:30:10","date_gmt":"2026-08-31T14:30:10","guid":{"rendered":"https:\/\/www.europesays.com\/hu\/227550\/"},"modified":"2026-08-31T14:30:10","modified_gmt":"2026-08-31T14:30:10","slug":"itthon-hasznalatra-egyaltalan-nem-javasolt-lelegeztetogepeket-minositett-jonak-es-vett-meg-szijjarto-miniszteriuma","status":"publish","type":"post","link":"https:\/\/www.europesays.com\/hu\/227550\/","title":{"rendered":"Itthon: Haszn\u00e1latra egy\u00e1ltal\u00e1n nem javasolt l\u00e9legeztet\u0151g\u00e9peket min\u0151s\u00edtett \u201ej\u00f3nak\u201d \u00e9s vett meg Szijj\u00e1rt\u00f3 miniszt\u00e9riuma"},"content":{"rendered":"<p>Lees\u0151 vagy mechanikai okokb\u00f3l bizonytalanul mozg\u00f3 teker\u0151gombok, ingadoz\u00f3 vagy pontosan nem be\u00e1ll\u00edthat\u00f3 l\u00e9gnyom\u00e1s, a kezel\u0151k sz\u00e1m\u00e1ra nem \u00e9rthet\u0151 k\u00ednai le\u00edr\u00e1sok \u00e9s feliratok \u2013 ilyen probl\u00e9m\u00e1kr\u00f3l volt tudom\u00e1sa a Szijj\u00e1rt\u00f3 P\u00e9ter vezette K\u00fclgazdas\u00e1gi \u00e9s K\u00fcl\u00fcgyminiszt\u00e9riumnak (KKM), amikor a t\u00f6bb mint 16 ezer k\u00ednai l\u00e9legeztet\u0151g\u00e9pet nagyj\u00e1b\u00f3l 300 milli\u00e1rd forint\u00e9rt beszerezte a koronav\u00edrus-j\u00e1rv\u00e1ny idej\u00e9n \u2013 \u00edrja a t\u00e1rca kor\u00e1bbi anyagainak \u00e1tvizsg\u00e1l\u00e1sa nyom\u00e1n annak mostani parlamenti \u00e1llamtitk\u00e1ra. <\/p>\n<p><a href=\"https:\/\/www.facebook.com\/tisza.budapest.06oevk\/posts\/pfbid0E2gw3mLiumQhCFjYbjeVMmEwVsezaDQZmRrnUD6Pqz13xn246Q8mDLNWHcxHshfml\" target=\"_blank\" rel=\"nofollow noopener\">Velkey Gy\u00f6rgy L\u00e1szl\u00f3 szerint<\/a> szerint a dokumentumokb\u00f3l kider\u00fclt, hogy <\/p>\n<p class=\"highlighted\">a megrendelt 16\u00a0583 k\u00e9sz\u00fcl\u00e9k k\u00f6z\u00fcl mind\u00f6ssze 8413-at sorolt \u201ek\u00f3rh\u00e1zi felhaszn\u00e1l\u00e1sra alkalmas\u201d kateg\u00f3ri\u00e1ba a g\u00e9pek min\u0151s\u00edt\u00e9s\u00e9vel megb\u00edzott magyar katonaorvos 2020-ban, <\/p>\n<p>\u00e1m a KKM a r\u00e9szletesen le\u00edrt s\u00falyos hib\u00e1k \u00e9s min\u0151s\u00e9gi probl\u00e9m\u00e1k ellen\u00e9re sem \u00e1llt el az eszk\u00f6z\u00f6k megv\u00e1s\u00e1rl\u00e1s\u00e1t\u00f3l.<\/p>\n<p> <a href=\"https:\/\/hvg.hu\/gazdasag\/20260826_lelegeztetogep-biznisz-feljelentes-szijjarto-szazmilliardos-kar\" target=\"_self\" rel=\"nofollow noopener\"> <\/p>\n<p>https:\/\/hvg.hu\/gazdasag\/20260826_lelegeztetogep-biznisz-feljelentes-szijjarto-szazmilliardos-kar<\/p>\n<p>S\u0151t eg\u00e9szen abszurd m\u00f3don \u00e9rt\u00e9kelte \u00e1t a min\u0151s\u00edt\u00e9sre kijel\u00f6lt szakember v\u00e9lem\u00e9ny\u00e9t. A katonaorvos A, B \u00e9s C kateg\u00f3ri\u00e1kba sorolta a vizsg\u00e1lt eszk\u00f6z\u00f6ket, amelyek k\u00f6z\u00fcl az A a k\u00f3rh\u00e1zi felhaszn\u00e1l\u00e1sra alkalmasat, a B a s\u00falyos kompromisszummal haszn\u00e1lhat\u00f3, de nem javasoltat, a C pedig haszn\u00e1lata egy\u00e1ltal\u00e1n nem javasoltat jelentett.<\/p>\n<p>A Szijj\u00e1rt\u00f3 P\u00e9ter-f\u00e9le KKM-n\u00e9l a szakember h\u00e1rmas besorol\u00e1si rendszer\u00e9b\u0151l a B \u00e9s C besorol\u00e1s\u00fa csoport \u00f6sszevon\u00e1s\u00e1val egy kett\u0151s kategoriz\u00e1l\u00e1st csin\u00e1ltak, a szakv\u00e9lem\u00e9nyben szerepl\u0151 min\u0151s\u00edt\u00e9s\u00e9ket pedig \u201e\u00e1tnevezt\u00e9k\u201d.<\/p>\n<p class=\"highlighted\">A k\u00f3rh\u00e1zi felhaszn\u00e1l\u00e1sra alkalmasb\u00f3l a miniszt\u00e9riumi anyagban \u201ekiv\u00e1l\u00f3\u201d min\u0151s\u00e9g\u0171 lett, m\u00edg a csak s\u00falyos kompromisszummal haszn\u00e1lhat\u00f3b\u00f3l \u00e9s a haszn\u00e1latra egy\u00e1ltal\u00e1n nem javasoltb\u00f3l egyar\u00e1nt \u201ej\u00f3\u201d besorol\u00e1s\u00fa. <\/p>\n<p>Ez ut\u00f3bbi kateg\u00f3ri\u00e1ba tartozott nagyj\u00e1b\u00f3l 7874 g\u00e9p \u2013 Velkey szerint bizonyos k\u00e9sz\u00fcl\u00e9keket v\u00e9g\u00fcl egy\u00e1ltal\u00e1n nem min\u0151s\u00edtettek \u2013, amelyek k\u00f6z\u00fcl t\u00f6bb sz\u00e1z volt olyan, amelyr\u0151l a katonaorvos r\u00e9szletesen le\u00edrta, milyen hib\u00e1k, min\u0151s\u00e9gi probl\u00e9m\u00e1k miatt nem alkalmasak a k\u00f3rh\u00e1zi haszn\u00e1latra. <\/p>\n<p>A teker\u0151gombok nem r\u00f6gz\u00fclnek a hely\u00fck\u00f6n, t\u00f6bbsz\u00f6r a kez\u00fcnkben maradtak. A gombok m\u0171k\u00f6d\u00e9se egyr\u00e9szt mechanikai okb\u00f3l bizonytalan (hajlamos leesni), m\u00e1sr\u00e9szt kis mozdulatokra t\u00fal nagy v\u00e1ltoz\u00e1s t\u00f6rt\u00e9nik. A be\u00e1ll\u00edtott kil\u00e9gz\u00e9sv\u00e9gi nyom\u00e1st bizonytalanul tartja a g\u00e9p, csak nehezen be\u00e1ll\u00edthat\u00f3 a l\u00e9gz\u00e9si volumen <\/p>\n<p>\u2013 \u00e1llap\u00edtotta meg az egyik C-kateg\u00f3ri\u00e1sk\u00e9nt v\u00e9g\u00fcl \u201ej\u00f3nak\u201d titul\u00e1lt eszk\u00f6zr\u0151l az orvosi min\u0151s\u00edt\u00e9s.<\/p>\n<p>A helyzet abszurdit\u00e1s\u00e1t jelzi, hogy a KKM ezzel olyan g\u00e9peket is j\u00f3nak min\u0151s\u00edtett, amelyr\u0151l a szakember egyszer\u0171en azt \u00edrta: \u201enem megfelel\u0151\u201d.<\/p>\n<p>\u201eVagyis min\u0151s\u00e9gi probl\u00e9m\u00e1s, adott esetben haszn\u00e1latra alkalmatlannak \u00edt\u00e9lt g\u00e9pek is eljutottak k\u00f3rh\u00e1zakba \u00e9s szoci\u00e1lis int\u00e9zm\u00e9nyekbe\u201d \u2013 \u00edrta Velkey Gy\u00f6rgy L\u00e1szl\u00f3, elfogadhatatlannak nevezve a t\u00f6rt\u00e9nteket.<\/p>\n<p>A K\u00fcl\u00fcgyminiszt\u00e9rium k\u00fcl\u00f6n\u00f6sen jelent\u0151s vagyoni h\u00e1tr\u00e1nyt okoz\u00f3 h\u0171tlen kezel\u00e9s \u00e9s egy\u00e9b b\u0171ncselekm\u00e9nyek gyan\u00faj\u00e1val tett feljelent\u00e9st ismeretlen tettes ellen.<\/p>\n<p> <a href=\"https:\/\/hvg.hu\/itthon\/20260825_orban-anita-feljelentes-covid-beszerzesek-lelegeztetogep-biznisz-szijjarto-peter\" target=\"_self\" rel=\"nofollow noopener\"> <\/p>\n<p>https:\/\/hvg.hu\/itthon\/20260825_orban-anita-feljelentes-covid-beszerzesek-lelegeztetogep-biznisz-szijjarto-peter<\/p>\n<p>\u201eAz eg\u00e9szs\u00e9g\u00fcgyben nincs helye a felel\u0151tlens\u00e9gnek, a min\u0151s\u00e9gi k\u00f6vetelm\u00e9nyek megker\u00fcl\u00e9s\u00e9nek \u00e9s a kock\u00e1zatok elhallgat\u00e1s\u00e1nak. A magyar emberek \u00e9lete \u00e9s biztons\u00e1ga nem lehet alku t\u00e1rgya\u201d \u2013 fogalmazott, majd az \u00fcgy folytat\u00e1s\u00e1t \u00edg\u00e9rte.<\/p>\n<p> <a href=\"https:\/\/www.facebook.com\/tisza.budapest.06oevk\/posts\/pfbid0E2gw3mLiumQhCFjYbjeVMmEwVsezaDQZmRrnUD6Pqz13xn246Q8mDLNWHcxHshfml\" target=\"_blank\" rel=\"nofollow noopener\"> <\/p>\n<p>https:\/\/www.facebook.com\/tisza.budapest.06oevk\/posts\/pfbid0E2gw3mLiumQhCFjYbjeVMmEwVsezaDQZmRrnUD6Pqz13xn246Q8mDLNWHcxHshfml<\/p>\n<p>A 300 milli\u00e1rd forint\u00e9rt beszerzett g\u00e9pek k\u00f6z\u00fcl az \u00e1llamtitk\u00e1r k\u00f6zl\u00e9se szerint tov\u00e1bbra is t\u00f6bb mint 13 ezer \u2013 t\u00falnyom\u00f3r\u00e9szt haszn\u00e1lhatatlan \u2013 darab porosodik egy p\u00e1tyi rakt\u00e1rban.<\/p>\n<p> <a href=\"https:\/\/hvg.hu\/itthon\/20231127_Patyra_egy_allami_oriasraktarba_koltoztetik_a_nem_hasznalt_lelegeztetogepek_ezreit\" target=\"_self\" rel=\"nofollow noopener\"> <\/p>\n<p>https:\/\/hvg.hu\/itthon\/20231127_Patyra_egy_allami_oriasraktarba_koltoztetik_a_nem_hasznalt_lelegeztetogepek_ezreit<\/p>\n<p>Nyit\u00f3k\u00e9p: Facebook \/ Velkey Gy\u00f6rgy L\u00e1szl\u00f3<\/p>\n","protected":false},"excerpt":{"rendered":"Lees\u0151 vagy mechanikai okokb\u00f3l bizonytalanul mozg\u00f3 teker\u0151gombok, ingadoz\u00f3 vagy pontosan nem be\u00e1ll\u00edthat\u00f3 l\u00e9gnyom\u00e1s, a kezel\u0151k sz\u00e1m\u00e1ra nem \u00e9rthet\u0151&hellip;\n","protected":false},"author":2,"featured_media":227551,"comment_status":"","ping_status":"","sticky":false,"template":"","format":"standard","meta":{"footnotes":"","_share_on_mastodon":"0"},"categories":[33],"tags":[1777,38,35,37,44,42,40,7666,7200,5377,40215,43,41,60509,34,99,57,36,25273,39],"class_list":["post-227550","post","type-post","status-publish","format-standard","has-post-thumbnail","category-hirek","tag-feljelentes","tag-focimek","tag-headlines","tag-hirek","tag-hu","tag-hungarian","tag-hungary","tag-kulgazdasagi-es-kulugyminiszterium","tag-kulugyminiszterium","tag-lelegeztetogep","tag-lelegeztetogep-biznisz","tag-magyar","tag-magyarorszag","tag-minosegi-hiba","tag-news","tag-politika","tag-szijjarto-peter","tag-top-stories","tag-velkey-gyorgy","tag-vezeto-hirek"],"share_on_mastodon":{"url":"https:\/\/pubeurope.com\/@hu\/117190605007317266","error":""},"_links":{"self":[{"href":"https:\/\/www.europesays.com\/hu\/wp-json\/wp\/v2\/posts\/227550","targetHints":{"allow":["GET"]}}],"collection":[{"href":"https:\/\/www.europesays.com\/hu\/wp-json\/wp\/v2\/posts"}],"about":[{"href":"https:\/\/www.europesays.com\/hu\/wp-json\/wp\/v2\/types\/post"}],"author":[{"embeddable":true,"href":"https:\/\/www.europesays.com\/hu\/wp-json\/wp\/v2\/users\/2"}],"replies":[{"embeddable":true,"href":"https:\/\/www.europesays.com\/hu\/wp-json\/wp\/v2\/comments?post=227550"}],"version-history":[{"count":0,"href":"https:\/\/www.europesays.com\/hu\/wp-json\/wp\/v2\/posts\/227550\/revisions"}],"wp:featuredmedia":[{"embeddable":true,"href":"https:\/\/www.europesays.com\/hu\/wp-json\/wp\/v2\/media\/227551"}],"wp:attachment":[{"href":"https:\/\/www.europesays.com\/hu\/wp-json\/wp\/v2\/media?parent=227550"}],"wp:term":[{"taxonomy":"category","embeddable":true,"href":"https:\/\/www.europesays.com\/hu\/wp-json\/wp\/v2\/categories?post=227550"},{"taxonomy":"post_tag","embeddable":true,"href":"https:\/\/www.europesays.com\/hu\/wp-json\/wp\/v2\/tags?post=227550"}],"curies":[{"name":"wp","href":"https:\/\/api.w.org\/{rel}","templated":true}]}}