{"id":227587,"date":"2026-08-31T15:05:09","date_gmt":"2026-08-31T15:05:09","guid":{"rendered":"https:\/\/www.europesays.com\/hu\/227587\/"},"modified":"2026-08-31T15:05:09","modified_gmt":"2026-08-31T15:05:09","slug":"karakter-ozzy-osbourne-bucsukonyveben-arrol-irt-nem-sokra-vitte-volna-tisztan-es-jozanul","status":"publish","type":"post","link":"https:\/\/www.europesays.com\/hu\/227587\/","title":{"rendered":"Karakter: Ozzy Osbourne b\u00facs\u00fak\u00f6nyv\u00e9ben arr\u00f3l \u00edrt, nem sokra vitte volna tiszt\u00e1n \u00e9s j\u00f3zanul"},"content":{"rendered":"<p>Elfojtott \u00e9rzelmek \u00e9s beteljes\u00fcletlen szerelem Izlandon. A nyugati vil\u00e1g szuperhatalm\u00e1nak \u00e9s a S\u00f6t\u00e9ts\u00e9g Herceg\u00e9nek \u00e9letrajzi k\u00f6tete, valamint a jugoszl\u00e1v kommunizmus fekete kr\u00f3nik\u00e1ja. E heti k\u00f6nyvaj\u00e1nl\u00f3nk kulcsszavai a bevezet\u00e9s \u00e9s sz\u00e1mvet\u00e9s. Ideje ugyanis sz\u00e1mot vetn\u00fcnk a ny\u00e1ri olvasm\u00e1nyainkkal, hogy r\u00e1fordulhassunk az izgalmas megjelen\u00e9sekben gazdag \u0151szre.<\/p>\n<p>Ozzy Osbourne: Utols\u00f3 kenet<\/p>\n<p>\u201eK\u00e9rdezgetik t\u0151lem, hogy ha \u00fajrakezdhetn\u00e9m az eg\u00e9szet, mai fejjel m\u00e1shogy csin\u00e1ln\u00e9k-e valamit. H\u00e1t kurv\u00e1ra nem. Tiszt\u00e1n \u00e9s j\u00f3zanul nem lettem volna Ozzy. \u00c9s akkor sem, ha norm\u00e1lisan \u00e9s \u00e9rtelmesen viselkedek\u201d \u2013 fogalmazza meg Utols\u00f3 kenet c\u00edm\u0171 k\u00f6tet\u00e9ben a S\u00f6t\u00e9ts\u00e9g Hercege.<\/p>\n<p>A k\u00f6tet azon a ponton veszi fel a fonalat, amikor <a href=\"https:\/\/telex.hu\/after\/2025\/11\/02\/ozzy-no-escape-from-now-dokumentumfilm-bucsukoncert-kritika\" class=\"\" rel=\"nofollow noopener\" target=\"_blank\">Ozzy Osbourne<\/a> 2018-ban, hatvankilenc \u00e9ves kor\u00e1ban \u00e9lete utols\u00f3 turn\u00e9j\u00e1ra indul. Az ar\u00e9n\u00e1kat sorra megt\u00f6lt\u0151, diadalmas b\u00facs\u00fak\u00f6r\u00fat azonban v\u00e1ratlanul f\u00e9lbeszakad, amikor az addig sokak \u00e1ltal elpuszt\u00edthatatlannak hitt \u00e9nekes eg\u00e9szs\u00e9gi \u00e1llapota rohamosan romlani kezdett.<\/p>\n<p>Ozzy ebben a k\u00f6tetben \u0151szint\u00e9n \u00e9s fekete humorral mes\u00e9l hat \u00e9ven \u00e1t h\u00faz\u00f3d\u00f3 pokolj\u00e1r\u00e1s\u00e1r\u00f3l, az egyre s\u00falyosabb betegs\u00e9gekkel folytatott k\u00fczdelm\u00e9r\u0151l. Mindek\u00f6zben feleleven\u00edti fordulatos \u00e9let\u00e9nek megannyi \u0151r\u00fclt epiz\u00f3dj\u00e1t, valamint t\u00f6bb mint f\u00e9l \u00e9vsz\u00e1zados karrierj\u00e9nek legfontosabb \u00e1llom\u00e1sait. A birminghami kezdetekt\u0151l a milli\u00f3s lemezelad\u00e1sokon \u00e1t eg\u00e9szen a <a href=\"https:\/\/telex.hu\/after\/2025\/07\/16\/black-sabbath-ozzy-osbourne-billboard-koncert-jotekonysag\" class=\"\" rel=\"nofollow noopener\" target=\"_blank\">2025 nyar\u00e1n megrendezett b\u00facs\u00fakoncertig<\/a> k\u00f6vethetj\u00fck \u0151t. Akkor ugyanis m\u00e9g egyszer, utolj\u00e1ra egy\u00fctt zen\u00e9lhetett a Black Sabbath alap\u00edt\u00f3 tagjaival, \u00e9s m\u00e9lt\u00f3 m\u00f3don, a sz\u00ednpadon k\u00f6sz\u00f6nhetett el a k\u00f6z\u00f6ns\u00e9g\u00e9t\u0151l. Az Utols\u00f3 kenet sz\u00e1mvet\u00e9s egy halhatatlan \u00e9letm\u0171vel. (Helikon, 6999 Ft)<\/p>\n<p>Steinunn Sigur\u00f0ard\u00f3ttir: A vulk\u00e1n \u00e1rny\u00e9k\u00e1ban<\/p>\n<p>\u00c9s \u00edme, egy m\u00e1sik sz\u00e1mvet\u00e9s. Steinunn Sigur\u00f0ard\u00f3ttir Izland egyik legismertebb \u00e9s legt\u00f6bbet ford\u00edtott szerz\u0151je. Tucatnyi reg\u00e9nyt, versesk\u00f6tetet, sz\u00edndarabot \u00e9s r\u00e1di\u00f3j\u00e1t\u00e9kot publik\u00e1lt, \u00edr\u00e1sait sz\u00e1mos d\u00edjjal ismert\u00e9k el. M\u0171vei a kapcsolatok pszichol\u00f3giai m\u00e9lys\u00e9geit \u00e9s az izlandi term\u00e9szetet \u00e1ll\u00edtj\u00e1k k\u00f6z\u00e9ppontba. A 2023-ban az Izlandi Irodalmi D\u00edjjal kit\u00fcntetett A vulk\u00e1n \u00e1rny\u00e9k\u00e1ban az els\u0151 magyarul megjelen\u0151 reg\u00e9nye. A k\u00f6tet arra a k\u00e9rd\u00e9sre keres v\u00e1laszokat, hogy mi marad az emberb\u0151l, amikor a mindent felem\u00e9szt\u0151 l\u00e1va el\u00e9ri gyerekkora legboldogabb helysz\u00edn\u00e9t, \u00e9s v\u00e9gs\u0151 v\u00e1laszt\u00e1sra k\u00e9nyszer\u00edti.<\/p>\n<p>A f\u0151h\u0151s, L\u00ednL\u00edn \u00e9lete legnehezebb utaz\u00e1s\u00e1ra indul, hogy szemben\u00e9zzen a megf\u00e9kezhetetlen term\u00e9szeti er\u0151vel, \u00e9s saj\u00e1t m\u00faltj\u00e1val is. Mik\u00f6zben a vulk\u00e1nb\u00f3l kit\u00f6r\u0151 l\u00e1va napokon bel\u00fcl elnyeli sz\u00fclei egykori nyaral\u00f3j\u00e1t, L\u00ednL\u00ednnek sz\u00e1mot kell vetnie mindazzal, amit \u00e9vtizedeken \u00e1t hordozott mag\u00e1ban. A l\u00e1nya elveszt\u00e9s\u00e9vel, az elfojtott \u00e9rzelmekkel, a beteljes\u00fcletlen szerelemmel, a titkokkal \u00e9s a legm\u00e9lyebb f\u00e1jdalmakkal. A vulk\u00e1n \u00e1rny\u00e9k\u00e1ban megrend\u00edt\u0151 \u00e9s felemel\u0151 reg\u00e9ny vesztes\u00e9gekr\u0151l, szeretetr\u0151l \u00e9s a csal\u00e1di \u00f6r\u00f6ks\u00e9g s\u00faly\u00e1r\u00f3l, bens\u0151s\u00e9ges l\u00e9lektani utaz\u00e1s \u00e9s m\u00e9ly tisztelg\u00e9s az izlandi t\u00e1j nyers, leny\u0171g\u00f6z\u0151 sz\u00e9ps\u00e9ge el\u0151tt. (Typotex, 4200 Ft)<\/p>\n<p>Don Watson: Az Amerikai Egyes\u00fclt \u00c1llamok legr\u00f6videbb t\u00f6rt\u00e9nete<\/p>\n<p>\u00c9s egy harmadik sz\u00e1mvet\u00e9s, \u00edg\u00e9rete szerint a lehet\u0151 legr\u00f6videbb, noha \u00edgy is k\u00f6zel 400 oldalon \u00e1t kanyarog. Ez a t\u00e9m\u00e1t ismerve megbocs\u00e1that\u00f3, Don Watson ugyanis az Egyes\u00fclt \u00c1llamok t\u00f6rt\u00e9net\u00e9n vezeti v\u00e9gig az olvas\u00f3t. \u00c1tfog\u00f3 ismeretterjeszt\u0151 k\u00f6nyv\u00e9ben minden benne van, amit Amerik\u00e1r\u00f3l tudni \u00e9rdemes, a politika, a kult\u00fara, a f\u00f6ldrajz \u00e9s a t\u00f6rt\u00e9nelem. Polg\u00e1rh\u00e1bor\u00fa \u00e9s egyes\u00fcl\u00e9s, elnyom\u00e1s \u00e9s szabads\u00e1g, kil\u00e1t\u00e1stalans\u00e1g \u00e9s rem\u00e9ny. Az Amerikai Egyes\u00fclt \u00c1llamok t\u00f6rt\u00e9nete a legegyszer\u0171bben tal\u00e1n folyamatos v\u00e1ltoz\u00e1sk\u00e9nt foglalhat\u00f3 \u00f6ssze. Ez a k\u00f6tet azt tekinti \u00e1t, hogy mik\u00e9nt v\u00e1lt az Egyes\u00fclt \u00c1llamok alig p\u00e1r sz\u00e1z \u00e9v alatt n\u00e9h\u00e1ny kis kol\u00f3ni\u00e1b\u00f3l a vil\u00e1g egyik legnagyobb, vezet\u0151 szuperhatalm\u00e1v\u00e1, hogy kik voltak a meghat\u00e1roz\u00f3 szerepl\u0151i ennek a folyamatnak, hogy merre tart most a Donald Trump vezette orsz\u00e1g, mi a szerepe a vil\u00e1gpolitik\u00e1ban, \u00e9s milyen j\u00f6v\u0151 n\u00e9z ki neki. (Athenaeum, 6499 Ft)<\/p>\n<p>Danilo Ki\u0161: Borisz Davidovics s\u00edreml\u00e9ke<\/p>\n<p>\u00c9s a megannyi sz\u00e1mvet\u00e9s ut\u00e1n egy bevezet\u00e9s. A Borisz Davidovics s\u00edreml\u00e9ke el\u0151sz\u00f6r az \u00fajvid\u00e9ki F\u00f3rum Kiad\u00f3n\u00e1l jelent meg magyarul, \u00e9s b\u00e1r n\u00e1lunk tiltott gy\u00fcm\u00f6lcsnek, a k\u00f6zk\u00f6nyvt\u00e1rak z\u00e1rolt anyag\u00e1nak nyilv\u00e1n\u00edtott\u00e1k, nagyon hamar elterjedt a h\u00edre. Ez a k\u00f6nyv vezette be Ki\u0161 nev\u00e9t a vil\u00e1girodalomban. Reg\u00e9ny, de nemcsak reg\u00e9ny. Novell\u00e1k \u00f6sszef\u00fcgg\u0151 l\u00e1ncolata? Pr\u00f3z\u00e1ban \u00edrt vers? A pontos m\u0171faji behat\u00e1rol\u00e1s aligha elk\u00e9pzelhet\u0151. Enn\u00e9l sokkal l\u00e9nyegesebb, hogy Ki\u0161 k\u00f6nyv\u00e9nek lapjain hivat\u00e1sos kommunista forradalm\u00e1rok, \u00e9rtelmis\u00e9giek gyilkolnak, \u00e9s persze id\u0151vel \u0151ket is legyilkolj\u00e1k. \u00c9ppolyan \u00e1ldozatok voln\u00e1nak teh\u00e1t, mint az \u00e1ldozataik? Kor\u00e1ntsem. A forradalom emberi v\u00e9rt ont\u00f3 \u00e9rtelmis\u00e9gi katon\u00e1ja nem v\u00e1rhat Danilo Ki\u0161t\u0151l feloldoz\u00e1st, legfeljebb meg\u00e9rt\u00e9st, korrekt esetle\u00edr\u00e1st. A Borisz Davidovics, amely 1990 ut\u00e1n v\u00e9gre \u00fajra megjelent magyarul, m\u00e1ig vitatott m\u0171. A koncepci\u00f3s perek logik\u00e1j\u00e1t, a szib\u00e9riai l\u00e1gerek h\u00e9tk\u00f6znapjait, a bolsevik propaganda technik\u00e1it \u00e9s a szt\u00e1lini terrort bemutatva a kelet-eur\u00f3pai n\u00e9pek k\u00f6z\u00f6s tapasztalatait t\u00e1rja el\u00e9nk. (Trubad\u00far, 3190 Ft)<\/p>\n","protected":false},"excerpt":{"rendered":"Elfojtott \u00e9rzelmek \u00e9s beteljes\u00fcletlen szerelem Izlandon. A nyugati vil\u00e1g szuperhatalm\u00e1nak \u00e9s a S\u00f6t\u00e9ts\u00e9g Herceg\u00e9nek \u00e9letrajzi k\u00f6tete, valamint a&hellip;\n","protected":false},"author":2,"featured_media":227588,"comment_status":"","ping_status":"","sticky":false,"template":"","format":"standard","meta":{"footnotes":"","_share_on_mastodon":"0"},"categories":[16],"tags":[60515,137,44,42,40,1134,22283,43,41,12198,60514,138],"class_list":["post-227587","post","type-post","status-publish","format-standard","has-post-thumbnail","category-szorakozas","tag-danilo-kis","tag-entertainment","tag-hu","tag-hungarian","tag-hungary","tag-konyvespolc","tag-konyvjelzo","tag-magyar","tag-magyarorszag","tag-ozzy-osbourne","tag-steinunn-sigurdardottir","tag-szorakozas"],"share_on_mastodon":{"url":"https:\/\/pubeurope.com\/@hu\/117190742795360055","error":""},"_links":{"self":[{"href":"https:\/\/www.europesays.com\/hu\/wp-json\/wp\/v2\/posts\/227587","targetHints":{"allow":["GET"]}}],"collection":[{"href":"https:\/\/www.europesays.com\/hu\/wp-json\/wp\/v2\/posts"}],"about":[{"href":"https:\/\/www.europesays.com\/hu\/wp-json\/wp\/v2\/types\/post"}],"author":[{"embeddable":true,"href":"https:\/\/www.europesays.com\/hu\/wp-json\/wp\/v2\/users\/2"}],"replies":[{"embeddable":true,"href":"https:\/\/www.europesays.com\/hu\/wp-json\/wp\/v2\/comments?post=227587"}],"version-history":[{"count":0,"href":"https:\/\/www.europesays.com\/hu\/wp-json\/wp\/v2\/posts\/227587\/revisions"}],"wp:featuredmedia":[{"embeddable":true,"href":"https:\/\/www.europesays.com\/hu\/wp-json\/wp\/v2\/media\/227588"}],"wp:attachment":[{"href":"https:\/\/www.europesays.com\/hu\/wp-json\/wp\/v2\/media?parent=227587"}],"wp:term":[{"taxonomy":"category","embeddable":true,"href":"https:\/\/www.europesays.com\/hu\/wp-json\/wp\/v2\/categories?post=227587"},{"taxonomy":"post_tag","embeddable":true,"href":"https:\/\/www.europesays.com\/hu\/wp-json\/wp\/v2\/tags?post=227587"}],"curies":[{"name":"wp","href":"https:\/\/api.w.org\/{rel}","templated":true}]}}