{"id":227593,"date":"2026-08-31T15:11:08","date_gmt":"2026-08-31T15:11:08","guid":{"rendered":"https:\/\/www.europesays.com\/hu\/227593\/"},"modified":"2026-08-31T15:11:08","modified_gmt":"2026-08-31T15:11:08","slug":"meguszta-a-letartoztatast-a-18-eves-amokfuto-aki-halalra-gazolt-a-mercedesevel-egy-kerekparost-siofokon","status":"publish","type":"post","link":"https:\/\/www.europesays.com\/hu\/227593\/","title":{"rendered":"Meg\u00faszta a letart\u00f3ztat\u00e1st a 18 \u00e9ves \u00e1mokfut\u00f3, aki hal\u00e1lra g\u00e1zolt a Mercedes\u00e9vel egy ker\u00e9kp\u00e1rost Si\u00f3fokon"},"content":{"rendered":"<p>Meg\u00faszta a letart\u00f3ztat\u00e1st az a 18 \u00e9ves fiatal, aki hal\u00e1lra g\u00e1zolt egy elektromos ker\u00e9kp\u00e1rral <a target=\"_blank\" href=\"https:\/\/24.hu\/belfold\/2026\/08\/12\/halalos-gazolas-bicikli-siofok\/\" rel=\"nofollow noopener\">szab\u00e1lyosan k\u00f6zleked\u0151 k\u00f6z\u00e9pkor\u00fa f\u00e9rfit Si\u00f3fokon<\/a>. A Somogy Megyei F\u0151\u00fcgy\u00e9szs\u00e9g t\u00e1j\u00e9koztat\u00e1sa szerint ugyanis a b\u00edr\u00f3s\u00e1g az \u00fcgy\u00e9szi ind\u00edtv\u00e1nyt\u00f3l elt\u00e9r\u0151en csak b\u0171n\u00fcgyi fel\u00fcgyeletbe helyezte a trag\u00e9di\u00e1t okoz\u00f3 f\u00e9rfit.<\/p>\n<p>A f\u0151\u00fcgy\u00e9szs\u00e9g k\u00f6zlem\u00e9nye szerint a f\u00e9rfi aznap d\u00e9lut\u00e1n szem\u00e9lyg\u00e9pkocsij\u00e1val a megengedett sebess\u00e9get l\u00e9nyegesen t\u00fall\u00e9pve k\u00f6zlekedett a Balaton-parti v\u00e1rosban, \u00e9s el\u00fct\u00f6tte az elektromos ker\u00e9kp\u00e1rral szab\u00e1lyosan halad\u00f3 s\u00e9rtettet, aki a helysz\u00ednen belehalt s\u00e9r\u00fcl\u00e9seibe.<\/p>\n<p>Legal\u00e1bb sz\u00e1zzal mehetett negyven helyett<\/p>\n<p>A Kaposv\u00e1ri J\u00e1r\u00e1si \u00dcgy\u00e9szs\u00e9g sz\u00f6k\u00e9s \u00e9s a bizony\u00edt\u00e1s megnehez\u00edt\u00e9s\u00e9nek vesz\u00e9ly\u00e9re figyelemmel ind\u00edtv\u00e1nyozta a sof\u0151r letart\u00f3ztat\u00e1s\u00e1t. A Kaposv\u00e1ri J\u00e1r\u00e1sb\u00edr\u00f3s\u00e1g nyomoz\u00e1si b\u00edr\u00e1ja r\u00e9szben helyt adott az ind\u00edtv\u00e1nynak, \u00e9s sz\u00f6k\u00e9s vesz\u00e9lye miatt egy h\u00f3napra, nyomk\u00f6vet\u0151 eszk\u00f6z alkalmaz\u00e1sa mellett, a gyan\u00fas\u00edtott b\u0171n\u00fcgyi fel\u00fcgyelet\u00e9t rendelte el. Az \u00fcgy\u00e9szs\u00e9g a b\u00edr\u00f3s\u00e1g v\u00e9gz\u00e9s\u00e9vel szemben fellebbez\u00e9st jelentett be, amelyr\u0151l m\u00e1sodfokon a Kaposv\u00e1ri T\u00f6rv\u00e9nysz\u00e9k d\u00f6nt.<\/p>\n<p>A balesetet egy 18 \u00e9ves enyingi fiatal okozta, aki k\u00e9t h\u00f3napja szerezte meg a jogos\u00edtv\u00e1ny\u00e1t. Lengyel R\u00f3bert, Si\u00f3fok polg\u00e1rmestere szerint a Mercedes<a target=\"_blank\" href=\"https:\/\/24.hu\/belfold\/2026\/08\/21\/legalabb-szazzal-mehetett-a-negyvenes-tablanal-a-siofokon-kerekparost-gazolo-mercedes\/\" rel=\"nofollow noopener\"> ak\u00e1r 140 km\/\u00f3ra sebess\u00e9ggel is<\/a> sz\u00e1guldhatott a trag\u00e9dia el\u0151tt. Az \u00fcgyben <a target=\"_blank\" href=\"https:\/\/24.hu\/belfold\/2026\/08\/22\/vitezy-david-gyorshajtas-siofok-gazolas-baleset\/\" rel=\"nofollow noopener\">Vit\u00e9zy D\u00e1vid miniszter is megsz\u00f3lalt.\u00a0<\/a><\/p>\n","protected":false},"excerpt":{"rendered":"Meg\u00faszta a letart\u00f3ztat\u00e1st az a 18 \u00e9ves fiatal, aki hal\u00e1lra g\u00e1zolt egy elektromos ker\u00e9kp\u00e1rral szab\u00e1lyosan k\u00f6zleked\u0151 k\u00f6z\u00e9pkor\u00fa f\u00e9rfit&hellip;\n","protected":false},"author":2,"featured_media":227594,"comment_status":"","ping_status":"","sticky":false,"template":"","format":"standard","meta":{"footnotes":"","_share_on_mastodon":"0"},"categories":[6],"tags":[1078,700,44,42,40,43,41,494,14191],"class_list":["post-227593","post","type-post","status-publish","format-standard","has-post-thumbnail","category-magyarorszag","tag-bunugy","tag-halalos-baleset","tag-hu","tag-hungarian","tag-hungary","tag-magyar","tag-magyarorszag","tag-mercedes","tag-siofok"],"share_on_mastodon":{"url":"https:\/\/pubeurope.com\/@hu\/117190766284358272","error":""},"_links":{"self":[{"href":"https:\/\/www.europesays.com\/hu\/wp-json\/wp\/v2\/posts\/227593","targetHints":{"allow":["GET"]}}],"collection":[{"href":"https:\/\/www.europesays.com\/hu\/wp-json\/wp\/v2\/posts"}],"about":[{"href":"https:\/\/www.europesays.com\/hu\/wp-json\/wp\/v2\/types\/post"}],"author":[{"embeddable":true,"href":"https:\/\/www.europesays.com\/hu\/wp-json\/wp\/v2\/users\/2"}],"replies":[{"embeddable":true,"href":"https:\/\/www.europesays.com\/hu\/wp-json\/wp\/v2\/comments?post=227593"}],"version-history":[{"count":0,"href":"https:\/\/www.europesays.com\/hu\/wp-json\/wp\/v2\/posts\/227593\/revisions"}],"wp:featuredmedia":[{"embeddable":true,"href":"https:\/\/www.europesays.com\/hu\/wp-json\/wp\/v2\/media\/227594"}],"wp:attachment":[{"href":"https:\/\/www.europesays.com\/hu\/wp-json\/wp\/v2\/media?parent=227593"}],"wp:term":[{"taxonomy":"category","embeddable":true,"href":"https:\/\/www.europesays.com\/hu\/wp-json\/wp\/v2\/categories?post=227593"},{"taxonomy":"post_tag","embeddable":true,"href":"https:\/\/www.europesays.com\/hu\/wp-json\/wp\/v2\/tags?post=227593"}],"curies":[{"name":"wp","href":"https:\/\/api.w.org\/{rel}","templated":true}]}}