{"id":227612,"date":"2026-08-31T15:26:15","date_gmt":"2026-08-31T15:26:15","guid":{"rendered":"https:\/\/www.europesays.com\/hu\/227612\/"},"modified":"2026-08-31T15:26:15","modified_gmt":"2026-08-31T15:26:15","slug":"index-belfold-siofoki-gazolas-letartoztatas-helyett-bunugyi-felugyeletbe-kerult-a-gyanusitott","status":"publish","type":"post","link":"https:\/\/www.europesays.com\/hu\/227612\/","title":{"rendered":"Index &#8211; Belf\u00f6ld &#8211; Si\u00f3foki g\u00e1zol\u00e1s: letart\u00f3ztat\u00e1s helyett b\u0171n\u00fcgyi fel\u00fcgyeletbe ker\u00fclt a gyan\u00fas\u00edtott"},"content":{"rendered":"<p>                <a href=\"https:\/\/index.hu\/szerzo\/simon_barbara_kincso\" rel=\"nofollow noopener\" target=\"_blank\"><br \/>\n                        <img decoding=\"async\" class=\"szerzo-kep\" src=\"https:\/\/www.europesays.com\/hu\/wp-content\/uploads\/2026\/08\/1788189975_468_68042293_5023407_cba1df8ef8c006d5a9adfadb2ac902b3_wm.jpg\" alt=\"Simon Barbara Kincs\u0151\"\/><br \/>\n                <\/a><\/p>\n<p>\n                A b\u00edr\u00f3s\u00e1g letart\u00f3ztat\u00e1s helyett egy h\u00f3napra b\u0171n\u00fcgyi fel\u00fcgyelet al\u00e1 helyezte a f\u00e9rfit, aki a gyan\u00fa szerint hal\u00e1los balesetet okozott Si\u00f3fokon. A 18 \u00e9ves sof\u0151r a 40-es korl\u00e1toz\u00e1s ellen\u00e9re ak\u00e1r 100 kilom\u00e9ter per \u00f3r\u00e1val is haladhatott, \u00e9s el\u00fct\u00f6tt egy elektromos ker\u00e9kp\u00e1rost, aki meghalt. A gyan\u00fas\u00edtott nyomk\u00f6vet\u0151t kapott, az \u00fcgy\u00e9szs\u00e9g pedig fellebbezett a d\u00f6nt\u00e9s ellen.            <\/p>\n<p>A letart\u00f3ztat\u00e1sra ir\u00e1nyul\u00f3 \u00fcgy\u00e9szi ind\u00edtv\u00e1nyt\u00f3l elt\u00e9r\u0151en b\u0171n\u00fcgyi fel\u00fcgyelet\u00e9t rendelte el a b\u00edr\u00f3s\u00e1g annak a f\u00e9rfinak, aki a gyan\u00fa szerint <a href=\"https:\/\/index.hu\/belfold\/2026\/08\/14\/siofok-lengyel-robert-polgarmester-gazolas-rendorseg\/\" id=\"hyperlink_ca6c1add35efb9f92b1ffb9312591844\" target=\"_blank\" title=\"K\u00e9t h\u00f3napos jogsival, 140-nel g\u00e1zolhatott a si\u00f3foki hal\u00e1los baleset 18 \u00e9ves sof\u0151rje\" rel=\"nofollow noopener\">hal\u00e1los k\u00f6z\u00fati balesetet okozott augusztus 11-\u00e9n Si\u00f3fokon<\/a> \u2013 t\u00e1j\u00e9koztatta a Somogy Megyei F\u0151\u00fcgy\u00e9szs\u00e9g h\u00e9tf\u0151n az MTI-t.<\/p>\n<p>Felid\u00e9zt\u00e9k: a f\u00e9rfi aznap d\u00e9lut\u00e1n szem\u00e9lyg\u00e9pkocsij\u00e1val a <a href=\"https:\/\/index.hu\/belfold\/2026\/08\/22\/vitezy-david-siofok-auto-baleset-karekpar-gyorshajtas\/\" id=\"hyperlink_d3920208f5d6eeb96892fb35cf1d6f23\" target=\"_blank\" title=\"Besokallt a miniszter a si\u00f3foki trag\u00e9dia ut\u00e1n, lecsapna a sz\u00e1guldoz\u00f3kra Vit\u00e9zy D\u00e1vid\" rel=\"nofollow noopener\">megengedett sebess\u00e9get l\u00e9nyegesen t\u00fall\u00e9pve<\/a> k\u00f6zlekedett a Balaton-parti v\u00e1rosban, \u00e9s el\u00fct\u00f6tte az elektromos ker\u00e9kp\u00e1rral szab\u00e1lyosan halad\u00f3 s\u00e9rtettet, aki a helysz\u00ednen belehalt s\u00e9r\u00fcl\u00e9seibe.<\/p>\n<p>Kit\u00e9rtek r\u00e1, hogy a Kaposv\u00e1ri J\u00e1r\u00e1si \u00dcgy\u00e9szs\u00e9g a nyomoz\u00f3 hat\u00f3s\u00e1g el\u0151terjeszt\u00e9se alapj\u00e1n a sz\u00f6k\u00e9s \u00e9s a bizony\u00edt\u00e1s megnehez\u00edt\u00e9s\u00e9nek vesz\u00e9ly\u00e9re figyelemmel ind\u00edtv\u00e1nyozta a gyan\u00fas\u00edtott aut\u00f3vezet\u0151 letart\u00f3ztat\u00e1s\u00e1t.<\/p>\n<p>                        Nyomk\u00f6vet\u0151t kap a gyan\u00fas\u00edtott\u00a0<\/p>\n<p>A Kaposv\u00e1ri J\u00e1r\u00e1sb\u00edr\u00f3s\u00e1g nyomoz\u00e1si b\u00edr\u00e1ja r\u00e9szben helyt adott az ind\u00edtv\u00e1nynak, \u00e9s sz\u00f6k\u00e9s vesz\u00e9lye miatt egy h\u00f3napra\u00a0\u2013 nyomk\u00f6vet\u0151 eszk\u00f6z alkalmaz\u00e1sa mellett\u00a0\u2013 a gyan\u00fas\u00edtott b\u0171n\u00fcgyi fel\u00fcgyelet\u00e9t rendelte el, k\u00f6z\u00f6lt\u00e9k.<\/p>\n<p>Az \u00fcgy\u00e9szs\u00e9g a b\u00edr\u00f3s\u00e1g v\u00e9gz\u00e9s\u00e9vel szemben fellebbez\u00e9st jelentett be, amelyr\u0151l m\u00e1sodfokon a Kaposv\u00e1ri T\u00f6rv\u00e9nysz\u00e9k d\u00f6nt.<\/p>\n<p>Az aut\u00f3 18 \u00e9ves vezet\u0151je k\u00e9t h\u00f3nappal a baleset el\u0151tt szerezte meg jogos\u00edtv\u00e1ny\u00e1t. <a href=\"https:\/\/index.hu\/belfold\/2026\/08\/23\/siofoki-gazolas-mercedes-kerekparos-video\/\" id=\"hyperlink_0690cdbf072d22314c905fdfa6780d9d\" target=\"_self\" title=\"Anim\u00e1ci\u00f3 mutatja, hogyan tarolta le a si\u00f3foki ker\u00e9kp\u00e1rost a Mercedes\" data-recommendation=\"bekezdes_utan\" data-recommendation-preview=\"{&quot;og:title&quot;:&quot;Anim\u00e1ci\u00f3 mutatja, hogyan tarolta le a si\u00f3foki ker\u00e9kp\u00e1rost a Mercedes&quot;,&quot;og:description&quot;:&quot;Szak\u00e9rt\\u0151 rekonstru\u00e1lta a tragikus kimenetel\\u0171 balesetet.&quot;,&quot;og:image&quot;:&quot;\\\/\\\/kep.cdn.indexvas.hu\\\/1\\\/0\\\/7116\\\/71168\\\/711689\\\/71168971_5248437_2409fe23842e3b289bacadd10a3479aa_wm.jpg&quot;}\" data-recommendation-id=\"6266655\" rel=\"nofollow noopener\">A j\u00e1rm\u0171 az \u00fctk\u00f6z\u00e9s ut\u00e1n oszlopnak csap\u00f3dott<\/a>, felborult, n\u00e9gy utasa megs\u00e9r\u00fclt. A szak\u00e9rt\u0151i vizsg\u00e1lat szerint a g\u00e9pkocsi a 40 kilom\u00e9teres sebess\u00e9gkorl\u00e1toz\u00e1s ellen\u00e9re 100 kilom\u00e9teres \u00f3r\u00e1nk\u00e9nti sebess\u00e9ggel haladhatott.<\/p>\n<p><a href=\"https:\/\/dex.hu\/x.php?id=googlepref_desktop&amp;url=https:\/\/google.com\/preferences\/source?q=https:\/\/index.hu\" class=\"google-pref-banner \" id=\"googlePrefBanner\" rel=\"nofollow noopener\" target=\"_blank\"><\/p>\n<p>    Itt \u00e1ll\u00edtsa be, hogy az Index az els\u0151k k\u00f6z\u00f6tt legyen a Google-tal\u00e1latokban!<\/p>\n<p><\/a><\/p>\n<p>    <img decoding=\"async\" src=\"https:\/\/index.hu\/assets\/images\/social-follow\/logo-big.svg\" alt=\"Index.hu logo\"\/><\/p>\n<p>K\u00f6vesse az Indexet Facebookon is!<\/p>\n<p>    <a href=\"https:\/\/facebook.com\/Indexhu\" target=\"_blank\" rel=\"nofollow noopener\"><\/p>\n<p>        K\u00f6vetem!<br \/>\n    <\/a><\/p>\n","protected":false},"excerpt":{"rendered":"A b\u00edr\u00f3s\u00e1g letart\u00f3ztat\u00e1s helyett egy h\u00f3napra b\u0171n\u00fcgyi fel\u00fcgyelet al\u00e1 helyezte a f\u00e9rfit, aki a gyan\u00fa szerint hal\u00e1los balesetet&hellip;\n","protected":false},"author":2,"featured_media":227613,"comment_status":"","ping_status":"","sticky":false,"template":"","format":"standard","meta":{"footnotes":"","_share_on_mastodon":"0"},"categories":[33],"tags":[80,900,152,32841,38,4450,272,700,35,37,44,42,40,43,41,34,14191,36,39],"class_list":["post-227612","post","type-post","status-publish","format-standard","has-post-thumbnail","category-hirek","tag-belfold","tag-bunugyi-felugyelet","tag-ce-napi","tag-elektromos-kerekpar","tag-focimek","tag-gyanusitott","tag-gyorshajtas","tag-halalos-baleset","tag-headlines","tag-hirek","tag-hu","tag-hungarian","tag-hungary","tag-magyar","tag-magyarorszag","tag-news","tag-siofok","tag-top-stories","tag-vezeto-hirek"],"share_on_mastodon":{"url":"https:\/\/pubeurope.com\/@hu\/117190825933473740","error":""},"_links":{"self":[{"href":"https:\/\/www.europesays.com\/hu\/wp-json\/wp\/v2\/posts\/227612","targetHints":{"allow":["GET"]}}],"collection":[{"href":"https:\/\/www.europesays.com\/hu\/wp-json\/wp\/v2\/posts"}],"about":[{"href":"https:\/\/www.europesays.com\/hu\/wp-json\/wp\/v2\/types\/post"}],"author":[{"embeddable":true,"href":"https:\/\/www.europesays.com\/hu\/wp-json\/wp\/v2\/users\/2"}],"replies":[{"embeddable":true,"href":"https:\/\/www.europesays.com\/hu\/wp-json\/wp\/v2\/comments?post=227612"}],"version-history":[{"count":0,"href":"https:\/\/www.europesays.com\/hu\/wp-json\/wp\/v2\/posts\/227612\/revisions"}],"wp:featuredmedia":[{"embeddable":true,"href":"https:\/\/www.europesays.com\/hu\/wp-json\/wp\/v2\/media\/227613"}],"wp:attachment":[{"href":"https:\/\/www.europesays.com\/hu\/wp-json\/wp\/v2\/media?parent=227612"}],"wp:term":[{"taxonomy":"category","embeddable":true,"href":"https:\/\/www.europesays.com\/hu\/wp-json\/wp\/v2\/categories?post=227612"},{"taxonomy":"post_tag","embeddable":true,"href":"https:\/\/www.europesays.com\/hu\/wp-json\/wp\/v2\/tags?post=227612"}],"curies":[{"name":"wp","href":"https:\/\/api.w.org\/{rel}","templated":true}]}}