{"id":227628,"date":"2026-08-31T15:40:10","date_gmt":"2026-08-31T15:40:10","guid":{"rendered":"https:\/\/www.europesays.com\/hu\/227628\/"},"modified":"2026-08-31T15:40:10","modified_gmt":"2026-08-31T15:40:10","slug":"telex-orizetbe-vehetnek-embereket-utasithatja-oket-magyar-peter-vagy-a-kommentelok-hada-ez-tudhato-a-vagyonvisszaszerzesi-hivatalrol","status":"publish","type":"post","link":"https:\/\/www.europesays.com\/hu\/227628\/","title":{"rendered":"Telex: \u0150rizetbe vehetnek embereket? Utas\u00edthatja \u0151ket Magyar P\u00e9ter vagy a kommentel\u0151k hada? \u2013 ez tudhat\u00f3 a vagyonvisszaszerz\u00e9si hivatalr\u00f3l"},"content":{"rendered":"<p>Szeptemberben hozz\u00e1k l\u00e9tre a Nemzeti Vagyonvisszaszerz\u00e9si \u00e9s Vagyonv\u00e9delmi Hivatalt (NVVH), miut\u00e1n p\u00e9nteken Unger Anna R\u00f3za politol\u00f3gust szavazta meg az \u00faj int\u00e9zm\u00e9ny eln\u00f6k\u00e9nek az Orsz\u00e1ggy\u0171l\u00e9s. Az NVVH-t egyes ellenz\u00e9kiek az \u00c1VH-hoz hasonl\u00edtj\u00e1k, m\u00edg a Tisza-szavaz\u00f3k egy r\u00e9sze azt rem\u00e9li, a hivatal fel\u00e1ll\u00edt\u00e1sa ut\u00e1n majd sorra viszik el bilincsben a NER f\u0151embereit. Sorra vett\u00fck a legfontosabb k\u00e9rd\u00e9seket \u00e9s v\u00e1laszokat, ami a hivatal m\u0171k\u00f6d\u00e9s\u00e9vel kapcsolatban felmer\u00fcl.<\/p>\n<p>Az elm\u00falt 16 \u00e9vben ellopott k\u00f6zvagyont visszaszerzik \u2013 ez volt a Tisza P\u00e1rt egyik legfontosabb v\u00e1laszt\u00e1si \u00edg\u00e9rete. Az\u00e9rt, hogy ezt az \u00edg\u00e9retet teljes\u00edtse, a korm\u00e1nyv\u00e1lt\u00e1s ut\u00e1n kezdem\u00e9nyezt\u00e9k egy olyan, f\u00fcggetlen \u201eszuperhat\u00f3s\u00e1g\u201d l\u00e9trehoz\u00e1s\u00e1t, ami az elemz\u00e9st\u0151l a nyomoz\u00e1son \u00e9s v\u00e1demel\u00e9sen \u00e1t a vagyonelemek lefoglal\u00e1s\u00e1ig egyetlen szervezetk\u00e9nt t\u00e1rja fel a k\u00f6zp\u00e9nzekkel val\u00f3 vissza\u00e9l\u00e9seket, \u00e9s visszajuttatja az ellopott vagyont. Ahogy az NVVH-t l\u00e9trehoz\u00f3 t\u00f6rv\u00e9ny kicsit patetikusan megfogalmazza: \u201eMagyarorsz\u00e1g demokratikus \u00fajj\u00e1\u00e9p\u00edt\u00e9s\u00e9nek alapfelt\u00e9tele a k\u00f6zbizalom helyre\u00e1ll\u00edt\u00e1sa, a k\u00f6z\u00e9let tisztas\u00e1g\u00e1nak meger\u0151s\u00edt\u00e9se, valamint annak biztos\u00edt\u00e1sa, hogy a k\u00f6zhatalom gyakorl\u00e1sa \u00e9s a k\u00f6zvagyonnal val\u00f3 gazd\u00e1lkod\u00e1s kiz\u00e1r\u00f3lag a k\u00f6z \u00e9rdek\u00e9t szolg\u00e1lja.\u201d Azaz legy\u00fcnk v\u00e9gre egy olyan orsz\u00e1g, ahol a k\u00f6z\u00f6sb\u0151l lopni nem er\u00e9ny.<\/p>\n<p>Igen, t\u00f6bb uni\u00f3s tag\u00e1llamban is m\u0171k\u00f6dnek hasonl\u00f3 profil\u00fa szervek. P\u00e9ld\u00e1ul Rom\u00e1ni\u00e1ban, Franciaorsz\u00e1gban, Lengyelorsz\u00e1gban, Olaszorsz\u00e1gban, m\u00edg uni\u00f3s szinten az Eur\u00f3pai \u00dcgy\u00e9szs\u00e9g nyomozhat \u00e9s emelhet v\u00e1dat az EU-s forr\u00e1sokat \u00e9rint\u0151 csal\u00e1sok \u00e9s korrupci\u00f3s \u00fcgyek miatt.<\/p>\n<p>Ez a szerv azzal t\u0171nik ki a t\u00f6bbi k\u00f6z\u00fcl, hogy a nyomoz\u00e1st\u00f3l \u00e9s a v\u00e1demel\u00e9st\u0151l kezdve az ellopott k\u00f6zvagyon t\u00e9nyleges visszaszerz\u00e9s\u00e9ig mindent egyed\u00fcl, egy k\u00e9zben int\u00e9zne. Ez az oka, hogy egyesek \u201eszuperhat\u00f3s\u00e1gk\u00e9nt\u201d emlegetik.<\/p>\n<p>A t\u00f6rv\u00e9ny ezt nagyon r\u00e9szletesen meghat\u00e1rozza. K\u00f6zvagyon p\u00e9ld\u00e1ul minden \u00e1llami, \u00f6nkorm\u00e1nyzati, k\u00f6lts\u00e9gvet\u00e9si szervn\u00e9l l\u00e9v\u0151 dolog, p\u00e9nz, c\u00e9gr\u00e9szesed\u00e9s, alap\u00edtv\u00e1ny. De m\u00e9g az ilyen c\u00e9gek p\u00e9nze, dolgai, stb., ha az el\u0151bbiek befoly\u00e1sa alatt \u00e1llnak.<\/p>\n<p>A m\u00falt heti Videoton\u2013Mez\u0151k\u00f6vesd NB II.-es rangad\u00f3 focilabd\u00e1ja, a feh\u00e9rv\u00e1ri fociklub ugyanis az \u00f6nkorm\u00e1nyzat tulajdon\u00e1ban van, \u00edgy a laszti k\u00f6zvagyonnak min\u0151s\u00fcl.<\/p>\n<p>Ha \u00f6ssze is j\u00f6n, 2026. szeptember 27-ig biztos az NVVH n\u00e9lk\u00fcl, mert a b\u00fcntet\u0151elj\u00e1r\u00e1si t\u00f6rv\u00e9ny akkor eg\u00e9sz\u00fcl ki a \u201eszuperhat\u00f3s\u00e1ggal\u201d. De addig sem kell f\u00e9lni, mert ezekre a feladatokra tov\u00e1bbra is ott van a rend\u0151rs\u00e9g, a NAV b\u0171n\u00fcgyi f\u0151igazgat\u00f3s\u00e1ga, a nyomoz\u00f3 \u00fcgy\u00e9szs\u00e9gek. V\u00e9gs\u0151 soron a r\u00e1csr\u00f3l pedig \u00fagyis a b\u00edr\u00f3 d\u00f6nt.<\/p>\n<p>Mindkett\u0151re. A rend\u0151rs\u00e9g f\u0151szab\u00e1lyk\u00e9nt nyomoz, az \u00fcgy\u00e9szs\u00e9g f\u0151szab\u00e1lyk\u00e9nt v\u00e1dat emel, az NVVH viszont mindkett\u0151t megteheti. Egy\u00e9bk\u00e9nt ez a nyomoz\u00f3 \u00fcgy\u00e9szs\u00e9gekn\u00e9l is pont \u00edgy van.<\/p>\n<p>A b\u00fcntet\u0151elj\u00e1r\u00e1si t\u00f6rv\u00e9ny ezt r\u00e9szletesen tartalmazza. \u00dagy h\u00edvj\u00e1k ezeket, hogy k\u00f6zhatalom gyakorl\u00e1s\u00e1val vagy k\u00f6zvagyon kezel\u00e9s\u00e9vel kapcsolatos kiemelt b\u0171ncselekm\u00e9nyek. Van itt minden mi szem-sz\u00e1jnak ingere: korrupci\u00f3, hivatali veszteget\u00e9s, a s\u00falyosabb csal\u00e1sok, h\u0171tlen kezel\u00e9s, k\u00f6lts\u00e9gvet\u00e9si csal\u00e1s, p\u00e9nzmos\u00e1s, b\u0171nszervezetben r\u00e9szv\u00e9tel \u00e9s m\u00e9g sok m\u00e1s cselekm\u00e9ny. A lop\u00e1s nem, \u00fagyhogy ne tolvajozz!<\/p>\n<p>Ok n\u00e9lk\u00fcl nyilv\u00e1n nem, de fontos tudni, hogy az NVVH el\u0151k\u00e9sz\u00edt\u0151 elj\u00e1r\u00e1st is folytathat. Ezt m\u00e9g az el\u0151z\u0151 korm\u00e1ny vezette be. Egy b\u00fcntet\u0151elj\u00e1r\u00e1s megind\u00edt\u00e1s\u00e1hoz sz\u00fcks\u00e9g van egy gyan\u00fara, hogy b\u0171ncselekm\u00e9ny t\u00f6rt\u00e9nt. Egy el\u0151k\u00e9sz\u00edt\u0151 elj\u00e1r\u00e1shoz m\u00e9g ez se kell, ott a b\u0171ncselekm\u00e9ny gyan\u00faj\u00e1nak gyan\u00faja is el\u00e9g. Na \u00e9s az ilyen el\u0151k\u00e9sz\u00edt\u0151 elj\u00e1r\u00e1sban az NVVH \u2013 ak\u00e1rcsak az \u00fcgy\u00e9szs\u00e9g \u2013 b\u00edr\u00f3i enged\u00e9ly alapj\u00e1n lehallgathatja az \u00e9rintett szem\u00e9lyt.<\/p>\n<p>Persze. De a letart\u00f3ztat\u00e1sokr\u00f3l \u2013 mint minden esetben \u2013 ezent\u00fal is a b\u00edr\u00f3s\u00e1gok d\u00f6ntenek.<\/p>\n<p>Pont ugyan\u00fagy, mint a rend\u0151rs\u00e9gn\u00e9l, nyomoz\u00f3 \u00fcgy\u00e9szs\u00e9gn\u00e9l. Feljelent\u00e9sre vagy hivatalb\u00f3l. Ez ut\u00f3bbi azt jelenti, hogy maga a hivatal \u00e9szlel egy b\u0171ncselekm\u00e9nyt. Ink\u00e1bb az lesz itt majd az \u00e9rdekes, hogy tudj\u00e1k majd ezek a szervek tev\u00e9kenys\u00e9g\u00fcket koordin\u00e1lni, hiszen ugyanazon b\u0171ncselekm\u00e9ny miatt nem lehet p\u00e1rhuzamosan t\u00f6bb helyen nyomozni. Azt mindenesetre tudjuk, hogy a m\u00e1r folyamatban l\u00e9v\u0151 k\u00f6zvagyonos \u00fcgyek \u00e1ll\u00e1s\u00e1r\u00f3l a rend\u0151rs\u00e9gnek, a NAV-nak, \u00e9s az \u00fcgy\u00e9szs\u00e9gnek t\u00e1j\u00e9koztatni kell az NVVH-t, \u0151k pedig d\u00f6nthetnek \u00fagy, hogy ink\u00e1bb \u0151k csin\u00e1lj\u00e1k tov\u00e1bb. M\u00e9g az is el\u0151fordulhat, hogy a rend\u0151rs\u00e9gr\u0151l az \u00fcgy\u00e9szs\u00e9gre ker\u00fclt MNB-\u00fcgyet a vagyonvisszaszerz\u0151k fejezik be. Aprop\u00f3, feljelent\u00e9s! Az elm\u00falt negyven \u00e9vben majd minden politikus a Legf\u0151bb \u00dcgy\u00e9szs\u00e9g el\u0151tt p\u00f3zolt az aktu\u00e1lis feljelent\u00e9s\u00e9vel, pedig \u0151k nem is nyomoznak. Most majd mi, \u00fajs\u00e1g\u00edr\u00f3k az NVVH sz\u00e9khely\u00e9re j\u00e1rhatunk ezen performanszok miatt.<\/p>\n<p>A hivatal m\u0171k\u00f6d\u00e9se nem a politikusokat c\u00e9lozza. A k\u00f6zvagyon v\u00e9delme \u00e9s visszaszerz\u00e9se a c\u00e9l. Ennek keret\u00e9ben azonban nem csak b\u00fcntet\u0151elj\u00e1r\u00e1sok (bilincs, bilincs, r\u00e1cs) lesznek, hanem \u00fagynevezett k\u00f6zvagyonv\u00e9delmi vizsg\u00e1latok is.<\/p>\n<p>A k\u00f6zvagyonv\u00e9delmi vizsg\u00e1lat egy olyan \u00e1tfog\u00f3 \u00e1tvil\u00e1g\u00edt\u00e1s, amelyben az NVVH ellen\u0151rzi a gyan\u00fas p\u00e9nzmozg\u00e1sokat, a szerz\u0151d\u00e9seket \u00e9s a c\u00e9gek m\u00f6g\u00f6tti val\u00f3di tulajdonosokat, hogy kider\u00edtse, t\u00f6rt\u00e9nt-e k\u00f6zp\u00e9nzzel vagy \u00e1llami vagyonnal val\u00f3 vissza\u00e9l\u00e9s. Ennek keret\u00e9ben a hat\u00f3s\u00e1g adatokat, inform\u00e1ci\u00f3kat k\u00e9rhet szinte b\u00e1rkit\u0151l, s\u0151t el is mehet \u00e9rte, azonban lak\u00e1sba nem l\u00e9phetnek ilyenkor be.<\/p>\n<p>Ha sz\u00e1nd\u00e9kosan szeged meg az egy\u00fcttm\u0171k\u00f6d\u00e9si k\u00f6telezetts\u00e9get, akkor 500 milli\u00f3 forintig terjed\u0151 b\u00edrs\u00e1ggal s\u00fajthatnak, ha a c\u00e9ged nev\u00e9ben teszed ugyanezt akkor 5 milli\u00e1rd forint is lehet a b\u00edrs\u00e1g.<\/p>\n<p>Akkor b\u00fcntet\u0151elj\u00e1r\u00e1st ind\u00edtanak. Ami egy \u00faj lehet\u0151s\u00e9g az a k\u00f6zvagyon-fel\u00fcgyeleti elj\u00e1r\u00e1s. Ha \u00fagy v\u00e9lik, hogy k\u00f6zvagyont s\u00e9rt\u0151 b\u0171ncselekm\u00e9ny t\u00f6rt\u00e9nhetett, vagy a c\u00e9g \u00e1ltal megszerzett, esetleg annak a hely\u00e9be l\u00e9pett vagyon meg\u0151rz\u00e9se miatt sz\u00fcks\u00e9ges. Ilyenkor a hivatal egyik eln\u00f6khelyettese lesz a gazdas\u00e1gi t\u00e1rsas\u00e1g fel\u00fcgyel\u0151je. A c\u00e9g innent\u0151l csak az \u0151 hozz\u00e1j\u00e1rul\u00e1s\u00e1val v\u00e1llalhat k\u00f6telezetts\u00e9get, azaz j\u00f3val nehezebb, s\u0151t gyakorlatilag lehetetlen a c\u00e9get ki\u00fcr\u00edteni.<\/p>\n<p>Ez teljesen \u00faj a magyar jogrendben, kor\u00e1bban egyetlen \u00e1llami szerv sem rendelkezett ilyen \u00f6sszetett eszk\u00f6zrendszerrel. Ez a v\u00e1ltoz\u00e1s azonban nem biztos, hogy rossz a vizsg\u00e1lat al\u00e1 ker\u00fcl\u0151 c\u00e9gre n\u00e9zve. Kor\u00e1bban csak z\u00e1rolt\u00e1k a t\u00e1rsas\u00e1g banksz\u00e1ml\u00e1it, lefoglalt\u00e1k az eszk\u00f6zeit, nagyon gyakran ellehetetlen\u00edtve az adott c\u00e9g m\u0171k\u00f6d\u00e9s\u00e9t, ami a semmir\u0151l se tehet\u0151 munkav\u00e1llal\u00f3kat is neh\u00e9z helyzetbe hozta. \u00cdgy tal\u00e1n lehet\u0151s\u00e9g lesz arra, hogy a gyan\u00faba keveredett c\u00e9g er\u0151s fel\u00fcgyelet mellett tov\u00e1bbm\u0171k\u00f6dj\u00f6n.<\/p>\n<p>\u0150 d\u00f6nt a hivatal m\u0171k\u00f6d\u00e9s\u00e9r\u0151l, p\u00e9nz\u00e9r\u0151l \u00e9s dolgoz\u00f3ir\u00f3l, \u0151 rendelheti el a vizsg\u00e1latokat, feljelent\u00e9seket \u00e9s a perek ind\u00edt\u00e1s\u00e1t. Kiz\u00e1r\u00f3lag a parlamentnek tartozik elsz\u00e1mol\u00e1ssal.<\/p>\n<p>A t\u00f6rv\u00e9ny szerint nem. Azonban minden m\u00e1s \u00e1llami \u00e9s \u00f6nkorm\u00e1nyzati szerv k\u00f6teles egy\u00fcttm\u0171k\u00f6dni a hivatallal. Az eln\u00f6knek a parlamentnek jelentenie kell, ha valaki belesz\u00f3lna a munk\u00e1j\u00e1ba.<\/p>\n<p>A hivatalba ny\u00edlt p\u00e1ly\u00e1zattal a munkaer\u0151piacr\u00f3l is be lehet ker\u00fclni, de \u00e1t is helyezhetnek oda rend\u0151r\u00f6ket, NAV-osokat \u00e9s \u00fcgy\u00e9szeket. De van egy kiv\u00e9tel: a dolgoz\u00f3k akt\u00edv \u00fcgyv\u00e9dek nem lehetnek, csak ha sz\u00fcneteltetik a tev\u00e9kenys\u00e9g\u00fcket.<\/p>\n<p>Nyomoz\u00f3 eset\u00e9n a bel\u00fcgyminiszterrel, ad\u00f3nyomoz\u00f3 eset\u00e9n a NAV-eln\u00f6kkel, az \u00fcgy\u00e9szek eset\u00e9ben a legf\u0151bb \u00fcgy\u00e9sszel kell meg\u00e1llapodnia az NVVH eln\u00f6k\u00e9nek, nem mellesleg kell az \u00e9rintett nyomoz\u00f3, ad\u00f3nyomoz\u00f3, \u00fcgy\u00e9sz beleegyez\u00e9se is.<\/p>\n<p>Egyel\u0151re nem tudni, hogy mennyire j\u00f3 szakembereket tal\u00e1l a hivatal, ahogy azt sem, hogy a t\u00f6bbi szerv vezet\u00e9se mennyire lesz motiv\u00e1lt az egy\u00fcttm\u0171k\u00f6d\u00e9sben. Teh\u00e1t ak\u00e1r abban is, hogy a legjobb embereit \u00e1tengedje, hiszen ahogy a hivatalnak, \u00fagy a t\u00f6bbi szervnek is eredm\u00e9nyess\u00e9g kell, ahhoz pedig j\u00f3 szakemberek. Teh\u00e1t ez a j\u00f6v\u0151 zen\u00e9je, ahogy az is, hogy az NVVH \u00e9s a t\u00f6bbi szerv k\u00f6z\u00f6tt l\u00e9trej\u00f6v\u0151 esetleges \u201everseny\u201d a hat\u00e9konys\u00e1got n\u00f6veli-e vagy ink\u00e1bb cs\u00f6kkenti majd.<\/p>\n<p>A l\u00e9tsz\u00e1mr\u00f3l a b\u00fcdzs\u00e9 alapj\u00e1n az eln\u00f6k d\u00f6nt, a hivatal pedig v\u00e1rhat\u00f3an egy p\u00e1rsz\u00e1z f\u0151s cs\u00facsszerv lesz, legal\u00e1bbis ez az elk\u00e9pzel\u00e9s.<\/p>\n<p>Az \u00e1tigazolt rend\u0151r\u00f6k, NAV-osok \u00e9s \u00fcgy\u00e9szek garant\u00e1ltan nem kereshetnek kevesebbet, mint a kor\u00e1bbi munkahely\u00fck\u00f6n. A hivatal t\u00f6bbi dolgoz\u00f3inak fizet\u00e9s\u00e9t pedig az eln\u00f6k hat\u00e1rozhatja meg.<\/p>\n<p>A hivatal eln\u00f6ke a legf\u0151bb \u00fcgy\u00e9szhez hasonl\u00f3an a h\u00e9tszeres illetm\u00e9nyalapnak megfelel\u0151 brutt\u00f3 5\u202f017\u202f810 forintos havi fizet\u00e9sre, az eln\u00f6khelyettesek pedig az 5,5-szeres szorz\u00f3 alapj\u00e1n brutt\u00f3 3\u202f942\u202f565 forintra jogosultak; ezt eg\u00e9sz\u00edtik ki a minisztereknek \u00e9s \u00e1llamtitk\u00e1roknak j\u00e1r\u00f3 egy\u00e9b juttat\u00e1sok, mint p\u00e9ld\u00e1ul az aut\u00f3haszn\u00e1lat \u00e9s az eg\u00e9szs\u00e9g\u00fcgyi ell\u00e1t\u00e1s, a 20, illetve 15 napos p\u00f3tszabads\u00e1g, a 24 \u00f3r\u00e1s rend\u0151ri v\u00e9delem.<\/p>\n<p>(A cikk elk\u00e9sz\u00edt\u00e9s\u00e9ben szak\u00e9rt\u0151k\u00e9nt k\u00f6zrem\u0171k\u00f6d\u00f6tt dr. Bod\u00f3 Krist\u00f3f \u00fcgyv\u00e9d.)<\/p>\n","protected":false},"excerpt":{"rendered":"Szeptemberben hozz\u00e1k l\u00e9tre a Nemzeti Vagyonvisszaszerz\u00e9si \u00e9s Vagyonv\u00e9delmi Hivatalt (NVVH), miut\u00e1n p\u00e9nteken Unger Anna R\u00f3za politol\u00f3gust szavazta meg&hellip;\n","protected":false},"author":2,"featured_media":227629,"comment_status":"","ping_status":"","sticky":false,"template":"","format":"standard","meta":{"footnotes":"","_share_on_mastodon":"0"},"categories":[33],"tags":[80,898,38,31837,35,37,44,42,40,16947,43,41,3765,25035,34,269,36,3466,58946,30101,39],"class_list":["post-227628","post","type-post","status-publish","format-standard","has-post-thumbnail","category-hirek","tag-belfold","tag-birosag","tag-focimek","tag-gyorstalpalo","tag-headlines","tag-hirek","tag-hu","tag-hungarian","tag-hungary","tag-igazsagszolgaltatas","tag-magyar","tag-magyarorszag","tag-nav","tag-nemzeti-vagyonvisszaszerzesi-es-vedelmi-hivatal","tag-news","tag-rendorseg","tag-top-stories","tag-ugyeszseg","tag-unger-anna","tag-vagyonvisszaszerzes","tag-vezeto-hirek"],"share_on_mastodon":{"url":"https:\/\/pubeurope.com\/@hu\/117190880308823604","error":""},"_links":{"self":[{"href":"https:\/\/www.europesays.com\/hu\/wp-json\/wp\/v2\/posts\/227628","targetHints":{"allow":["GET"]}}],"collection":[{"href":"https:\/\/www.europesays.com\/hu\/wp-json\/wp\/v2\/posts"}],"about":[{"href":"https:\/\/www.europesays.com\/hu\/wp-json\/wp\/v2\/types\/post"}],"author":[{"embeddable":true,"href":"https:\/\/www.europesays.com\/hu\/wp-json\/wp\/v2\/users\/2"}],"replies":[{"embeddable":true,"href":"https:\/\/www.europesays.com\/hu\/wp-json\/wp\/v2\/comments?post=227628"}],"version-history":[{"count":0,"href":"https:\/\/www.europesays.com\/hu\/wp-json\/wp\/v2\/posts\/227628\/revisions"}],"wp:featuredmedia":[{"embeddable":true,"href":"https:\/\/www.europesays.com\/hu\/wp-json\/wp\/v2\/media\/227629"}],"wp:attachment":[{"href":"https:\/\/www.europesays.com\/hu\/wp-json\/wp\/v2\/media?parent=227628"}],"wp:term":[{"taxonomy":"category","embeddable":true,"href":"https:\/\/www.europesays.com\/hu\/wp-json\/wp\/v2\/categories?post=227628"},{"taxonomy":"post_tag","embeddable":true,"href":"https:\/\/www.europesays.com\/hu\/wp-json\/wp\/v2\/tags?post=227628"}],"curies":[{"name":"wp","href":"https:\/\/api.w.org\/{rel}","templated":true}]}}