{"id":227680,"date":"2026-08-31T16:24:10","date_gmt":"2026-08-31T16:24:10","guid":{"rendered":"https:\/\/www.europesays.com\/hu\/227680\/"},"modified":"2026-08-31T16:24:10","modified_gmt":"2026-08-31T16:24:10","slug":"bruce-willis-lanya-elarulta-mit-mutatott-az-alzheimer-tesztje","status":"publish","type":"post","link":"https:\/\/www.europesays.com\/hu\/227680\/","title":{"rendered":"Bruce Willis l\u00e1nya el\u00e1rulta, mit mutatott az Alzheimer-tesztje"},"content":{"rendered":"<p>\n              \u201eDurv\u00e1n hangzik, de 80-85 sz\u00e1zal\u00e9k k\u00fczd Magyarorsz\u00e1gon a norm\u00e1lis \u00e9let\u00e9rt\u201d &#8211; Frei Tam\u00e1s el\u00e1rulta, mi\u00e9rt \u00e9l m\u00e9g mindig nagyr\u00e9szt k\u00fclf\u00f6ld\u00f6n\n              <\/p>\n<p>\n                            Frei Tam\u00e1s az RTL-nek adott interj\u00fat Firenz\u00e9ben, ahol a magyar t\u00e1rsadalom kett\u00e9szakad\u00e1s\u00e1r\u00f3l besz\u00e9lt. Szerinte az orsz\u00e1g egy sz\u0171k, 15 sz\u00e1zal\u00e9kos r\u00e9tegre \u00e9s egy, a meg\u00e9lhet\u00e9s\u00e9rt k\u00fczd\u0151 t\u00f6bbs\u00e9gre oszlik.                        <\/p>\n<p>Tizen\u00f6t \u00e9v sz\u00fcnet ut\u00e1n adott \u00fajra interj\u00fat az RTL-nek Frei Tam\u00e1s, akit a <a href=\"https:\/\/rtl.hu\/fokusz\" target=\"_blank\" rel=\"noopener noreferrer nofollow\">F\u00f3kusz st\u00e1bja<\/a> Firenz\u00e9ben l\u00e1togatott meg. A riporter, \u00edr\u00f3 \u00e9s \u00fczletember 18 \u00e9ve vonult vissza a k\u00e9perny\u0151t\u0151l. Az\u00f3ta nagyr\u00e9szt k\u00fclf\u00f6ld\u00f6n \u00e9l, n\u00e9gy v\u00e1ros \u2013 Budapest, Miami, Nizza \u00e9s Firenze \u2013 k\u00f6z\u00f6tt osztja meg az idej\u00e9t. Elmond\u00e1sa szerint a bicikliz\u00e9s Firenz\u00e9ben nem csup\u00e1n mozg\u00e1s, hanem \u00e9letforma. \u201eHa temp\u00f3san v\u00e1gysz a k\u00e1v\u00e9ra reggel, akkor felsz\u00e1llsz a biciklire\u201d \u2013 <a href=\"https:\/\/www.youtube.com\/watch?v=ddN-_x5SS58\" target=\"_blank\" rel=\"noopener nofollow\">magyar\u00e1zta<\/a>\u00a0az interj\u00faban.<\/p>\n<p>Az olaszok nehezen birk\u00f3znak meg a Tam\u00e1s n\u00e9vvel. Ha azt szeretn\u00e9, hogy foglalkozzanak vele, Tomaz\u00f3nak nevezi mag\u00e1t, ami szerinte tetszik neki, \u00e9s a b\u00e1tyja is \u00edgy sz\u00f3l\u00edtja. \u201eBiztos, hogy egy m\u00e1sik \u00e9letben szerettem volna olasz lenni, valahogy \u00edgy\u201d \u2013 tette hozz\u00e1. A v\u00e1roshoz f\u0171z\u0151d\u0151 k\u00f6t\u0151d\u00e9se h\u00fasz \u00e9vvel ezel\u0151tt kezd\u0151d\u00f6tt, amikor leny\u0171g\u00f6zte egy t\u00e9r t\u00f6rt\u00e9nelmi gazdags\u00e1ga, \u00e9s m\u00e1r akkor eld\u00f6nt\u00f6tte, hogy szeretne itt \u00e9lni.<\/p>\n<p>A telev\u00edzi\u00f3z\u00e1s Frei Tam\u00e1s \u00e1ll\u00edt\u00e1sa szerint egy\u00e1ltal\u00e1n nem hi\u00e1nyzott neki, mert annyi minden m\u00e1ssal szeretett volna foglalkozni, p\u00e9ld\u00e1ul reg\u00e9nyt \u00edrni. B\u00e1r n\u00e9ha m\u00e9g megismerik Budapesten, ezt a r\u00e9sz\u00e9t sosem szerette a h\u00edrn\u00e9vnek, s\u0151t, ez is hozz\u00e1j\u00e1rult ahhoz, hogy nagyr\u00e9szt k\u00fclf\u00f6ld\u00f6n \u00e9l.<\/p>\n<p>\u201eNagyon hossz\u00fa lenne a lista, hogy mi\u00e9rt \u00e9lek jelent\u0151s r\u00e9szben az \u00e9letemet k\u00fclf\u00f6ld\u00f6n, de ez biztos, hogy benne volt, hogy hadd legyek \u00fajra ismeretlen.\u201d<\/p>\n<p>Arr\u00f3l besz\u00e9lt, hogyan engedte el a mindent kontroll\u00e1lni akar\u00f3 hozz\u00e1\u00e1ll\u00e1st. \u201eNem akarsz m\u00e1r kontroll\u00e1lni mindent, mert r\u00e1j\u00f6ssz, hogy \u00fagyse tudod sem embereket, sem magadat, sem az \u00e9letedet. Az csak frusztr\u00e1ci\u00f3t okoz, \u00f6nfrusztr\u00e1ci\u00f3t, hogyha \u00e1lland\u00f3an mindent kontroll alatt akarsz tartani. Nekem egy fontos \u00f6nazonoss\u00e1g fel\u00e9 vezet\u0151 \u00fat, hogy ezt elengedjem. \u00c9s nem azon agg\u00f3dni, hogy mi lesz, meg nem azon b\u00e1nk\u00f3dni, hogy mi volt, hanem hogy b\u00e9k\u00e9ben legy\u00e9l magaddal, \u00e9s \u00e9n szerintem b\u00e9k\u00e9ben vagyok, klasszul vagyok.\u201d<\/p>\n<p>\u201eNem \u00e9lek egyed\u00fcl, de a priv\u00e1t \u00e9letem az tabu.<\/p>\n<p>T\u00e9nyleg, azt soha, soha nem osztom meg senkivel\u201d \u2013 jelentette ki. Annyit \u00e1rult el, hogy p\u00e1rj\u00e1val \u00e9l, feln\u0151tt gyerekei pedig szint\u00e9n k\u00fclf\u00f6ld\u00f6n \u00e9p\u00edtettek karriert: l\u00e1nya D\u00e1ni\u00e1ban \u00fczleti menedzser, fia pedig Londonban tudom\u00e1nyos kutat\u00f3. Azt is elmondta, hogy a k\u00e1v\u00e9 szeretete mindk\u00e9t gyermek\u00e9re \u00e1tragadt.<\/p>\n<p>Az utaz\u00e1s \u00e9s a k\u00e1v\u00e9 a k\u00e9t nagy szenved\u00e9lye. A nev\u00e9t visel\u0151 Cafe Frei k\u00e1v\u00e9z\u00f3l\u00e1nc m\u00e1r t\u00edz orsz\u00e1gban van jelen, c\u00e9ge tavalyi forgalma 12 milli\u00e1rd forint volt. Szerinte Olaszorsz\u00e1gban az\u00e9rt nem nyitott k\u00e1v\u00e9z\u00f3t, mert a helyiek t\u00fals\u00e1gosan ragaszkodnak a hagyom\u00e1nyos pressz\u00f3k\u00e1v\u00e9hoz \u00e9s cappuccin\u00f3hoz. \u201eEgyszer\u0171en k\u00e9ptelens\u00e9g kirobbantani \u0151ket ebb\u0151l a megszok\u00e1sb\u00f3l\u201d \u2013 \u00e1ll\u00edtotta.<\/p>\n<p>Egyik kedvenc helyi k\u00e1v\u00e9z\u00f3j\u00e1ban arra is felh\u00edvta a figyelmet, hogy \u201esok magyar ismer\u0151s\u00f6m van, aki nagyon er\u0151sen r\u00e1csod\u00e1lkozik erre, hogy olcs\u00f3bb az \u00e9let Olaszorsz\u00e1gban, mint Magyarorsz\u00e1gon\u201d.<\/p>\n<p>Szereti, ha a fikci\u00f3 r\u00edmel a hamarosan bek\u00f6vetkez\u0151 val\u00f3s\u00e1gra. \u201eMindig arr\u00f3l \u00edrok, amir\u0151l azt gondolom, hogy ez most j\u00f6n. Mire megjelenik a k\u00f6nyvem, m\u00e9g eltelhet f\u00e9l \u00e9v, de az a legszuperebb, ha ut\u00e1na az emberek az \u00fajs\u00e1got olvasva azt mondj\u00e1k: j\u00e9, ezt m\u00e1r olvastuk a Frei Tam\u00e1s reg\u00e9ny\u00e9ben, vagy valami hasonl\u00f3t.\u201d A k\u00f6nyveihez a helysz\u00edneken gy\u0171jt inspir\u00e1ci\u00f3t, legut\u00f3bb Afrik\u00e1ban, Tajvanon, Indon\u00e9zi\u00e1ban \u00e9s Indi\u00e1ban j\u00e1rt.<\/p>\n<p>B\u00e1r ideje nagy r\u00e9sz\u00e9t k\u00fclf\u00f6ld\u00f6n t\u00f6lti, figyeli a magyarorsz\u00e1gi folyamatokat. Nem els\u0151sorban a h\u00edroldalakr\u00f3l t\u00e1j\u00e9koz\u00f3dik, hanem ink\u00e1bb a v\u00e1llalkoz\u00e1sa elad\u00e1si sz\u00e1maib\u00f3l \u00e9s piackutat\u00e1sokb\u00f3l. A magyar t\u00e1rsadalomr\u00f3l alkotott v\u00e9lem\u00e9nye meglehet\u0151sen bor\u00fas.<\/p>\n<p>\u201eD\u00e9l-amerikaniz\u00e1l\u00f3d\u00e1s van. A magyar t\u00e1rsadalom durv\u00e1n kett\u00e9szakad, mint m\u00e1s t\u00e1rsadalmak is. Van, akinek j\u00f3l megy, \u00e9s ezt a hat\u00e1rt \u00e9n Magyarorsz\u00e1gon odah\u00fazom, hogy olyan 15 sz\u00e1zal\u00e9k, akinek eur\u00f3pai \u00e9lete van. Tudom, hogy durv\u00e1n hangzik, \u00e9s sokan nem fognak ezzel egyet\u00e9rteni, de 80-85 sz\u00e1zal\u00e9k k\u00fczd Magyarorsz\u00e1gon a norm\u00e1lis \u00e9let\u00e9rt.\u201d<\/p>\n<p>Leg\u00fajabb reg\u00e9ny\u00e9ben val\u00f3s politikai szerepl\u0151k is felt\u0171nnek. \u201eVal\u00f3s szerepl\u0151 Donald Trump, Hszi Csin-ping, a k\u00ednai vezet\u0151. Benne van Orb\u00e1n Viktor is, sok pikant\u00e9ri\u00e1val, p\u00e9ld\u00e1ul ahogy elk\u00e9pzelem, amikor Donald Trump telefon\u00e1l Orb\u00e1n Viktornak. Van benne ilyen\u201d \u2013 \u00e1rulta el. Hozz\u00e1tette, a k\u00f6nyvben lesznek olyan karakterek is, akikre az olvas\u00f3k r\u00e1ismerhetnek az \u00fajs\u00e1gh\u00edrekb\u0151l, de \u0151k m\u00e1r nem a saj\u00e1t nev\u00fck\u00f6n szerepelnek.<\/p>\n<p>Az \u00e9letkora nem okoz benne szorong\u00e1st.<\/p>\n<p>\u201eNem sokkol az \u00e9vek sz\u00e1ma\u201d<\/p>\n<p>\u2013 mondta, hozz\u00e1t\u00e9ve, hogy \u00e9desapja is sok\u00e1ig akt\u00edv maradt. Szerinte p\u00e1ly\u00e1ja t\u00f6bb ter\u00fclet\u00e9n is j\u00f3kor volt j\u00f3 helyen. \u201eAz eg\u00e9sz \u00e9letem arr\u00f3l sz\u00f3lt, hogy a vil\u00e1got szeretn\u00e9m l\u00e1tni. Rettenetesen szerencs\u00e9s \u00e9letet \u00e9lek, hogy ezt megengedhetem magamnak. Szerencs\u00e9s voltam, mert a v\u00e9letlenek szerencs\u00e9sen alakultak. Lehet\u0151s\u00e9gem volt p\u00e9nzt keresni azzal, hogy az egyik legn\u00e9zettebb t\u00e9v\u00e9m\u0171sort gy\u00e1rtottam, a legolvasottabb k\u00f6nyvet \u00edrom, vagy egy nagy k\u00e1v\u00e9z\u00f3l\u00e1ncot \u00e9p\u00edtek. De ezt m\u00e9g akkor is \u00fagy gondolom, hogy nem \u00e9n, \u00e9n, \u00e9n, hanem szerencs\u00e9m volt, mert olyan dolgokhoz ny\u00faltam, \u00e9s \u00edgy egy klassz \u00e9letem van.\u201d<\/p>\n<p>Tizen\u00f6t \u00e9v sz\u00fcnet ut\u00e1n adott \u00fajra interj\u00fat az RTL-nek Frei Tam\u00e1s, akit a <a href=\"https:\/\/rtl.hu\/fokusz\" target=\"_blank\" rel=\"noopener noreferrer nofollow\">F\u00f3kusz st\u00e1bja<\/a> Firenz\u00e9ben l\u00e1togatott meg. A riporter, \u00edr\u00f3 \u00e9s \u00fczletember 18 \u00e9ve vonult vissza a k\u00e9perny\u0151t\u0151l. Az\u00f3ta nagyr\u00e9szt k\u00fclf\u00f6ld\u00f6n \u00e9l, n\u00e9gy v\u00e1ros \u2013 Budapest, Miami, Nizza \u00e9s Firenze \u2013 k\u00f6z\u00f6tt osztja meg az idej\u00e9t. Elmond\u00e1sa szerint a bicikliz\u00e9s Firenz\u00e9ben nem csup\u00e1n mozg\u00e1s, hanem \u00e9letforma. \u201eHa temp\u00f3san v\u00e1gysz a k\u00e1v\u00e9ra reggel, akkor felsz\u00e1llsz a biciklire\u201d \u2013 <a href=\"https:\/\/www.youtube.com\/watch?v=ddN-_x5SS58\" target=\"_blank\" rel=\"noopener nofollow\">magyar\u00e1zta<\/a>\u00a0az interj\u00faban.<\/p>\n<p>Az olaszok nehezen birk\u00f3znak meg a Tam\u00e1s n\u00e9vvel. Ha azt szeretn\u00e9, hogy foglalkozzanak vele, Tomaz\u00f3nak nevezi mag\u00e1t, ami szerinte tetszik neki, \u00e9s a b\u00e1tyja is \u00edgy sz\u00f3l\u00edtja. \u201eBiztos, hogy egy m\u00e1sik \u00e9letben szerettem volna olasz lenni, valahogy \u00edgy\u201d \u2013 tette hozz\u00e1. A v\u00e1roshoz f\u0171z\u0151d\u0151 k\u00f6t\u0151d\u00e9se h\u00fasz \u00e9vvel ezel\u0151tt kezd\u0151d\u00f6tt, amikor leny\u0171g\u00f6zte egy t\u00e9r t\u00f6rt\u00e9nelmi gazdags\u00e1ga, \u00e9s m\u00e1r akkor eld\u00f6nt\u00f6tte, hogy szeretne itt \u00e9lni.<\/p>\n<p>                        Regisztr\u00e1lj, vagy l\u00e9pj be, hogy tov\u00e1bb tudd olvasni a cikket!<\/p>\n<p>Regisztr\u00e1lok<br \/>\n                        Bel\u00e9pek<\/p>\n","protected":false},"excerpt":{"rendered":"\u201eDurv\u00e1n hangzik, de 80-85 sz\u00e1zal\u00e9k k\u00fczd Magyarorsz\u00e1gon a norm\u00e1lis \u00e9let\u00e9rt\u201d &#8211; Frei Tam\u00e1s el\u00e1rulta, mi\u00e9rt \u00e9l m\u00e9g mindig&hellip;\n","protected":false},"author":2,"featured_media":227681,"comment_status":"","ping_status":"","sticky":false,"template":"","format":"standard","meta":{"footnotes":"","_share_on_mastodon":"0"},"categories":[21],"tags":[2731,1169,198,2256,137,199,44,42,40,43,41,26086,138],"class_list":["post-227680","post","type-post","status-publish","format-standard","has-post-thumbnail","category-hiressegek","tag-alzheimer-kor","tag-bruce-willis","tag-celebrities","tag-demencia","tag-entertainment","tag-hiressegek","tag-hu","tag-hungarian","tag-hungary","tag-magyar","tag-magyarorszag","tag-rumer-willis","tag-szorakozas"],"share_on_mastodon":{"url":"https:\/\/pubeurope.com\/@hu\/117191053423855399","error":""},"_links":{"self":[{"href":"https:\/\/www.europesays.com\/hu\/wp-json\/wp\/v2\/posts\/227680","targetHints":{"allow":["GET"]}}],"collection":[{"href":"https:\/\/www.europesays.com\/hu\/wp-json\/wp\/v2\/posts"}],"about":[{"href":"https:\/\/www.europesays.com\/hu\/wp-json\/wp\/v2\/types\/post"}],"author":[{"embeddable":true,"href":"https:\/\/www.europesays.com\/hu\/wp-json\/wp\/v2\/users\/2"}],"replies":[{"embeddable":true,"href":"https:\/\/www.europesays.com\/hu\/wp-json\/wp\/v2\/comments?post=227680"}],"version-history":[{"count":0,"href":"https:\/\/www.europesays.com\/hu\/wp-json\/wp\/v2\/posts\/227680\/revisions"}],"wp:featuredmedia":[{"embeddable":true,"href":"https:\/\/www.europesays.com\/hu\/wp-json\/wp\/v2\/media\/227681"}],"wp:attachment":[{"href":"https:\/\/www.europesays.com\/hu\/wp-json\/wp\/v2\/media?parent=227680"}],"wp:term":[{"taxonomy":"category","embeddable":true,"href":"https:\/\/www.europesays.com\/hu\/wp-json\/wp\/v2\/categories?post=227680"},{"taxonomy":"post_tag","embeddable":true,"href":"https:\/\/www.europesays.com\/hu\/wp-json\/wp\/v2\/tags?post=227680"}],"curies":[{"name":"wp","href":"https:\/\/api.w.org\/{rel}","templated":true}]}}