{"id":227701,"date":"2026-08-31T16:49:09","date_gmt":"2026-08-31T16:49:09","guid":{"rendered":"https:\/\/www.europesays.com\/hu\/227701\/"},"modified":"2026-08-31T16:49:09","modified_gmt":"2026-08-31T16:49:09","slug":"telex-nem-tartoztatja-le-a-birosag-a-18-eves-sofort-aki-siofokon-100-zal-halalra-gazolt-egy-kerekparost","status":"publish","type":"post","link":"https:\/\/www.europesays.com\/hu\/227701\/","title":{"rendered":"Telex: Nem tart\u00f3ztatja le a b\u00edr\u00f3s\u00e1g a 18 \u00e9ves sof\u0151rt, aki Si\u00f3fokon 100-zal hal\u00e1lra g\u00e1zolt egy ker\u00e9kp\u00e1rost"},"content":{"rendered":"<p><a href=\"https:\/\/telex.hu\/szerzo\/weiler-vilmos\" class=\"author__avatar\" rel=\"nofollow noopener\" target=\"_blank\"><img decoding=\"async\" src=\"https:\/\/www.europesays.com\/hu\/wp-content\/uploads\/2026\/08\/1788194949_329_1698242307-temp-eFOmab_avatar@4x.jpg\" alt=\"Weiler Vilmos\" class=\"avatar\" loading=\"lazy\"\/><\/a><\/p>\n<p>\u00c1ll\u00edtsd be a Telexet megb\u00edzhat\u00f3 forr\u00e1snak!<\/p>\n<p>Hi\u00e1ba ind\u00edtv\u00e1nyozta a Kaposv\u00e1ri J\u00e1r\u00e1si \u00dcgy\u00e9szs\u00e9g annak a fiatal f\u00e9rfinak a letart\u00f3ztat\u00e1s\u00e1t, aki a gyan\u00fa szerint augusztus 11-\u00e9n d\u00e9lut\u00e1n elg\u00e1zolt egy bring\u00e1st, a Kaposv\u00e1ri J\u00e1r\u00e1sb\u00edr\u00f3s\u00e1g csak b\u0171n\u00fcgyi fel\u00fcgyeletet rendelt el vele szemben \u2013 k\u00f6z\u00f6lte a Somogy V\u00e1rmegyei F\u0151\u00fcgy\u00e9szs\u00e9g. A b\u00edr\u00f3s\u00e1g d\u00f6nt\u00e9s\u00e9vel szemben az \u00fcgy\u00e9szs\u00e9g fellebbez\u00e9st jelentett be, amelyr\u0151l m\u00e1sodfokon a Kaposv\u00e1ri T\u00f6rv\u00e9nysz\u00e9k fog d\u00f6nteni.<\/p>\n<p>Augusztus 11-\u00e9n d\u00e9lut\u00e1n f\u00e9l \u00f6t k\u00f6r\u00fcl egy k\u00e9th\u00f3napos jogos\u00edtv\u00e1nnyal rendelkez\u0151 18 \u00e9ves enyingi fiatal egy Mercedes-AMG CLA 35 t\u00edpus\u00fa aut\u00f3val <a href=\"https:\/\/telex.hu\/techtud\/2026\/08\/21\/siofok-kerekparos-gazolas-kozlekedesi-baleset-rendorseg\" class=\"\" rel=\"nofollow noopener\" target=\"_blank\">elg\u00e1zolt egy ker\u00e9kp\u00e1rost<\/a>, aki a helysz\u00ednen \u00e9let\u00e9t vesztette. Az aut\u00f3 olyan sebess\u00e9ggel haladt, hogy az \u00fctk\u00f6z\u00e9s ut\u00e1n egy beton l\u00e1mpaoszlopnak csap\u00f3dott, majd a tetej\u00e9re borulva legal\u00e1bb 10 m\u00e9tert cs\u00faszott.<\/p>\n<p>A balesetr\u0151l t\u00e9rfigyel\u0151 kamer\u00e1s felv\u00e9tel k\u00e9sz\u00fclt, amelyet kegyeleti okokb\u00f3l nem osztunk meg, ennek alapj\u00e1n azonban \u00f6ssze lehetett \u00e1ll\u00edtani egy anim\u00e1ci\u00f3t a balesetr\u0151l. Ez \u00edgy n\u00e9z ki:<\/p>\n<p>A felv\u00e9telen az l\u00e1tszik, hogy a szab\u00e1lyosan k\u00f6zleked\u0151 Hyundai \u00e9ppen a ker\u00e9kp\u00e1ros el\u0151z\u00e9s\u00e9be kezd, amikor meg\u00e9rkezik m\u00f6g\u00e9 a sokkal gyorsabban k\u00f6zleked\u0151 Mercedes. A Mercedes azonban ahelyett, hogy lass\u00edtana, a jobb s\u00e1vba visszat\u00e9rve gyors\u00edt, majd nagyj\u00e1b\u00f3l 100 kilom\u00e9ter per \u00f3r\u00e1s sebess\u00e9ggel \u00fcti el a szab\u00e1lyosan k\u00f6zleked\u0151 ker\u00e9kp\u00e1rost, aki a helysz\u00ednen meghal.<\/p>\n<p>Az utc\u00e1ban 40-es t\u00e1bla volt, a Mercedes viszont becsl\u00e9sek szerint k\u00f6r\u00fclbel\u00fcl 100-zal mehetett a baleset id\u0151pontj\u00e1ban. Vit\u00e9zy D\u00e1vid k\u00f6zleked\u00e9si \u00e9s beruh\u00e1z\u00e1si miniszter <a href=\"https:\/\/telex.hu\/belfold\/2026\/08\/22\/vitezy-a-siofoki-gazolasrol-ha-nem-tortenik-baleset-a-40-helyett-100-km-oraval-szaguldo-autos-szabalysertesi-birsaggal-is-meguszhatna\" class=\"\" rel=\"nofollow noopener\" target=\"_blank\">\u00fagy komment\u00e1lta az esetet<\/a>, hogy ha nem t\u00f6rt\u00e9nik baleset, akkor a gyorshajt\u00f3 val\u00f3sz\u00edn\u0171leg egy szab\u00e1lys\u00e9rt\u00e9si b\u00edrs\u00e1got kapott volna a tett\u00e9\u00e9rt. Az ilyen m\u00e9rt\u00e9k\u0171 gyorshajt\u00e1sra vonatkoz\u00f3 szab\u00e1lyokat ez\u00e9rt szerinte fel\u00fcl kell vizsg\u00e1lni.<\/p>\n<p>A balesetet okoz\u00f3 f\u00e9rfival szemben Somogy megy\u00e9ben zajlik az elj\u00e1r\u00e1s. A Kaposv\u00e1ri J\u00e1r\u00e1si \u00dcgy\u00e9szs\u00e9g ennek keret\u00e9ben ind\u00edtv\u00e1nyozta a letart\u00f3ztat\u00e1s\u00e1t, a Kaposv\u00e1ri J\u00e1r\u00e1sb\u00edr\u00f3s\u00e1g nyomoz\u00e1si b\u00edr\u00e1ja azonban csak r\u00e9szben adott helyt az ind\u00edtv\u00e1nynak. Sz\u00f6k\u00e9s vesz\u00e9lye miatt egy h\u00f3napnyi id\u0151tartamra \u2013 nyomk\u00f6vet\u0151 alkalmaz\u00e1sa mellett \u2013 a fi\u00fa b\u0171n\u00fcgyi fel\u00fcgyelet\u00e9t rendelte el. A b\u00edr\u00f3s\u00e1g v\u00e9gz\u00e9s\u00e9vel szemben az \u00fcgy\u00e9szs\u00e9g fellebbez\u00e9st jelentett be, amelyet m\u00e1sodfokon a Kaposv\u00e1ri T\u00f6rv\u00e9nysz\u00e9k b\u00edr\u00e1l majd el.<\/p>\n<p>Partnereinkt\u0151l<\/p>\n<p>\u00c1ll\u00edtsd be a Telexet megb\u00edzhat\u00f3 forr\u00e1snak!<\/p>\n<p>K\u00f6vess minket Facebookon is!<\/p>\n<p> Tov\u00e1bbi \u00e9l\u0151 \u00e1rfolyamok! <\/p>\n","protected":false},"excerpt":{"rendered":"\u00c1ll\u00edtsd be a Telexet megb\u00edzhat\u00f3 forr\u00e1snak! Hi\u00e1ba ind\u00edtv\u00e1nyozta a Kaposv\u00e1ri J\u00e1r\u00e1si \u00dcgy\u00e9szs\u00e9g annak a fiatal f\u00e9rfinak a letart\u00f3ztat\u00e1s\u00e1t,&hellip;\n","protected":false},"author":2,"featured_media":227702,"comment_status":"","ping_status":"","sticky":false,"template":"","format":"standard","meta":{"footnotes":"","_share_on_mastodon":"0"},"categories":[6],"tags":[469,80,889,700,891,44,42,40,60531,43,41,14191,8102],"class_list":["post-227701","post","type-post","status-publish","format-standard","has-post-thumbnail","category-magyarorszag","tag-baleset","tag-belfold","tag-gazolas","tag-halalos-baleset","tag-halalos-gazolas","tag-hu","tag-hungarian","tag-hungary","tag-kerekparos-gazolas","tag-magyar","tag-magyarorszag","tag-siofok","tag-somogy-megye"],"share_on_mastodon":{"url":"https:\/\/pubeurope.com\/@hu\/117191152375757085","error":""},"_links":{"self":[{"href":"https:\/\/www.europesays.com\/hu\/wp-json\/wp\/v2\/posts\/227701","targetHints":{"allow":["GET"]}}],"collection":[{"href":"https:\/\/www.europesays.com\/hu\/wp-json\/wp\/v2\/posts"}],"about":[{"href":"https:\/\/www.europesays.com\/hu\/wp-json\/wp\/v2\/types\/post"}],"author":[{"embeddable":true,"href":"https:\/\/www.europesays.com\/hu\/wp-json\/wp\/v2\/users\/2"}],"replies":[{"embeddable":true,"href":"https:\/\/www.europesays.com\/hu\/wp-json\/wp\/v2\/comments?post=227701"}],"version-history":[{"count":0,"href":"https:\/\/www.europesays.com\/hu\/wp-json\/wp\/v2\/posts\/227701\/revisions"}],"wp:featuredmedia":[{"embeddable":true,"href":"https:\/\/www.europesays.com\/hu\/wp-json\/wp\/v2\/media\/227702"}],"wp:attachment":[{"href":"https:\/\/www.europesays.com\/hu\/wp-json\/wp\/v2\/media?parent=227701"}],"wp:term":[{"taxonomy":"category","embeddable":true,"href":"https:\/\/www.europesays.com\/hu\/wp-json\/wp\/v2\/categories?post=227701"},{"taxonomy":"post_tag","embeddable":true,"href":"https:\/\/www.europesays.com\/hu\/wp-json\/wp\/v2\/tags?post=227701"}],"curies":[{"name":"wp","href":"https:\/\/api.w.org\/{rel}","templated":true}]}}