{"id":227780,"date":"2026-08-31T18:08:22","date_gmt":"2026-08-31T18:08:22","guid":{"rendered":"https:\/\/www.europesays.com\/hu\/227780\/"},"modified":"2026-08-31T18:08:22","modified_gmt":"2026-08-31T18:08:22","slug":"ime-12-kevesbe-ismert-bond-jelolt-galeria","status":"publish","type":"post","link":"https:\/\/www.europesays.com\/hu\/227780\/","title":{"rendered":"\u00cdme 12 kev\u00e9sb\u00e9 ismert Bond-jel\u00f6lt + GAL\u00c9RIA!"},"content":{"rendered":"<p>\n                        \u0150k sem es\u00e9lytelenebbek, mint a nagy nevek, s\u0151t!                    <\/p>\n<p>B\u00e1r a nemzetk\u00f6zi sajt\u00f3 t\u00f6bbnyire a legnagyobb szt\u00e1rok nev\u00e9t emlegeti, t\u00f6bb kev\u00e9sb\u00e9 k\u00e9zenfekv\u0151, fiatal brit, \u00edr \u00e9s sk\u00f3t sz\u00edn\u00e9sz is sz\u00f3ba j\u00f6het, m\u00e1r amennyiben hihet\u00fcnk azoknak a besz\u00e1mol\u00f3knak, miszerint Nina Gold, az \u00faj James Bond-film casting direktora olyan, kev\u00e9sb\u00e9 ismert sz\u00edn\u00e9szeket keres, akik k\u00e9pesek lehetnek egyik napr\u00f3l a m\u00e1sikra egy ekkora franchise arc\u00e1v\u00e1 v\u00e1lni.<\/p>\n<p>&#13;<\/p>\n<p><img decoding=\"async\" src=\"https:\/\/www.europesays.com\/hu\/wp-content\/uploads\/2026\/08\/1788199695_805_240.webp\"\/><\/p>\n<p>&#13;<br \/>\n&#13;<br \/>\n&#13;<br \/>\n<img decoding=\"async\" src=\"https:\/\/www.europesays.com\/hu\/wp-content\/uploads\/2026\/08\/204.webp\" alt=\"\" caption=\"true\" captiontext=\"Forr\u00e1s: Getty Images\"\/>Forr\u00e1s: Getty Images<\/p>\n<p>\u00a0<\/p>\n<p>&#13;<\/p>\n<p>A 31 \u00e9ves Barton eddigi p\u00e1ly\u00e1ja j\u00f3val visszafogottabb, mint n\u00e9h\u00e1ny vet\u00e9lyt\u00e1rs\u00e1\u00e9. Felt\u0171nt J\u00f3rgosz L\u00e1nthimosz\u00a0Szeg\u00e9ny p\u00e1r\u00e1k\u00a0c\u00edm\u0171 filmj\u00e9ben, valamint szerepelt a\u00a0Engedetlen h\u0151s\u00f6k\u00a0\u00e9s a\u00a0F\u00fclig bel\u00e9d z\u00fagtam\u00a0c\u00edm\u0171 sorozatokban, de m\u00e9g \u00edgy is j\u00f3val kev\u00e9sb\u00e9 ismert n\u00e9v, mint mondjuk Elordi vagy Turner.<\/p>\n<p>&#13;<\/p>\n<p>Barton \u00e1ll\u00edt\u00f3lag ennek a keres\u00e9snek az egyik legnagyobb felfedezettje, \u00e9s jelenleg komoly es\u00e9lye van arra, hogy megkapja a szerepet.<\/p>\n<p>&#13;<\/p>\n<p><a href=\"https:\/\/port.hu\/cikk\/mozi\/fordulat-a-james-bond-castingban-egy-kevesbe-ismert-szinesz-lehet-a-befuto\/article-130318\" rel=\"nofollow noopener\" target=\"_blank\"><img decoding=\"async\" src=\"https:\/\/www.europesays.com\/hu\/wp-content\/uploads\/2026\/08\/1788199696_493_460.webp\" width=\"300\"\/><\/a><a href=\"https:\/\/port.hu\/cikk\/mozi\/fordulat-a-james-bond-castingban-egy-kevesbe-ismert-szinesz-lehet-a-befuto\/article-130318\" rel=\"nofollow noopener\" target=\"_blank\">Fordulat a James Bond-castingban: egy kev\u00e9sb\u00e9 ismert sz\u00edn\u00e9sz lehet a befut\u00f3<\/a><\/p>\n<p>Egyre sz\u0171k\u00fcl a k\u00f6r Daniel Craig ut\u00f3dja k\u00f6r\u00fcl, szeptember elej\u00e9n pedig m\u00e1r pr\u00f3bafelv\u00e9teleket is tarthatnak a jel\u00f6ltekkel.<\/p>\n<p><a class=\"article-btn\" href=\"https:\/\/port.hu\/cikk\/mozi\/fordulat-a-james-bond-castingban-egy-kevesbe-ismert-szinesz-lehet-a-befuto\/article-130318\" rel=\"nofollow noopener\" target=\"_blank\">Tov\u00e1bb<\/a><\/p>\n<p>&#13;<\/p>\n<p>\u00a0<\/p>\n<p>&#13;<br \/>\nTom Francis&#13;<br \/>\n<img decoding=\"async\" src=\"https:\/\/www.europesays.com\/hu\/wp-content\/uploads\/2026\/08\/224.webp\" alt=\"\" caption=\"true\" captiontext=\"Forr\u00e1s: Getty Images\"\/>Forr\u00e1s: Getty Images<\/p>\n<p>\u00a0<\/p>\n<p>&#13;<\/p>\n<p>A 27 \u00e9ves, Olivier-d\u00edjas brit sz\u00edn\u00e9sz a londoni West Enden fut\u00f3 Sunset Boulevard-fel\u00faj\u00edt\u00e1s r\u00e9v\u00e9n h\u00edvta fel mag\u00e1ra a figyelmet, a moziv\u00e1sznon pedig a Jay Kelly c\u00edm\u0171 George Clooney-filmben t\u0171nt fel kisebb szerepben. Es\u00e9ly\u00e9t n\u00f6veli a kora, amely megfelel az \u00faj koncepci\u00f3 \u00e1ll\u00edt\u00f3lagos elv\u00e1r\u00e1sainak, valamint az a k\u00f6r\u00fclm\u00e9ny, hogy szakmai elismerts\u00e9ge ellen\u00e9re m\u00e9g nem v\u00e1lt elhaszn\u00e1lt szt\u00e1rr\u00e1.<\/p>\n<p>&#13;<br \/>\nArty Froushan&#13;<br \/>\n<img decoding=\"async\" src=\"https:\/\/www.europesays.com\/hu\/wp-content\/uploads\/2026\/08\/208.webp\" alt=\"\" caption=\"true\" captiontext=\"Forr\u00e1s: Getty Images\"\/>Forr\u00e1s: Getty Images<\/p>\n<p>\u00a0<\/p>\n<p>&#13;<\/p>\n<p>A 33 \u00e9ves, amerikai sz\u00fclet\u00e9s\u0171, de az Egyes\u00fclt Kir\u00e1lys\u00e1gban feln\u0151tt sz\u00edn\u00e9sz a londoni Amerikai Psycho-musicalben t\u0171nt fel, de l\u00e1thattuk a Disney+ Daredevil: \u00dajj\u00e1sz\u00fclet\u00e9s c\u00edm\u0171 sorozat\u00e1ban \u00e9s a Downton Abbey: Egy \u00faj korszakban. Klasszikus, mark\u00e1ns megjelen\u00e9se \u00e9s folyamatosan \u00e9p\u00fcl\u0151 telev\u00edzi\u00f3s jelenl\u00e9te teszi \u0151t sz\u00e1m\u00edt\u00e1sba vehet\u0151 jel\u00f6ltt\u00e9.<\/p>\n<p>&#13;<br \/>\nAnthony Boyle&#13;<br \/>\n<img decoding=\"async\" src=\"https:\/\/www.europesays.com\/hu\/wp-content\/uploads\/2026\/08\/1788199698_418_202.webp\" alt=\"\" caption=\"true\" captiontext=\"Forr\u00e1s: Getty Images\"\/>Forr\u00e1s: Getty Images<\/p>\n<p>\u00a0<\/p>\n<p>&#13;<\/p>\n<p>A 32 \u00e9ves \u00edr sz\u00edn\u00e9sz az Apple TV+ A leveg\u0151 urai minisorozat\u00e1ban, valamint a cannes-i fesztiv\u00e1lon m\u00e9ltatott I See Buildings Fall Like Lightning c\u00edm\u0171 feln\u00f6v\u00e9st\u00f6rt\u00e9netben j\u00e1tszott, legut\u00f3bb pedig a House of Guinness f\u0151szerep\u00e9t alak\u00edtotta. Es\u00e9lyeit jelent\u0151sen n\u00f6veli, hogy a Netflix-sorozatot Steven Knight \u00edrta, aki a k\u00f6vetkez\u0151 James Bond-film forgat\u00f3k\u00f6nyv\u00e9\u00e9rt is felel.<\/p>\n<p>&#13;<br \/>\n&#13;<br \/>\n<img decoding=\"async\" src=\"https:\/\/www.europesays.com\/hu\/wp-content\/uploads\/2026\/08\/366.webp\" alt=\"\" caption=\"true\" captiontext=\"Forr\u00e1s: UIP-Duna Film\"\/>Forr\u00e1s: UIP-Duna Film<\/p>\n<p>\u00a0<\/p>\n<p>&#13;<\/p>\n<p>A 36 \u00e9ves sz\u00edn\u00e9sz m\u00e1r kin\u0151tte a felt\u00f6rekv\u0151 szt\u00e1r c\u00edmk\u00e9j\u00e9t, tal\u00e1n ez\u00e9rt is kisebb az es\u00e9lye. A leveg\u0151 urai egyik kulcsszerep\u00e9nek k\u00f6sz\u00f6nhet\u0151en lett ismertebb, legut\u00f3bb pedig a Csak egy \u00e9jszaka c\u00edm\u0171 romkom f\u0151szerep\u00e9ben l\u00e1thattuk.<\/p>\n<p>&#13;<br \/>\n&#13;<\/p>\n<p>\u00a0<\/p>\n<p>&#13;<br \/>\n&#13;<br \/>\n<img decoding=\"async\" src=\"https:\/\/www.europesays.com\/hu\/wp-content\/uploads\/2026\/08\/1788199698_96_206.webp\" alt=\"\" caption=\"true\" captiontext=\"Forr\u00e1s: Getty Images\"\/>Forr\u00e1s: Getty Images<\/p>\n<p>\u00a0<\/p>\n<p>&#13;<\/p>\n<p>A 36 \u00e9ves sz\u00edn\u00e9sz a Lady Macbeth \u00e9s a Hadvisel\u00e9s r\u00e9v\u00e9n szerzett kritikai elismer\u00e9st, legjelent\u0151sebb telev\u00edzi\u00f3s siker\u00e9t pedig A s\u00f3gun c\u00edm\u0171 sorozat f\u0151szerep\u00e9vel \u00e9rte el. Noha k\u00e9pvisel\u0151i hivatalosan c\u00e1folt\u00e1k az \u00e9rtes\u00fcl\u00e9seket, karakteres, nyers fizikai jelenl\u00e9te \u00e9s sz\u00edn\u00e9szi sokoldal\u00fas\u00e1ga r\u00e9v\u00e9n a sajt\u00f3 tov\u00e1bbra is a lehets\u00e9ges es\u00e9lyesek k\u00f6z\u00f6tt eml\u00edti.<\/p>\n<p>&#13;<br \/>\n&#13;<br \/>\n<img decoding=\"async\" src=\"https:\/\/www.europesays.com\/hu\/wp-content\/uploads\/2026\/08\/1788199699_397_220.webp\" alt=\"\" caption=\"true\" captiontext=\"Forr\u00e1s: Getty Images\"\/>Forr\u00e1s: Getty Images<\/p>\n<p>\u00a0<\/p>\n<p>&#13;<\/p>\n<p>A 31 \u00e9ves brit sz\u00edn\u00e9sz a Hamupip\u0151ke, a Nem versz \u00e1t, a V\u00f6r\u00f6s, feh\u00e9r \u00e9s kir\u00e1lyk\u00e9k, A r\u00f3lad alkotott k\u00e9p, valamint a Birkakrimi \u00e9s Az univerzum v\u00e9delmez\u0151i r\u00e9v\u00e9n v\u00e1lt ismertt\u00e9. Mellette sz\u00f3l a James Bond-filmeket gy\u00e1rt\u00f3 Amazon\/MGM st\u00fadi\u00f3hoz f\u0171z\u0151d\u0151 szoros munkakapcsolata, mivel karrierje sz\u00e1mos kulcsprojektj\u00e9t n\u00e1luk k\u00e9sz\u00edtette.<\/p>\n<p>&#13;<br \/>\n&#13;<\/p>\n<p><img loading=\"lazy\" decoding=\"async\" src=\"https:\/\/www.europesays.com\/hu\/wp-content\/uploads\/2026\/08\/1788199699_770_204.webp\" alt=\"\" caption=\"false\" captiontext=\"Forr\u00e1s: Getty Images\" width=\"774\" height=\"516\"\/><\/p>\n<p>&#13;<\/p>\n<p>A 36 \u00e9ves sk\u00f3t sz\u00edn\u00e9sz az Utols\u00f3 portr\u00e9 \u00e9s az Apple TV+ sikersorozata, az Utols\u00f3 befut\u00f3k f\u0151szerepl\u0151jek\u00e9nt szerzett nevet mag\u00e1nak. Hiteles sz\u00edn\u00e9szi jelenl\u00e9te \u00e9s az \u00fcgyn\u00f6km\u0171fajban szerzett rutinja miatt tartj\u00e1k es\u00e9lyesnek.<\/p>\n<p>&#13;<\/p>\n<p><a href=\"https:\/\/port.hu\/cikk\/mozi\/ilyen-james-bond-lett-volna-sam-neillbol-video\/article-129108\" rel=\"nofollow noopener\" target=\"_blank\"><img decoding=\"async\" src=\"https:\/\/www.europesays.com\/hu\/wp-content\/uploads\/2026\/08\/414.webp\" width=\"300\"\/><\/a><a href=\"https:\/\/port.hu\/cikk\/mozi\/ilyen-james-bond-lett-volna-sam-neillbol-video\/article-129108\" rel=\"nofollow noopener\" target=\"_blank\">Ilyen James Bond lett volna Sam Neillb\u0151l \u2013 Vide\u00f3!<\/a><\/p>\n<p>A nemr\u00e9g elhunyt sz\u00edn\u00e9szlegenda r\u00e9szt vett egy castingon, de nem b\u00e1nta, hogy nem lett bel\u0151le Bond.<\/p>\n<p><a class=\"article-btn\" href=\"https:\/\/port.hu\/cikk\/mozi\/ilyen-james-bond-lett-volna-sam-neillbol-video\/article-129108\" rel=\"nofollow noopener\" target=\"_blank\">Tov\u00e1bb<\/a><\/p>\n<p>&#13;<\/p>\n<p>\u00a0<\/p>\n<p>&#13;<br \/>\n&#13;<br \/>\n<img decoding=\"async\" src=\"https:\/\/www.europesays.com\/hu\/wp-content\/uploads\/2026\/08\/230.webp\" alt=\"\" caption=\"true\" captiontext=\"Forr\u00e1s: Getty Images\"\/>Forr\u00e1s: Getty Images<\/p>\n<p>\u00a0<\/p>\n<p>&#13;<\/p>\n<p>A 21 \u00e9ves Jupe a Hang n\u00e9lk\u00fcl-filmek, a Hamnet, valamint a West Enden j\u00e1tszott R\u00f3me\u00f3 \u00e9s J\u00falia r\u00e9v\u00e9n bizony\u00edtott. Fiatal kora miatt akkor van es\u00e9lye, ha az \u00faj film a karakter korai \u00e9veit mutatja be, emellett a Bond-filmek szerepl\u0151v\u00e1logat\u00e1s\u00e1t vezet\u0151 Nina Gold castingrendez\u0151 az ut\u00f3bbi \u00e9vekben t\u00f6bb produkci\u00f3j\u00e1ba, k\u00f6zt\u00fck a The Death of Robin Hood \u00e9s az &amp; Sons c\u00edm\u0171 filmekbe is bev\u00e1logatta.<\/p>\n<p>&#13;<br \/>\n&#13;<br \/>\n<img decoding=\"async\" src=\"https:\/\/www.europesays.com\/hu\/wp-content\/uploads\/2026\/08\/1788199700_612_210.webp\" alt=\"\" caption=\"true\" captiontext=\"Forr\u00e1s: Getty Images\"\/>Forr\u00e1s: Getty Images<\/p>\n<p>\u00a0<\/p>\n<p>&#13;<\/p>\n<p>A 29 \u00e9ves sz\u00edn\u00e9sz az HBO Ipar c\u00edm\u0171 sorozat\u00e1ban h\u00edvta fel mag\u00e1ra a figyelmet, a k\u00f6zelj\u00f6v\u0151ben pedig Stuart Sutcliffe-et alak\u00edtja Sam Mendes Beatles-\u00e9letrajzi filmjeiben. Kifinomult, m\u00e9gis hat\u00e1rozott fell\u00e9p\u00e9se alkalmass\u00e1 teszi a szerepre, \u00e9s a Bond-produkci\u00f3 kulcsembereihez f\u0171z\u0151d\u0151 szakmai kapcsolatai is er\u0151s\u00edtik poz\u00edci\u00f3j\u00e1t.<\/p>\n<p>&#13;<br \/>\n&#13;<br \/>\n<img decoding=\"async\" src=\"https:\/\/www.europesays.com\/hu\/wp-content\/uploads\/2026\/08\/214.webp\" alt=\"\" caption=\"true\" captiontext=\"Forr\u00e1s: Getty Images\"\/>Forr\u00e1s: Getty Images<\/p>\n<p>\u00a0<\/p>\n<p>&#13;<\/p>\n<p>A 29 \u00e9ves Woodall A Feh\u00e9r L\u00f3tuszban t\u0171nt fel, majd az Egy napban, a Tunerben, a Bridget Jones: Bolondul\u00e1sigban, valamint az Apple TV+ C\u00e9lpont c\u00edm\u0171 k\u00e9mthriller\u00e9ben kapott komoly szerepeket.<\/p>\n<p>&#13;<br \/>\n&#13;<br \/>\n<img decoding=\"async\" src=\"https:\/\/www.europesays.com\/hu\/wp-content\/uploads\/2026\/08\/1788199701_533_222.webp\" alt=\"\" caption=\"true\" captiontext=\"Forr\u00e1s: Getty Images\"\/>Forr\u00e1s: Getty Images<\/p>\n<p>\u00a0<\/p>\n<p>&#13;<\/p>\n<p>A 31 \u00e9ves \u00edr Gibson az Angyal? \u00e9s a Dexter: Eredend\u0151 b\u0171n c\u00edm\u0171 sz\u00e9ri\u00e1kban szerepelt, mik\u00f6zben a 007 First Light c\u00edm\u0171 hivatalos vide\u00f3j\u00e1t\u00e9knak k\u00f6lcs\u00f6nzi a hangj\u00e1t \u00e9s k\u00e9pm\u00e1s\u00e1t. A Bond-univerzumban val\u00f3 j\u00e1rtass\u00e1ga miatt ker\u00fclhetett be a neve a kalapba.<\/p>\n<p>&#13;<\/p>\n<p>via: <a href=\"https:\/\/www.independent.co.uk\/arts-entertainment\/films\/news\/james-bond-contenders-jack-lowden-barton-callum-turner-b3041710.html\" target=\"_blank\" rel=\"noopener nofollow\">Independent<\/a><\/p>\n<p>                <a href=\"https:\/\/google.com\/preferences\/source?q=https:\/\/port.hu\" target=\"_blank\" class=\"google-pref-banner\" id=\"googlePrefBanner\" rel=\"nofollow noopener\"><br \/>\n                    <img loading=\"lazy\" decoding=\"async\" src=\"https:\/\/port.hu\/img\/svg\/google-logo.svg\" width=\"52\" height=\"52\"\/><br \/>\n                    Itt \u00e1ll\u00edtsa be, hogy a Port az els\u0151k k\u00f6z\u00f6tt legyen a Google-tal\u00e1latokban!<\/p>\n<p>                <\/a><\/p>\n","protected":false},"excerpt":{"rendered":"\u0150k sem es\u00e9lytelenebbek, mint a nagy nevek, s\u0151t! B\u00e1r a nemzetk\u00f6zi sajt\u00f3 t\u00f6bbnyire a legnagyobb szt\u00e1rok nev\u00e9t emlegeti,&hellip;\n","protected":false},"author":2,"featured_media":227781,"comment_status":"","ping_status":"","sticky":false,"template":"","format":"standard","meta":{"footnotes":"","_share_on_mastodon":"0"},"categories":[17],"tags":[60545,60544,877,11509,60546,137,160,60548,44,42,40,59621,5815,7904,9284,43,41,159,166,13297,60547,39932,138,34835],"class_list":["post-227780","post","type-post","status-publish","format-standard","has-post-thumbnail","category-filmek","tag-anthony-boyle","tag-arty-froushan","tag-callum-turner","tag-casting","tag-cosmo-jarvis","tag-entertainment","tag-filmek","tag-harry-lawtey","tag-hu","tag-hungarian","tag-hungary","tag-jack-barton","tag-jack-lowden","tag-james-bond","tag-leo-woodall","tag-magyar","tag-magyarorszag","tag-movie","tag-mozi","tag-nicholas-galitzine","tag-noah-jupe","tag-patrick-gibson","tag-szorakozas","tag-tom-francis"],"share_on_mastodon":{"url":"https:\/\/pubeurope.com\/@hu\/117191462985857334","error":""},"_links":{"self":[{"href":"https:\/\/www.europesays.com\/hu\/wp-json\/wp\/v2\/posts\/227780","targetHints":{"allow":["GET"]}}],"collection":[{"href":"https:\/\/www.europesays.com\/hu\/wp-json\/wp\/v2\/posts"}],"about":[{"href":"https:\/\/www.europesays.com\/hu\/wp-json\/wp\/v2\/types\/post"}],"author":[{"embeddable":true,"href":"https:\/\/www.europesays.com\/hu\/wp-json\/wp\/v2\/users\/2"}],"replies":[{"embeddable":true,"href":"https:\/\/www.europesays.com\/hu\/wp-json\/wp\/v2\/comments?post=227780"}],"version-history":[{"count":0,"href":"https:\/\/www.europesays.com\/hu\/wp-json\/wp\/v2\/posts\/227780\/revisions"}],"wp:featuredmedia":[{"embeddable":true,"href":"https:\/\/www.europesays.com\/hu\/wp-json\/wp\/v2\/media\/227781"}],"wp:attachment":[{"href":"https:\/\/www.europesays.com\/hu\/wp-json\/wp\/v2\/media?parent=227780"}],"wp:term":[{"taxonomy":"category","embeddable":true,"href":"https:\/\/www.europesays.com\/hu\/wp-json\/wp\/v2\/categories?post=227780"},{"taxonomy":"post_tag","embeddable":true,"href":"https:\/\/www.europesays.com\/hu\/wp-json\/wp\/v2\/tags?post=227780"}],"curies":[{"name":"wp","href":"https:\/\/api.w.org\/{rel}","templated":true}]}}