{"id":227790,"date":"2026-08-31T18:16:12","date_gmt":"2026-08-31T18:16:12","guid":{"rendered":"https:\/\/www.europesays.com\/hu\/227790\/"},"modified":"2026-08-31T18:16:12","modified_gmt":"2026-08-31T18:16:12","slug":"index-gazdasag-karman-andras-kinevezte-a-nav-uj-elnoket-es-bunugyi-elnokhelyetteset","status":"publish","type":"post","link":"https:\/\/www.europesays.com\/hu\/227790\/","title":{"rendered":"Index &#8211; Gazdas\u00e1g &#8211; K\u00e1rm\u00e1n Andr\u00e1s kinevezte a NAV \u00faj eln\u00f6k\u00e9t \u00e9s b\u0171n\u00fcgyi eln\u00f6khelyettes\u00e9t"},"content":{"rendered":"<p>A miniszt\u00e9rium k\u00f6zlem\u00e9nye szerint a NAV eln\u00f6ki tiszts\u00e9g\u00e9re ki\u00edrt nyilv\u00e1nos p\u00e1ly\u00e1zatra \u00f6sszesen 49 jelentkez\u00e9s \u00e9rkezett a P\u00e9nz\u00fcgyminiszt\u00e9riumhoz. A NAV-ot fel\u00fcgyel\u0151 ad\u00f3szakter\u00fclet a beny\u00fajtott p\u00e1ly\u00e1zatok szakmai \u00e9rt\u00e9kel\u00e9se alapj\u00e1n kilenc jel\u00f6ltet javasolt az els\u0151 k\u00f6r\u00f6s, \u00e1llamtitk\u00e1ri szint\u0171 meghallgat\u00e1sra. Az \u00e1llamtitk\u00e1ri bizotts\u00e1g ezt k\u00f6vet\u0151en \u00f6t jel\u00f6ltet terjesztett tov\u00e1bb miniszteri meghallgat\u00e1sra.<\/p>\n<p>A kiv\u00e1laszt\u00e1si folyamat \u00e9s a miniszteri bizotts\u00e1g javaslata alapj\u00e1n R\u00f3zs\u00e1n\u00e9 S\u00e1dt M\u00f3nika kap megb\u00edz\u00e1st a Nemzeti Ad\u00f3- \u00e9s V\u00e1mhivatal vezet\u00e9s\u00e9re.<\/p>\n<p>R\u00f3zs\u00e1n\u00e9 S\u00e1dt M\u00f3nika a k\u00f6zlem\u00e9ny szerint t\u00f6bb \u00e9vtizedes, sz\u00e9les k\u00f6r\u0171 ad\u00f3szakmai tapasztalattal rendelkezik. P\u00e1lyafut\u00e1sa sor\u00e1n a k\u00f6nyvvizsg\u00e1latt\u00f3l, az ad\u00f3bevall\u00e1sok, ad\u00f3jelent\u00e9sek k\u00e9sz\u00edt\u00e9s\u00e9n kereszt\u00fcl a kock\u00e1zatkezel\u00e9si rendszerek fel\u00fcgyelet\u00e9ig sz\u00e1mos ter\u00fcleten dolgozott. Jelenlegi munkahely\u00e9n, a Diageo Csoportn\u00e1l t\u00f6bb mint t\u00edz orsz\u00e1gban m\u0171k\u00f6d\u0151 szervezetet vezet, \u00e9s ad\u00f3z\u00e1si, adatszolg\u00e1ltat\u00e1si, ir\u00e1ny\u00edt\u00e1si, megfelel\u00e9si, k\u00fclkereskedelmi \u00e9s technol\u00f3giai folyamatok\u00e9rt felel.<\/p>\n<p>A miniszt\u00e9rium t\u00e1j\u00e9koztat\u00e1sa szerint R\u00f3zs\u00e1n\u00e9 S\u00e1dt M\u00f3nika \u201ehazai \u00e9s nemzetk\u00f6zi szakmai tapasztalata mellett a Nemzeti Ad\u00f3- \u00e9s V\u00e1mhivatal j\u00f6v\u0151j\u00e9r\u0151l megfogalmazott strat\u00e9giai elk\u00e9pzel\u00e9sei is meghat\u00e1roz\u00f3 szerepet j\u00e1tszottak kiv\u00e1laszt\u00e1s\u00e1ban. C\u00e9lja egy olyan korszer\u0171 ad\u00f3hat\u00f3s\u00e1g kialak\u00edt\u00e1sa, amely egyszer\u0171bb\u00e9 \u00e9s \u00e1tl\u00e1that\u00f3bb\u00e1 teszi az ad\u00f3z\u00e1st, hat\u00e9konyan t\u00e1mogatja a k\u00f6lts\u00e9gvet\u00e9si stabilit\u00e1st, szervezet\u00e9ben \u00e9s szeml\u00e9let\u00e9ben pedig alkalmazkodik a XXI. sz\u00e1zad kih\u00edv\u00e1saihoz.\u201d<\/p>\n<p>A k\u00edv\u00e1natos int\u00e9zm\u00e9nyi karakter: seg\u00edts\u00e9g a jogk\u00f6vet\u0151nek, kisz\u00e1m\u00edthat\u00f3s\u00e1g mindenkinek, k\u00f6vetkezetes fell\u00e9p\u00e9s a jogs\u00e9rt\u0151vel szemben<\/p>\n<p>\u2013 fogalmazott eln\u00f6ki p\u00e1ly\u00e1zat\u00e1ban R\u00f3zs\u00e1n\u00e9 S\u00e1dt M\u00f3nika.<\/p>\n<p>                        A szervezet b\u0171n\u00fcgyi \u00e9s rend\u00e9szeti eln\u00f6khelyettes\u00e9t is kinevezt\u00e9k\u00a0<\/p>\n<p>A NAV b\u0171n\u00fcgyi \u00e9s rend\u00e9szeti eln\u00f6khelyettese Sis\u00e1k Attila lesz. A k\u00f6zlem\u00e9ny szerint t\u00f6bb \u00e9vtizedes tapasztalattal rendelkezik az ad\u00f3- \u00e9s k\u00f6lts\u00e9gvet\u00e9si csal\u00e1sok, a p\u00e9nzmos\u00e1s, valamint az ezekhez kapcsol\u00f3d\u00f3 szervezett b\u0171n\u00f6z\u00e9s elleni fell\u00e9p\u00e9s ter\u00fclet\u00e9n. P\u00e1lyafut\u00e1sa sor\u00e1n a rend\u0151rs\u00e9g, a P\u00e9nz\u00fcgyminiszt\u00e9rium, a V\u00e1m- \u00e9s P\u00e9nz\u00fcgy\u0151rs\u00e9g, majd a NAV k\u00f6tel\u00e9k\u00e9ben dolgozott a k\u00f6zvagyon v\u00e9delm\u00e9\u00e9rt. Jelenleg az OTP Bank Szankci\u00f3s Sz\u0171r\u00e9si Oszt\u00e1ly\u00e1t vezeti.<\/p>\n<p>Sis\u00e1k Attila kor\u00e1bbi NAV-os tapasztalatai r\u00e9v\u00e9n k\u00f6zvetlen\u00fcl is ismeri a szervezet m\u0171k\u00f6d\u00e9s\u00e9t \u00e9s azokat a folyamatokat, amelyek az elm\u00falt \u00e9vekben az ad\u00f3hat\u00f3s\u00e1g hiteless\u00e9g\u00e9nek meggyeng\u00fcl\u00e9s\u00e9hez vezettek. Feladata a NAV b\u0171n\u00fcgyi \u00e9s rend\u00e9szeti ter\u00fclet\u00e9nek szakmai meger\u0151s\u00edt\u00e9se, valamint annak biztos\u00edt\u00e1sa lesz, hogy a hat\u00f3s\u00e1g minden vissza\u00e9l\u00e9ssel szemben k\u00f6vetkezetesen, politikai vagy szem\u00e9lyi szempontokt\u00f3l f\u00fcggetlen\u00fcl j\u00e1rjon el.<\/p>\n<p><a href=\"https:\/\/dex.hu\/x.php?id=googlepref_desktop&amp;url=https:\/\/google.com\/preferences\/source?q=https:\/\/index.hu\" class=\"google-pref-banner \" id=\"googlePrefBanner\" rel=\"nofollow noopener\" target=\"_blank\"><\/p>\n<p>    Itt \u00e1ll\u00edtsa be, hogy az Index az els\u0151k k\u00f6z\u00f6tt legyen a Google-tal\u00e1latokban!<\/p>\n<p><\/a><\/p>\n<p>    <img decoding=\"async\" src=\"https:\/\/index.hu\/assets\/images\/social-follow\/logo-big.svg\" alt=\"Index.hu logo\"\/><\/p>\n<p>K\u00f6vesse az Indexet Facebookon is!<\/p>\n<p>    <a href=\"https:\/\/facebook.com\/Indexhu\" target=\"_blank\" rel=\"nofollow noopener\"><\/p>\n<p>        K\u00f6vetem!<br \/>\n    <\/a><\/p>\n","protected":false},"excerpt":{"rendered":"A miniszt\u00e9rium k\u00f6zlem\u00e9nye szerint a NAV eln\u00f6ki tiszts\u00e9g\u00e9re ki\u00edrt nyilv\u00e1nos p\u00e1ly\u00e1zatra \u00f6sszesen 49 jelentkez\u00e9s \u00e9rkezett a P\u00e9nz\u00fcgyminiszt\u00e9riumhoz. A&hellip;\n","protected":false},"author":2,"featured_media":227791,"comment_status":"","ping_status":"","sticky":false,"template":"","format":"standard","meta":{"footnotes":"","_share_on_mastodon":"0"},"categories":[33],"tags":[60550,152,2270,38,63,35,37,44,42,40,8095,14510,43,41,11288,34,13589,60539,36,39],"class_list":["post-227790","post","type-post","status-publish","format-standard","has-post-thumbnail","category-hirek","tag-bunugyi-es-rendeszeti-elnokhelyettes","tag-ce-napi","tag-elnok","tag-focimek","tag-gazdasag","tag-headlines","tag-hirek","tag-hu","tag-hungarian","tag-hungary","tag-karman-andras","tag-kinevezes","tag-magyar","tag-magyarorszag","tag-nemzeti-ado-es-vamhivatal","tag-news","tag-penzugyminiszterium","tag-rozsane-sadt-monika","tag-top-stories","tag-vezeto-hirek"],"share_on_mastodon":{"url":"https:\/\/pubeurope.com\/@hu\/117191494090343769","error":""},"_links":{"self":[{"href":"https:\/\/www.europesays.com\/hu\/wp-json\/wp\/v2\/posts\/227790","targetHints":{"allow":["GET"]}}],"collection":[{"href":"https:\/\/www.europesays.com\/hu\/wp-json\/wp\/v2\/posts"}],"about":[{"href":"https:\/\/www.europesays.com\/hu\/wp-json\/wp\/v2\/types\/post"}],"author":[{"embeddable":true,"href":"https:\/\/www.europesays.com\/hu\/wp-json\/wp\/v2\/users\/2"}],"replies":[{"embeddable":true,"href":"https:\/\/www.europesays.com\/hu\/wp-json\/wp\/v2\/comments?post=227790"}],"version-history":[{"count":0,"href":"https:\/\/www.europesays.com\/hu\/wp-json\/wp\/v2\/posts\/227790\/revisions"}],"wp:featuredmedia":[{"embeddable":true,"href":"https:\/\/www.europesays.com\/hu\/wp-json\/wp\/v2\/media\/227791"}],"wp:attachment":[{"href":"https:\/\/www.europesays.com\/hu\/wp-json\/wp\/v2\/media?parent=227790"}],"wp:term":[{"taxonomy":"category","embeddable":true,"href":"https:\/\/www.europesays.com\/hu\/wp-json\/wp\/v2\/categories?post=227790"},{"taxonomy":"post_tag","embeddable":true,"href":"https:\/\/www.europesays.com\/hu\/wp-json\/wp\/v2\/tags?post=227790"}],"curies":[{"name":"wp","href":"https:\/\/api.w.org\/{rel}","templated":true}]}}