{"id":227812,"date":"2026-08-31T18:42:09","date_gmt":"2026-08-31T18:42:09","guid":{"rendered":"https:\/\/www.europesays.com\/hu\/227812\/"},"modified":"2026-08-31T18:42:09","modified_gmt":"2026-08-31T18:42:09","slug":"index-tudomany-olyan-vulkanra-bukkantak-anglia-alatt-ami-ha-kitorne-az-egesz-emberiseg-kihalasahoz-vezetne","status":"publish","type":"post","link":"https:\/\/www.europesays.com\/hu\/227812\/","title":{"rendered":"Index &#8211; Tudom\u00e1ny &#8211; Olyan vulk\u00e1nra bukkantak Anglia alatt, ami ha kit\u00f6rne, az eg\u00e9sz emberis\u00e9g kihal\u00e1s\u00e1hoz vezetne"},"content":{"rendered":"<p>Egy szupervulk\u00e1nt fedeztek fel Angli\u00e1ban a tud\u00f3sok, amely egymilli\u00f3 atombomba erej\u00e9vel, az Etna erej\u00e9nek t\u00f6bbezerszeres\u00e9vel t\u00f6rt ki.\u00a0A vulk\u00e1n a f\u00f6ld m\u00e9ly\u00e9n, Anglia keleti partja alatt helyezkedik el, \u00e9s a szak\u00e9rt\u0151k \u00fagy v\u00e9lik, hogy ez okozta azt a hatalmas vulk\u00e1ni hamur\u00e9teget, amelyet Lengyelorsz\u00e1gban \u00e9s Feh\u00e9roroszorsz\u00e1gban tal\u00e1ltak, \u00e9s amely eg\u00e9szen Sv\u00e9dorsz\u00e1gig \u00e9s Norv\u00e9gi\u00e1ig terjedt el.<\/p>\n<p>A vulk\u00e1n k\u00f6zpontja a The Wash alatt helyezkedik el, \u00e1tm\u00e9r\u0151je pedig legal\u00e1bb 40 m\u00e9rf\u00f6ld.<\/p>\n<p>A <a href=\"https:\/\/www.ladbible.com\/news\/uk-news\/uk-super-volcano-discovered-extinct-131526-20260829\" id=\"hyperlink_1d31471dcde7ec4872063658b52c5b5e\" rel=\"nofollow noopener\" target=\"_blank\">LADBible<\/a> cikk\u00e9ben megsz\u00f3lal\u00f3 szak\u00e9rt\u0151k azonban mindenkit igyekszenek megnyugtatni, ugyanis elmond\u00e1suk szerint ugyan egy ilyen vulk\u00e1n kit\u00f6r\u00e9se az eg\u00e9sz emberis\u00e9get el tudn\u00e1 puszt\u00edtani, a szupervulk\u00e1n azonban m\u00e1r r\u00e9g kihalt.\u00a0\u00dagy gondolj\u00e1k, hogy utols\u00f3 kataklizmatikus kit\u00f6r\u00e9se k\u00f6r\u00fclbel\u00fcl 454 milli\u00f3 \u00e9vvel ezel\u0151tt t\u00f6rt\u00e9nt.\u00a0<\/p>\n<p>A tektonikus t\u00f6r\u00e9svonalakt\u00f3l elt\u00e9r\u0151en, amelyek szeizmikusan \u00fajraaktiv\u00e1l\u00f3dhatnak, egy vulk\u00e1n nem k\u00e9pes erre. Ha egyszer kialudt, akkor ennyi. Senkinek nem kell att\u00f3l tartania, hogy a szupervulk\u00e1n \u00fajra kit\u00f6r,\u00a0magyar\u00e1zta Dr. Tim Pharaoh, a Brit Geol\u00f3giai Szolg\u00e1lat (BGS) munkat\u00e1rsa.\u00a0<\/p>\n<p><a href=\"https:\/\/dex.hu\/x.php?id=googlepref_desktop&amp;url=https:\/\/google.com\/preferences\/source?q=https:\/\/index.hu\" class=\"google-pref-banner \" id=\"googlePrefBanner\" rel=\"nofollow noopener\" target=\"_blank\"><\/p>\n<p>    Itt \u00e1ll\u00edtsa be, hogy az Index az els\u0151k k\u00f6z\u00f6tt legyen a Google-tal\u00e1latokban!<\/p>\n<p><\/a><\/p>\n<p>                <a href=\"https:\/\/konyvek.index.hu\/\" target=\"_blank\" rel=\"nofollow noopener\"><br \/>\n                <img decoding=\"async\" src=\"https:\/\/index.hu\/assets\/images\/konyvajanlo\/book_indapress\/book_indapress_logo.svg\" loading=\"lazy\" alt=\"Inda Press Kiad\u00f3\"\/><br \/>\n                <\/a><\/p>\n<p>                <img decoding=\"async\" src=\"https:\/\/www.europesays.com\/hu\/wp-content\/uploads\/2026\/08\/1788201727_809_til_csomag.png\" loading=\"lazy\" alt=\"Ma is tanultam valamit 1-2-3-4-5\"\/><\/p>\n<p>5 k\u00f6nyv <br \/>T\u00f6bb mint 600 megh\u00f6kkent\u0151, \u00e9rdekes \u00e9s tanuls\u00e1gos t\u00f6rt\u00e9net!<\/p>\n<p>                <a class=\"book_index_btn\" href=\"https:\/\/indexadhu.hit.gemius.pl\/hitredir\/id=nSCbubuYpDWJZLZs0TssLrbt33Lk5kbipuiZrkg89G3.g7\/stparam=pliqmprktv\/fastid=anwpipvcfueijhikdlguutjliikw\/nc=0\/url=https:\/\/www.indapresskiado.hu\/products\/ma-is-tanultam-valamit-1-2-3-4-5-konyvcsomag?_pos=6&amp;_psq=ma+is+tanultam&amp;_ss=e&amp;_v=1.0\" target=\"_blank\" rel=\"nofollow noopener\">MEGVESZEM<\/a><\/p>\n<p>    <img loading=\"lazy\" decoding=\"async\" src=\"https:\/\/www.europesays.com\/hu\/wp-content\/uploads\/2026\/08\/1788201729_327_nc=0.gif\" border=\"0\" height=\"0\" width=\"0\"\/><\/p>\n<p>    <img decoding=\"async\" src=\"https:\/\/index.hu\/assets\/images\/social-follow\/logo-big.svg\" alt=\"Index.hu logo\"\/><\/p>\n<p>K\u00f6vesse az Indexet Facebookon is!<\/p>\n<p>    <a href=\"https:\/\/facebook.com\/Indexhu\" target=\"_blank\" rel=\"nofollow noopener\"><\/p>\n<p>        K\u00f6vetem!<br \/>\n    <\/a><\/p>\n","protected":false},"excerpt":{"rendered":"Egy szupervulk\u00e1nt fedeztek fel Angli\u00e1ban a tud\u00f3sok, amely egymilli\u00f3 atombomba erej\u00e9vel, az Etna erej\u00e9nek t\u00f6bbezerszeres\u00e9vel t\u00f6rt ki.\u00a0A vulk\u00e1n&hellip;\n","protected":false},"author":2,"featured_media":227813,"comment_status":"","ping_status":"","sticky":false,"template":"","format":"standard","meta":{"footnotes":"","_share_on_mastodon":"0"},"categories":[8],"tags":[4871,44707,42,43,34,124,94,7076,93,92],"class_list":["post-227812","post","type-post","status-publish","format-standard","has-post-thumbnail","category-vilag","tag-anglia","tag-geologia","tag-hungarian","tag-magyar","tag-news","tag-tudomany","tag-vilag","tag-vulkan","tag-world","tag-world-news"],"share_on_mastodon":{"url":"https:\/\/pubeurope.com\/@hu\/117191596609650006","error":""},"_links":{"self":[{"href":"https:\/\/www.europesays.com\/hu\/wp-json\/wp\/v2\/posts\/227812","targetHints":{"allow":["GET"]}}],"collection":[{"href":"https:\/\/www.europesays.com\/hu\/wp-json\/wp\/v2\/posts"}],"about":[{"href":"https:\/\/www.europesays.com\/hu\/wp-json\/wp\/v2\/types\/post"}],"author":[{"embeddable":true,"href":"https:\/\/www.europesays.com\/hu\/wp-json\/wp\/v2\/users\/2"}],"replies":[{"embeddable":true,"href":"https:\/\/www.europesays.com\/hu\/wp-json\/wp\/v2\/comments?post=227812"}],"version-history":[{"count":0,"href":"https:\/\/www.europesays.com\/hu\/wp-json\/wp\/v2\/posts\/227812\/revisions"}],"wp:featuredmedia":[{"embeddable":true,"href":"https:\/\/www.europesays.com\/hu\/wp-json\/wp\/v2\/media\/227813"}],"wp:attachment":[{"href":"https:\/\/www.europesays.com\/hu\/wp-json\/wp\/v2\/media?parent=227812"}],"wp:term":[{"taxonomy":"category","embeddable":true,"href":"https:\/\/www.europesays.com\/hu\/wp-json\/wp\/v2\/categories?post=227812"},{"taxonomy":"post_tag","embeddable":true,"href":"https:\/\/www.europesays.com\/hu\/wp-json\/wp\/v2\/tags?post=227812"}],"curies":[{"name":"wp","href":"https:\/\/api.w.org\/{rel}","templated":true}]}}