{"id":227843,"date":"2026-08-31T19:20:10","date_gmt":"2026-08-31T19:20:10","guid":{"rendered":"https:\/\/www.europesays.com\/hu\/227843\/"},"modified":"2026-08-31T19:20:10","modified_gmt":"2026-08-31T19:20:10","slug":"telex-lionel-messi-visszavonult-az-argentin-valogatottol","status":"publish","type":"post","link":"https:\/\/www.europesays.com\/hu\/227843\/","title":{"rendered":"Telex: Lionel Messi visszavonult az argentin v\u00e1logatott\u00f3l"},"content":{"rendered":"<p>H\u00e9tf\u0151n <a href=\"https:\/\/www.instagram.com\/p\/DctWzhYxElg\/\" target=\"_blank\" rel=\"nofollow noopener\">az Instagramon jelentette be<\/a> Lionel Messi, hogy lemondta a v\u00e1logatotts\u00e1got, \u00edgy az argentin klasszis most m\u00e1r t\u00e9nyleg nem fog t\u00f6bbet p\u00e1ly\u00e1ra l\u00e9pni argentin sz\u00ednekben. Messi a posztj\u00e1ban azt \u00edrta, a most k\u00f6zz\u00e9tett \u00fczenetet m\u00e1r j\u00falius 21-\u00e9n, k\u00e9t nappal az elvesztett vb-d\u00f6nt\u0151 ut\u00e1n meg\u00edrta, azok ut\u00e1n pedig, hogy <a href=\"https:\/\/telex.hu\/sport\/2026\/08\/08\/lionel-messi-apja-meghalt-jorge-messi\" class=\"\" rel=\"nofollow noopener\" target=\"_blank\">az\u00f3ta meghalt az apja<\/a>, m\u00e9g biztosabb a d\u00f6nt\u00e9s\u00e9ben. Persze, mint \u00edrta, nem volt k\u00f6nny\u0171 meghozni, m\u00e9lyen f\u00e1j neki a visszavonul\u00e1s, de tudja, hogy elj\u00f6tt az id\u0151. K\u00e9s\u0151bb azt\u00e1n posztolt egy vide\u00f3t is, ami a v\u00e1logatottbeli p\u00e1lyafut\u00e1sa eml\u00e9kezetes pillanatait id\u00e9zi fel.<\/p>\n<p>\u201eM\u00e1r nincs h\u00e1tra sok id\u0151, fejezetek z\u00e1rulnak le, de ez egy olyan, ami m\u00e9lyen meg\u00e9rint. Mindig is im\u00e1dtam r\u00e9szese lenni a v\u00e1logatottnak, mindent beleadtam ebbe, \u00e9s most m\u00e1r nem tudok t\u00f6bbet adni. R\u00e1ad\u00e1sul vannak fantasztikus fiatal j\u00e1t\u00e9kosaink, akik meg\u00e9rdemlik a j\u00e1t\u00e9kperceket\u201d \u2013 \u00edrta Messi. Megk\u00f6sz\u00f6nte a szeretetet is, amit az elm\u00falt 20 \u00e9vben kapott a szurkol\u00f3kt\u00f3l, azt\u00e1n a csal\u00e1dj\u00e1nak, az edz\u0151inek \u00e9s a csapatt\u00e1rsainak is k\u00f6sz\u00f6netet mondott, \u00e9s azt \u00edrta, b\u00fcszk\u00e9n, hi\u00e1ny\u00e9rzet n\u00e9lk\u00fcl t\u00e1vozik.<\/p>\n<p>Messi 2016-ban egyszer m\u00e1r visszavonult a v\u00e1logatott\u00f3l, miut\u00e1n sorozatban harmadj\u00e1ra kaptak ki a d\u00f6nt\u0151ben egy nemzetk\u00f6zi torn\u00e1n, de v\u00e9g\u00fcl egy eg\u00e9sz Argent\u00edn\u00e1t megmozgat\u00f3 kamp\u00e1ny ut\u00e1n visszat\u00e9rt, \u00e9s a 2018-as vb-re m\u00e1r megint vele utazott a csapat. A tr\u00f3fe\u00e1k ezut\u00e1n sem j\u00f6ttek azonnal, 2021-ben azonban megszakadt a rossz sz\u00e9ria, \u00e9s megnyert\u00e9k a Copa Am\u00e9ric\u00e1t, 2022-ben pedig a Finalissim\u00e1n legy\u0151zt\u00e9k az olaszokat, azt\u00e1n <a href=\"https:\/\/telex.hu\/sport\/2022\/12\/19\/foci-vb-donto-franciaorszag-argentina-elemzes-kylian-mbappe-lionel-messi-didier-deschamp-lionel-scaloni\" class=\"\" rel=\"nofollow noopener\" target=\"_blank\">megnyert\u00e9k a katari vb-t is<\/a>. Id\u00e9n az amerikai vb-n megint d\u00f6nt\u0151ig jutottak, ahol <a href=\"https:\/\/telex.hu\/sport\/2026\/07\/20\/spanyolorszag-argentina-foci-vb-donto-osszefoglalo\" class=\"\" rel=\"nofollow noopener\" target=\"_blank\">a spanyolokt\u00f3l kaptak ki<\/a>.<\/p>\n<p>Lionel Messi 2005 \u00e9s 2026 k\u00f6z\u00f6tt 207 meccsen l\u00e9pett p\u00e1ly\u00e1ra a feln\u0151tt v\u00e1logatottban, ezeken \u00f6sszesen 125 g\u00f3lt l\u0151tt. Azt, hogy mennyire j\u00f3l tudta alak\u00edtani a j\u00e1t\u00e9k\u00e1t az egyre \u00f6reged\u0151 test\u00e9hez, j\u00f3l mutatja, hogy az idei vb-n nyolcszor tal\u00e1lt be, amivel a m\u00e1sodik legt\u00f6bb g\u00f3lt szerezte a torn\u00e1n, \u00e9s m\u00e1s statisztikai mutat\u00f3kban is rendre kiemelked\u0151en teljes\u00edtett. Mindezt \u00fagy, hogy <a href=\"https:\/\/telex.hu\/sport\/2026\/07\/17\/lionel-messi-seta-futas-adatok-foci-vb-2026\" class=\"\" rel=\"nofollow noopener\" target=\"_blank\">szinte alig futott, csak f\u00e9lelmetesen j\u00f3l helyezkedett<\/a>.<\/p>\n<p>\u00c9s ha m\u00e1r Messi a v\u00e1logatottban, akkor nem lehet kihagyni azt sem, hogy van n\u00e1la magyar vonatkoz\u00e1s, \u00e9lete els\u0151 v\u00e1logatott meccs\u00e9t pont Magyarorsz\u00e1g ellen j\u00e1tszotta 2005. augusztus 17-\u00e9n egy bar\u00e1ts\u00e1gos meccsen, ahol a becser\u00e9l\u00e9se ut\u00e1n szinte azonnal ki is \u00e1ll\u00edtott\u00e1k, miut\u00e1n vissza\u00fct\u00f6tt a mez\u00e9t r\u00e1ncig\u00e1l\u00f3 Vancz\u00e1k Vilmosnak. Az err\u0151l k\u00e9sz\u00fclt felv\u00e9telt <a href=\"https:\/\/youtu.be\/QCFQJdwNuNQ\" target=\"_blank\" rel=\"nofollow noopener\">itt lehet visszan\u00e9zni<\/a>.<\/p>\n<p><script async src=\"\/\/www.instagram.com\/embed.js\"><\/script><\/p>\n","protected":false},"excerpt":{"rendered":"H\u00e9tf\u0151n az Instagramon jelentette be Lionel Messi, hogy lemondta a v\u00e1logatotts\u00e1got, \u00edgy az argentin klasszis most m\u00e1r t\u00e9nyleg&hellip;\n","protected":false},"author":2,"featured_media":227844,"comment_status":"","ping_status":"","sticky":false,"template":"","format":"standard","meta":{"footnotes":"","_share_on_mastodon":"0"},"categories":[14],"tags":[1557,553,44,42,40,1981,43,41,45,131,5365,515],"class_list":["post-227843","post","type-post","status-publish","format-standard","has-post-thumbnail","category-sport","tag-argentina","tag-futball","tag-hu","tag-hungarian","tag-hungary","tag-lionel-messi","tag-magyar","tag-magyarorszag","tag-sport","tag-sports","tag-valogatott","tag-visszavonulas"],"share_on_mastodon":{"url":"https:\/\/pubeurope.com\/@hu\/117191745764530398","error":""},"_links":{"self":[{"href":"https:\/\/www.europesays.com\/hu\/wp-json\/wp\/v2\/posts\/227843","targetHints":{"allow":["GET"]}}],"collection":[{"href":"https:\/\/www.europesays.com\/hu\/wp-json\/wp\/v2\/posts"}],"about":[{"href":"https:\/\/www.europesays.com\/hu\/wp-json\/wp\/v2\/types\/post"}],"author":[{"embeddable":true,"href":"https:\/\/www.europesays.com\/hu\/wp-json\/wp\/v2\/users\/2"}],"replies":[{"embeddable":true,"href":"https:\/\/www.europesays.com\/hu\/wp-json\/wp\/v2\/comments?post=227843"}],"version-history":[{"count":0,"href":"https:\/\/www.europesays.com\/hu\/wp-json\/wp\/v2\/posts\/227843\/revisions"}],"wp:featuredmedia":[{"embeddable":true,"href":"https:\/\/www.europesays.com\/hu\/wp-json\/wp\/v2\/media\/227844"}],"wp:attachment":[{"href":"https:\/\/www.europesays.com\/hu\/wp-json\/wp\/v2\/media?parent=227843"}],"wp:term":[{"taxonomy":"category","embeddable":true,"href":"https:\/\/www.europesays.com\/hu\/wp-json\/wp\/v2\/categories?post=227843"},{"taxonomy":"post_tag","embeddable":true,"href":"https:\/\/www.europesays.com\/hu\/wp-json\/wp\/v2\/tags?post=227843"}],"curies":[{"name":"wp","href":"https:\/\/api.w.org\/{rel}","templated":true}]}}