{"id":227877,"date":"2026-08-31T19:54:08","date_gmt":"2026-08-31T19:54:08","guid":{"rendered":"https:\/\/www.europesays.com\/hu\/227877\/"},"modified":"2026-08-31T19:54:08","modified_gmt":"2026-08-31T19:54:08","slug":"index-gazdasag-megszunik-16-alapitvany-1284-milliard-forintnyi-kozvagyon-kerul-vissza-az-allamhoz","status":"publish","type":"post","link":"https:\/\/www.europesays.com\/hu\/227877\/","title":{"rendered":"Index &#8211; Gazdas\u00e1g &#8211; Megsz\u0171nik 16 alap\u00edtv\u00e1ny: 1284 milli\u00e1rd forintnyi k\u00f6zvagyon ker\u00fcl vissza az \u00e1llamhoz"},"content":{"rendered":"<p>Augusztus 31-\u00e9vel lez\u00e1rul 16, fels\u0151oktat\u00e1si tev\u00e9kenys\u00e9get nem v\u00e9gz\u0151 k\u00f6z\u00e9rdek\u0171 vagyonkezel\u0151 alap\u00edtv\u00e1ny (kekva) felsz\u00e1mol\u00e1sa \u2013 k\u00f6z\u00f6lte a korm\u00e1ny. A t\u00e1j\u00e9koztat\u00e1s szerint a kekv\u00e1k megsz\u00fcntet\u00e9s\u00e9vel legal\u00e1bb 1 billi\u00f3 284 milli\u00e1rd forint k\u00f6nyv szerinti \u00e9rt\u00e9k\u0171 k\u00f6zvagyon ker\u00fcl vissza k\u00f6zvetlen \u00e1llami ellen\u0151rz\u00e9s al\u00e1. A k\u00f6zlem\u00e9ny szerint ezzel \u201ev\u00e9get \u00e9r egy \u00e1tl\u00e1thatatlan rendszer\u201d, egy\u00fattal pedig \u201e<a href=\"https:\/\/index.hu\/belfold\/2026\/08\/31\/vitezy-david-europai-bizottsag-unio-forrasok-beruhazas-magyar-peter-tisza-kormany\/\" id=\"hyperlink_8b34ba71ca3d7ae96270d39190893d3e\" target=\"_blank\" title=\"\u201eEz f\u00e9rfimunka volt\u201d \u2013 megsz\u00fcletett az egyezs\u00e9g, j\u00f6nnek az uni\u00f3s milli\u00e1rdok\" rel=\"nofollow noopener\">egy fontos akad\u00e1ly is elh\u00e1rul az uni\u00f3s forr\u00e1sok hazahozatala el\u0151l<\/a>\u201d.<\/p>\n<p>A k\u00f6z\u00e9rdek\u0171 vagyonkezel\u0151 alap\u00edtv\u00e1nyok rendszer\u00e9t a korm\u00e1nyzati \u00f6sszegz\u00e9s szerint az el\u0151z\u0151 korm\u00e1ny \u00e9p\u00edtette ki: jelent\u0151s \u00e1llami vagyont \u00e9s az ezekr\u0151l sz\u00f3l\u00f3 d\u00f6nt\u00e9seket emelte ki a k\u00f6zvetlen \u00e1llami ellen\u0151rz\u00e9s al\u00f3l, \u00e9s <a href=\"https:\/\/index.hu\/belfold\/2026\/05\/24\/kekva-magyar-peter-kormany-alaptorveny-alkotmany-modositas-tisza-milliard\/\" id=\"hyperlink_26f1c199a671d6ca77c9fe54fc376c59\" target=\"_blank\" title=\"M\u00e1lnaszed\u0151 robotok, egy fantomegyetem \u00e9s 3000 milli\u00e1rd forint: 36 kekva, amelyeket most lefejezhetnek Magyar P\u00e9ter\u00e9k\" rel=\"nofollow noopener\">helyezte alap\u00edtv\u00e1nyi kurat\u00f3riumok kez\u00e9be<\/a>. A k\u00f6zlem\u00e9ny kifog\u00e1solja, hogy a konstrukci\u00f3 \u00fagy biztos\u00edtott hossz\u00fa t\u00e1v\u00fa \u00f6n\u00e1ll\u00f3s\u00e1got ezeknek a szervezeteknek, hogy k\u00f6zben hatalmas k\u00f6zvagyonnal gazd\u00e1lkodhattak \u2013 \u00edgy \u201eolyan konstrukci\u00f3 j\u00f6tt l\u00e9tre, amelyben jelent\u0151s k\u00f6zvagyonr\u00f3l egy korm\u00e1nyv\u00e1lt\u00e1s ut\u00e1n is a kor\u00e1bban kijel\u00f6lt test\u00fcletek d\u00f6nthettek&#8221;.<\/p>\n<p>A most megsz\u0171n\u0151 alap\u00edtv\u00e1nyok vezet\u00e9s\u00e9ben a k\u00f6zlem\u00e9ny szerint az el\u0151z\u0151 korm\u00e1nyzat t\u00f6bb meghat\u00e1roz\u00f3 szerepl\u0151je is helyet kapott. A k\u00f6zel 575 milli\u00e1rd forint k\u00f6nyv szerinti vagyon\u00fa <a href=\"https:\/\/index.hu\/belfold\/2026\/07\/06\/orban-balazs-fidesz-mcc-julius-megszunes-alapitvany\/\" id=\"hyperlink_a70af366d0112f724e2e1b07fc37b79c\" target=\"_blank\" title=\"J\u00falius v\u00e9g\u00e9n megsz\u0171nik az MCC alap\u00edtv\u00e1nya\" rel=\"nofollow noopener\">Mathias Corvinus Collegium Alap\u00edtv\u00e1ny<\/a> kurat\u00f3rium\u00e1t Orb\u00e1n Bal\u00e1zs vezette, a <a href=\"https:\/\/index.hu\/belfold\/2026\/06\/30\/kozerdeku-vagyonkezelo-alapitvany-kekva-magyar-peter-kuratorium-allami-vagyon-megszuntetes-csanyi-sandor-hernadi-zsolt\/\" id=\"hyperlink_bd62e190114362272c2ef54a9d8227fc\" target=\"_blank\" title=\"H\u00e1romezermilli\u00e1rd forint \u00e9rt\u00e9k\u0171 alap\u00edtv\u00e1nyi vagyont vesz vissza a Tisza-korm\u00e1ny\" rel=\"nofollow noopener\">J\u00f6v\u0151 Nemzed\u00e9k F\u00f6ldje Alap\u00edtv\u00e1ny\u00e9t<\/a> L\u00e1z\u00e1r J\u00e1nos, a <a href=\"https:\/\/index.hu\/belfold\/2026\/08\/28\/ader-janos-kek-bolygo-alapitvany-magyar-peter-tisza-koztarsasagi-elnok\/\" id=\"hyperlink_7f595d933e33c31deb2ca0dc2acc73a1\" target=\"_blank\" title=\"\u201eK\u00f6teless\u00e9gem ezt a csat\u00e1t megv\u00edvni\u201d \u2013 \u00c1der J\u00e1nos b\u00edr\u00f3s\u00e1ghoz fordul az alap\u00edtv\u00e1nya megsz\u00fcntet\u00e9se miatt\" rel=\"nofollow noopener\">K\u00e9k Bolyg\u00f3 Kl\u00edmav\u00e9delmi Alap\u00edtv\u00e1ny\u00e9t \u00c1der J\u00e1nos<\/a>, a <a href=\"https:\/\/index.hu\/kultur\/2026\/06\/02\/demeter-szilard-erdos-balazs-petofi-kulturalis-ugynokseg-pku-kinevezes\/\" id=\"hyperlink_1db516a5248db5fc5e9fbbfa78cec050\" target=\"_blank\" title=\"Megvan Demeter Szil\u00e1rd ut\u00f3dja, azonnal \u00e1tveszik az ir\u00e1ny\u00edt\u00e1st a Pet\u0151fi Kultur\u00e1lis \u00dcgyn\u00f6ks\u00e9gn\u00e9l\" rel=\"nofollow noopener\">Magyar Kult\u00far\u00e1\u00e9rt Alap\u00edtv\u00e1ny\u00e9t<\/a> pedig Demeter Szil\u00e1rd.<\/p>\n<p>                        H\u00e1rom alap\u00edtv\u00e1ny adja ki a vagyon h\u00e1romnegyed\u00e9t<\/p>\n<p>Az \u00e1llamra \u00e1tsz\u00e1ll\u00f3 vagyon \u00f6sszet\u00e9tel\u00e9t a korm\u00e1ny n\u00e9gy nagyobb t\u00e9telre bontotta. T\u00f6bb mint 845 milli\u00e1rd forintot v\u00e1llalati r\u00e9szesed\u00e9sek tesznek ki, k\u00f6zel 162 milli\u00e1rdot p\u00e9nzeszk\u00f6z\u00f6k, 89 milli\u00e1rdot \u00e9rt\u00e9kpap\u00edrok, csaknem 88 milli\u00e1rdot pedig ingatlanok.<\/p>\n<p>Az alap\u00edtv\u00e1nyok k\u00f6z\u00fcl a legnagyobb vagyont az <a href=\"https:\/\/index.hu\/belfold\/2026\/06\/29\/kekva-kormany-miniszter-magyar-kozlony-kormanyhatarozat\/\" id=\"hyperlink_d3bfd9fd75373480f28a7fe25f660c03\" target=\"_blank\" title=\"Imm\u00e1r Ruff B\u00e1lint az MCC f\u0151n\u00f6ke\" rel=\"nofollow noopener\">MCC Alap\u00edtv\u00e1ny<\/a> kezelte, k\u00f6zel 575 milli\u00e1rd forint k\u00f6nyv szerinti \u00e9rt\u00e9kben. A <a href=\"https:\/\/index.hu\/gazdasag\/2026\/06\/19\/mol-alapitvany-koltsegvetesi-csalas-tamogatas-nyomozas\/\" id=\"hyperlink_897c161b60de55b1c545ca9a9ebe19a6\" target=\"_blank\" title=\"K\u00f6lts\u00e9gvet\u00e9si csal\u00e1s miatt nyomoz\u00e1s indult a Mol alap\u00edtv\u00e1ny\u00e1n\u00e1l\" rel=\"nofollow noopener\">MOL-\u00daj Eur\u00f3pa Alap\u00edtv\u00e1ny<\/a> vagyona meghaladja a 262 milli\u00e1rd, a J\u00f6v\u0151 Nemzed\u00e9k F\u00f6ldje Alap\u00edtv\u00e1ny\u00e9 pedig megk\u00f6zel\u00edti a 108 milli\u00e1rd forintot. A k\u00f6zlem\u00e9ny kiemeli, hogy ez a h\u00e1rom alap\u00edtv\u00e1ny egy\u00fctt az \u00e1llamra \u00e1tsz\u00e1ll\u00f3 vagyon mintegy h\u00e1romnegyed\u00e9t kezelte.<\/p>\n<p>A korm\u00e1ny szerint az \u00e1talak\u00edt\u00e1s nem \u00e9rinti h\u00e1tr\u00e1nyosan az \u00e9rintett szervezetek t\u00e9nyleges tev\u00e9kenys\u00e9g\u00e9t: a <a href=\"https:\/\/index.hu\/gazdasag\/2026\/07\/15\/kekva-magyar-peter-kormany-magyar-kozlony-megszunes\/\" id=\"hyperlink_6775a6b62b77989506b9a32d98377374\" target=\"_blank\" title=\"Magyar P\u00e9ter al\u00e1\u00edrta a d\u00f6nt\u00e9st, elkezd\u0151d\u00f6tt az Orb\u00e1n-korszak ut\u00e1n a vagyon\u00e1trendez\u0151d\u00e9s\" rel=\"nofollow noopener\">sz\u00fcks\u00e9ges programok \u00e9s szolg\u00e1ltat\u00e1sok tov\u00e1bb m\u0171k\u00f6dnek<\/a>, mik\u00f6zben megsz\u00fcntethet\u0151k \u201ea felesleges p\u00e1rhuzamoss\u00e1gok \u00e9s indokolatlan szervezeti strukt\u00far\u00e1k\u201d. A k\u00f6zlem\u00e9ny z\u00e1r\u00e1sa szerint az \u00e1llamra visszasz\u00e1ll\u00f3 vagyonn\u00e1l \u201eism\u00e9t vil\u00e1gos lesz, ki felel \u00e9rte, ki d\u00f6nt a felhaszn\u00e1l\u00e1s\u00e1r\u00f3l, \u00e9s mire ford\u00edtj\u00e1k\u201d.<\/p>\n<p><a href=\"https:\/\/dex.hu\/x.php?id=googlepref_desktop&amp;url=https:\/\/google.com\/preferences\/source?q=https:\/\/index.hu\" class=\"google-pref-banner \" id=\"googlePrefBanner\" rel=\"nofollow noopener\" target=\"_blank\"><\/p>\n<p>    Itt \u00e1ll\u00edtsa be, hogy az Index az els\u0151k k\u00f6z\u00f6tt legyen a Google-tal\u00e1latokban!<\/p>\n<p><\/a><\/p>\n<p>    <img decoding=\"async\" src=\"https:\/\/index.hu\/assets\/images\/social-follow\/logo-big.svg\" alt=\"Index.hu logo\"\/><\/p>\n<p>K\u00f6vesse az Indexet Facebookon is!<\/p>\n<p>    <a href=\"https:\/\/facebook.com\/Indexhu\" target=\"_blank\" rel=\"nofollow noopener\"><\/p>\n<p>        K\u00f6vetem!<br \/>\n    <\/a><\/p>\n","protected":false},"excerpt":{"rendered":"Augusztus 31-\u00e9vel lez\u00e1rul 16, fels\u0151oktat\u00e1si tev\u00e9kenys\u00e9get nem v\u00e9gz\u0151 k\u00f6z\u00e9rdek\u0171 vagyonkezel\u0151 alap\u00edtv\u00e1ny (kekva) felsz\u00e1mol\u00e1sa \u2013 k\u00f6z\u00f6lte a korm\u00e1ny. A&hellip;\n","protected":false},"author":2,"featured_media":227878,"comment_status":"","ping_status":"","sticky":false,"template":"","format":"standard","meta":{"footnotes":"","_share_on_mastodon":"0"},"categories":[33],"tags":[4954,152,38,63,35,37,44,42,40,24845,38167,43,41,4968,4211,34,36,39],"class_list":["post-227877","post","type-post","status-publish","format-standard","has-post-thumbnail","category-hirek","tag-alapitvany","tag-ce-napi","tag-focimek","tag-gazdasag","tag-headlines","tag-hirek","tag-hu","tag-hungarian","tag-hungary","tag-kekva","tag-kozvagyon","tag-magyar","tag-magyarorszag","tag-mcc","tag-megszunes","tag-news","tag-top-stories","tag-vezeto-hirek"],"share_on_mastodon":{"url":"https:\/\/pubeurope.com\/@hu\/117191879460177862","error":""},"_links":{"self":[{"href":"https:\/\/www.europesays.com\/hu\/wp-json\/wp\/v2\/posts\/227877","targetHints":{"allow":["GET"]}}],"collection":[{"href":"https:\/\/www.europesays.com\/hu\/wp-json\/wp\/v2\/posts"}],"about":[{"href":"https:\/\/www.europesays.com\/hu\/wp-json\/wp\/v2\/types\/post"}],"author":[{"embeddable":true,"href":"https:\/\/www.europesays.com\/hu\/wp-json\/wp\/v2\/users\/2"}],"replies":[{"embeddable":true,"href":"https:\/\/www.europesays.com\/hu\/wp-json\/wp\/v2\/comments?post=227877"}],"version-history":[{"count":0,"href":"https:\/\/www.europesays.com\/hu\/wp-json\/wp\/v2\/posts\/227877\/revisions"}],"wp:featuredmedia":[{"embeddable":true,"href":"https:\/\/www.europesays.com\/hu\/wp-json\/wp\/v2\/media\/227878"}],"wp:attachment":[{"href":"https:\/\/www.europesays.com\/hu\/wp-json\/wp\/v2\/media?parent=227877"}],"wp:term":[{"taxonomy":"category","embeddable":true,"href":"https:\/\/www.europesays.com\/hu\/wp-json\/wp\/v2\/categories?post=227877"},{"taxonomy":"post_tag","embeddable":true,"href":"https:\/\/www.europesays.com\/hu\/wp-json\/wp\/v2\/tags?post=227877"}],"curies":[{"name":"wp","href":"https:\/\/api.w.org\/{rel}","templated":true}]}}