{"id":227897,"date":"2026-08-31T20:16:06","date_gmt":"2026-08-31T20:16:06","guid":{"rendered":"https:\/\/www.europesays.com\/hu\/227897\/"},"modified":"2026-08-31T20:16:06","modified_gmt":"2026-08-31T20:16:06","slug":"telex-a-liverpool-leigazolta-a-psg-tol-bradley-barcolat","status":"publish","type":"post","link":"https:\/\/www.europesays.com\/hu\/227897\/","title":{"rendered":"Telex: A Liverpool leigazolta a PSG-t\u0151l Bradley Barcol\u00e1t"},"content":{"rendered":"<p>A Liverpool id\u00e9n is giga\u00fczlettel z\u00e1rta az \u00e1tigazol\u00e1si szezont, az elm\u00falt hetek pletyk\u00e1i ut\u00e1n az angol klub leigazolta a Paris Saint-Germain francia sz\u00e9ls\u0151j\u00e9t, Bradley Barcol\u00e1t. A jelenlegi inform\u00e1ci\u00f3k szerint a 106 milli\u00f3 fontot fizettek a p\u00e1rizsiaknak, de a 17 milli\u00f3 fontos b\u00f3nusszal egy\u00fctt ez 123 milli\u00f3ig is felk\u00faszhat, amivel <a href=\"https:\/\/telex.hu\/sport\/2025\/09\/01\/liverpool-leigazolta-alexander-isak-premier-league-atigazolasi-rekord\" class=\"\" rel=\"nofollow noopener\" target=\"_blank\">a tavaly igazolt Alexander Isak<\/a> m\u00f6g\u00f6tt Barcola lenne a Liverpool valaha volt m\u00e1sodik legdr\u00e1g\u00e1bb j\u00e1t\u00e9kosa. A francia j\u00e1t\u00e9kos azt mondta, nagyon boldog, hogy a Liverpool j\u00e1t\u00e9kosa lehet, \u00e9s nagy dolgokat szeretne el\u00e9rni a csapattal, az angol bajnoks\u00e1g megnyer\u00e9se pedig az egyik legnagyobb \u00e1lma.<\/p>\n<p>A 23 \u00e9ves francia sz\u00e9ls\u0151 2023-ban igazolt a PSG-hez a Lyont\u00f3l, ahol az\u00f3ta majdnem mindent megnyert, amit lehetett, az el\u0151z\u0151 k\u00e9t \u00e9vben pedig a BL-ben is dupl\u00e1zott a csapattal. Barcola 88 meccsen 29 g\u00f3lt szerzett a p\u00e1rizsiakn\u00e1l, de ahogy az l\u00e1tszik is, a csapat bivalyer\u0151s t\u00e1mad\u00f3sor\u00e1ban gyakran nem kapott lehet\u0151s\u00e9get, a bal sz\u00e9len \u00e1ltal\u00e1ban a gr\u00faz Hvicsa Kvarachelia ker\u00fclt a p\u00e1ly\u00e1ra, ahogy D\u00e9sir\u00e9 Dou\u00e9 \u00e9s Ousmane Demb\u00e9l\u00e9 is tettek r\u00f3la, hogy ne legyen b\u00e9relt helye a kezd\u0151ben. Luis Enrique r\u00e1ad\u00e1sul ismert arr\u00f3l, hogy a legnagyobb szt\u00e1rjait is sim\u00e1n le\u00fclteti, ha \u00fagy \u00e9rzi, nem adnak bele mindent.<\/p>\n<p>Barcola viszont ett\u0151l m\u00e9g egy elit j\u00e1t\u00e9kos, aki az eur\u00f3pai topcsapatok nagy r\u00e9sz\u00e9n\u00e9l stabil kezd\u0151 lenne, a Liverpool pedig azok ut\u00e1n, hogy lemaradt Yan Diomand\u00e9r\u00f3l, aki a Real Madridhoz igazolt, el\u00e9g egy\u00e9rtelm\u0171v\u00e9 tette, hogy r\u00e1 fog menni a fiatal franci\u00e1ra. Ez most meg is t\u00f6rt\u00e9nt, a spanyol sz\u00e9ls\u0151 V\u00edctor Mu\u00f1oz \u00e9s h\u00e1rom v\u00e9d\u0151, Jeremy Jacquet, Ronald Araujo \u00e9s Ifeanyi Ndukwe ut\u00e1n \u00fajabb igazol\u00e1ssal er\u0151s\u00edtette a t\u00e1mad\u00f3sor\u00e1t. Barcola \u00e9rkez\u00e9se egy\u00e9bk\u00e9nt logikus is, hiszen <a href=\"https:\/\/telex.hu\/sport\/2026\/03\/25\/mohamed-szalah-9-szezon-liverpool-legenda-meltatas\" class=\"\" rel=\"nofollow noopener\" target=\"_blank\">Mohamed Szal\u00e1h t\u00e1vozott a ny\u00e1ron<\/a>, Hugo Ekitike pedig legkor\u00e1bban kar\u00e1csony k\u00f6rny\u00e9k\u00e9n t\u00e9rhet majd vissza, miut\u00e1n \u00e1prilisban elszakadt az Achillese.<\/p>\n<p>Ezzel az igazol\u00e1ssal az is sokkal val\u00f3sz\u00edn\u0171bb\u00e9 v\u00e1lt, hogy a Liverpool t\u00e9nyleg eladja majd a holland Cody Gakp\u00f3t, aki ugyan az idei szezont nem kezdte rosszul \u2013 k\u00e9t meccsen m\u00e1r van egy g\u00f3lja \u00e9s egy g\u00f3lpassza is \u2013, tavaly viszont csak h\u00e9t g\u00f3lig \u00e9s \u00f6t g\u00f3lpasszig jutott a bajnoks\u00e1gban. Az elm\u00falt id\u0151szakban k\u00e9t komolyabb k\u00e9r\u0151t emlegettek vele kapcsolatban, az egyik a Tottenham, a m\u00e1sik pedig a Manchester City volt, most \u00fagy n\u00e9z ki, hogy ink\u00e1bb a City lehet majd a befut\u00f3. A holland j\u00e1t\u00e9kos \u00e1ll\u00edt\u00f3lag m\u00e1r meg is egyezett vel\u00fck a szem\u00e9lyes felt\u00e9telekben, \u00edgy, ha minden igaz, m\u00e1r csak egy olyan \u00e1rat kell tal\u00e1lni, ami a Liverpoolnak is tetszik.<\/p>\n","protected":false},"excerpt":{"rendered":"A Liverpool id\u00e9n is giga\u00fczlettel z\u00e1rta az \u00e1tigazol\u00e1si szezont, az elm\u00falt hetek pletyk\u00e1i ut\u00e1n az angol klub leigazolta&hellip;\n","protected":false},"author":2,"featured_media":227898,"comment_status":"","ping_status":"","sticky":false,"template":"","format":"standard","meta":{"footnotes":"","_share_on_mastodon":"0"},"categories":[14],"tags":[47173,553,44,42,40,33330,1028,43,41,698,45,131],"class_list":["post-227897","post","type-post","status-publish","format-standard","has-post-thumbnail","category-sport","tag-bradley-barcola","tag-futball","tag-hu","tag-hungarian","tag-hungary","tag-igazolas","tag-liverpool","tag-magyar","tag-magyarorszag","tag-premier-league","tag-sport","tag-sports"],"share_on_mastodon":{"url":"https:\/\/pubeurope.com\/@hu\/117191965557361904","error":""},"_links":{"self":[{"href":"https:\/\/www.europesays.com\/hu\/wp-json\/wp\/v2\/posts\/227897","targetHints":{"allow":["GET"]}}],"collection":[{"href":"https:\/\/www.europesays.com\/hu\/wp-json\/wp\/v2\/posts"}],"about":[{"href":"https:\/\/www.europesays.com\/hu\/wp-json\/wp\/v2\/types\/post"}],"author":[{"embeddable":true,"href":"https:\/\/www.europesays.com\/hu\/wp-json\/wp\/v2\/users\/2"}],"replies":[{"embeddable":true,"href":"https:\/\/www.europesays.com\/hu\/wp-json\/wp\/v2\/comments?post=227897"}],"version-history":[{"count":0,"href":"https:\/\/www.europesays.com\/hu\/wp-json\/wp\/v2\/posts\/227897\/revisions"}],"wp:featuredmedia":[{"embeddable":true,"href":"https:\/\/www.europesays.com\/hu\/wp-json\/wp\/v2\/media\/227898"}],"wp:attachment":[{"href":"https:\/\/www.europesays.com\/hu\/wp-json\/wp\/v2\/media?parent=227897"}],"wp:term":[{"taxonomy":"category","embeddable":true,"href":"https:\/\/www.europesays.com\/hu\/wp-json\/wp\/v2\/categories?post=227897"},{"taxonomy":"post_tag","embeddable":true,"href":"https:\/\/www.europesays.com\/hu\/wp-json\/wp\/v2\/tags?post=227897"}],"curies":[{"name":"wp","href":"https:\/\/api.w.org\/{rel}","templated":true}]}}